{"id":7673,"date":"2015-10-28T13:26:10","date_gmt":"2015-10-28T12:26:10","guid":{"rendered":"http:\/\/wamabi.be\/site\/?p=7673"},"modified":"2025-09-10T14:34:14","modified_gmt":"2025-09-10T13:34:14","slug":"festival-bila-elfes-dragons","status":"publish","type":"post","link":"https:\/\/wamabi.be\/site\/festival-bila-elfes-dragons\/","title":{"rendered":"FESTIVAL BILA &#8211; Elfes &#038; dragons"},"content":{"rendered":"<p><strong>Les biblioth\u00e8ques de Waimes et Malmedy participent au festival Bila Elfes &amp; dragons, le grand festival des litt\u00e9ratures d&rsquo;aventures qui se d\u00e9roule durant tout le mois de novembre 2015 partout dans la F\u00e9d\u00e9ration Wallonie-Bruxelles. Au programme sur nos communes: des contes Halloween et une exposition anim\u00e9e.<\/strong><\/p>\n<p><a href=\"http:\/\/wamabi.be\/site\/wp-content\/festivalBILA.jpg\"><img loading=\"lazy\" decoding=\"async\" class=\"alignnone size-medium wp-image-7675\" src=\"http:\/\/wamabi.be\/site\/wp-content\/festivalBILA-212x300.jpg\" alt=\"festivalBILA\" width=\"212\" height=\"300\" srcset=\"https:\/\/wamabi.be\/site\/wp-content\/festivalBILA-212x300.jpg 212w, https:\/\/wamabi.be\/site\/wp-content\/festivalBILA.jpg 722w\" sizes=\"auto, (max-width: 212px) 100vw, 212px\" \/><\/a><\/p>\n<p><strong>Vendredi 30 octobre, \u00e0 19h30:<\/strong><br \/>\n<em>\u2022\u00a0<a href=\"http:\/\/wamabi.be\/site\/?p=7602\" target=\"_blank\">Les sortil\u00e8ges de Sama\u00efn: contes Halloween<\/a> par <a href=\"http:\/\/www.cindy-sneessens.be\/\" target=\"_blank\">Cindy Sneessens<\/a><\/em><br \/>\nLa nuit de Sama\u00efn, les portes de l\u2019Autre-Monde s\u2019ouvrent\u2026<br \/>\nLieu :\u00a0\u00a0Biblioth\u00e8que de Sourbrodt (rue de Botrange 36 \u2013 4950 Waimes)<br \/>\nContact : \u2013 bc.waimes@<span class=\"skimlinks-unlinked\">skynet.be<\/span><\/p>\n<p><strong>Du 30 octobre au 24 janvier:<\/strong><br \/>\n\u2022 \u00a0<em>L\u2019\u0153il noir du dragon Karag\u00f6z: une animation cr\u00e9\u00e9e au d\u00e9part de la l\u00e9gende du dragon malm\u00e9dien et de l\u2019exposition <a href=\"http:\/\/www.malmundarium.be\/agenda.html\" target=\"_blank\">Karag\u00f6z , l&rsquo;art des ombres<\/a> (<a href=\"http:\/\/europalia.eu\/fr\/article\/karagoz_645.html\" target=\"_blank\">Europalia<\/a>).<\/em><br \/>\nAnimations pour groupes sur r\u00e9servation ()<br \/>\nLieu : Malmundarium (Place du Ch\u00e2telet 9 \u2013 4960 Malmedy)<br \/>\nContact : \u2013 malmedy@<span class=\"skimlinks-unlinked\">wamabi.be<\/span> \u2013 waimes@<span class=\"skimlinks-unlinked\">wamabi.be<\/span><\/p>\n<p>Plus d&rsquo;infos et d&rsquo;animations sur www.festivalbila.org<\/p>\n<p>Une organisation de la <a href=\"http:\/\/www.chaudfontaine.be\/\" target=\"_blank\"> BiLA<\/a>, Biblioth\u00e8que des Litt\u00e9ratures d\u2019Aventures (Centre S. A. Steeman de la f\u00e9d\u00e9ration Wallonie-Bruxelles et de la commune de Chaudfontaine).<\/p>\n","protected":false},"excerpt":{"rendered":"<p>Les biblioth\u00e8ques de Waimes et Malmedy participent au festival Bila Elfes &amp; dragons, le grand festival des litt\u00e9ratures d&rsquo;aventures qui se d\u00e9roule durant tout le mois de novembre 2015 partout dans la F\u00e9d\u00e9ration Wallonie-Bruxelles. Au programme sur nos communes: des contes Halloween et une exposition anim\u00e9e. Vendredi 30 octobre, \u00e0 19h30: \u2022\u00a0Les sortil\u00e8ges de Sama\u00efn: [&hellip;]<\/p>\n","protected":false},"author":14,"featured_media":0,"comment_status":"open","ping_status":"open","sticky":false,"template":"","format":"standard","meta":{"_seopress_robots_primary_cat":"","_seopress_titles_title":"","_seopress_titles_desc":"","_seopress_robots_index":"","footnotes":""},"categories":[1],"tags":[240,355,27,415,193],"class_list":{"0":"post-7673","1":"post","2":"type-post","3":"status-publish","4":"format-standard","6":"category-non-classe","7":"tag-animation","8":"tag-bila","9":"tag-contes","10":"tag-dragon","11":"tag-exposition","12":"czr-hentry"},"yoast_head":"<!-- This site is optimized with the Yoast SEO plugin v27.5 - https:\/\/yoast.com\/product\/yoast-seo-wordpress\/ -->\n<title>FESTIVAL BILA - Elfes &amp; dragons - Wamabi<\/title>\n<meta name=\"robots\" content=\"index, follow, max-snippet:-1, max-image-preview:large, max-video-preview:-1\" \/>\n<link rel=\"canonical\" href=\"https:\/\/wamabi.be\/site\/festival-bila-elfes-dragons\/\" \/>\n<meta property=\"og:locale\" content=\"fr_FR\" \/>\n<meta property=\"og:type\" content=\"article\" \/>\n<meta property=\"og:title\" content=\"FESTIVAL BILA - Elfes &amp; dragons - Wamabi\" \/>\n<meta property=\"og:description\" content=\"Les biblioth\u00e8ques de Waimes et Malmedy participent au festival Bila Elfes &amp; dragons, le grand festival des litt\u00e9ratures d&rsquo;aventures qui se d\u00e9roule durant tout le mois de novembre 2015 partout dans la F\u00e9d\u00e9ration Wallonie-Bruxelles. Au programme sur nos communes: des contes Halloween et une exposition anim\u00e9e. Vendredi 30 octobre, \u00e0 19h30: \u2022\u00a0Les sortil\u00e8ges de Sama\u00efn: [&hellip;]\" \/>\n<meta property=\"og:url\" content=\"https:\/\/wamabi.be\/site\/festival-bila-elfes-dragons\/\" \/>\n<meta property=\"og:site_name\" content=\"Wamabi\" \/>\n<meta property=\"article:published_time\" content=\"2015-10-28T12:26:10+00:00\" \/>\n<meta property=\"article:modified_time\" content=\"2025-09-10T13:34:14+00:00\" \/>\n<meta property=\"og:image\" content=\"https:\/\/wamabi.be\/site\/wp-content\/festivalBILA.jpg\" \/>\n\t<meta property=\"og:image:width\" content=\"722\" \/>\n\t<meta property=\"og:image:height\" content=\"1024\" \/>\n\t<meta property=\"og:image:type\" content=\"image\/jpeg\" \/>\n<meta name=\"author\" content=\"Fred\" \/>\n<meta name=\"twitter:card\" content=\"summary_large_image\" \/>\n<meta name=\"twitter:label1\" content=\"\u00c9crit par\" \/>\n\t<meta name=\"twitter:data1\" content=\"Fred\" \/>\n\t<meta name=\"twitter:label2\" content=\"Dur\u00e9e de lecture estim\u00e9e\" \/>\n\t<meta name=\"twitter:data2\" content=\"1 minute\" \/>\n<script type=\"application\/ld+json\" class=\"yoast-schema-graph\">{\"@context\":\"https:\\\/\\\/schema.org\",\"@graph\":[{\"@type\":\"Article\",\"@id\":\"https:\\\/\\\/wamabi.be\\\/site\\\/festival-bila-elfes-dragons\\\/#article\",\"isPartOf\":{\"@id\":\"https:\\\/\\\/wamabi.be\\\/site\\\/festival-bila-elfes-dragons\\\/\"},\"author\":{\"name\":\"Fred\",\"@id\":\"https:\\\/\\\/wamabi.be\\\/site\\\/#\\\/schema\\\/person\\\/d215542c812823ee78920d76e619749c\"},\"headline\":\"FESTIVAL BILA &#8211; Elfes &#038; dragons\",\"datePublished\":\"2015-10-28T12:26:10+00:00\",\"dateModified\":\"2025-09-10T13:34:14+00:00\",\"mainEntityOfPage\":{\"@id\":\"https:\\\/\\\/wamabi.be\\\/site\\\/festival-bila-elfes-dragons\\\/\"},\"wordCount\":192,\"commentCount\":0,\"publisher\":{\"@id\":\"https:\\\/\\\/wamabi.be\\\/site\\\/#organization\"},\"image\":{\"@id\":\"https:\\\/\\\/wamabi.be\\\/site\\\/festival-bila-elfes-dragons\\\/#primaryimage\"},\"thumbnailUrl\":\"http:\\\/\\\/wamabi.be\\\/site\\\/wp-content\\\/festivalBILA-212x300.jpg\",\"keywords\":[\"Animation\",\"BILA\",\"Contes\",\"Dragon\",\"Exposition\"],\"inLanguage\":\"fr-FR\",\"potentialAction\":[{\"@type\":\"CommentAction\",\"name\":\"Comment\",\"target\":[\"https:\\\/\\\/wamabi.be\\\/site\\\/festival-bila-elfes-dragons\\\/#respond\"]}]},{\"@type\":\"WebPage\",\"@id\":\"https:\\\/\\\/wamabi.be\\\/site\\\/festival-bila-elfes-dragons\\\/\",\"url\":\"https:\\\/\\\/wamabi.be\\\/site\\\/festival-bila-elfes-dragons\\\/\",\"name\":\"FESTIVAL BILA - Elfes & dragons - Wamabi\",\"isPartOf\":{\"@id\":\"https:\\\/\\\/wamabi.be\\\/site\\\/#website\"},\"primaryImageOfPage\":{\"@id\":\"https:\\\/\\\/wamabi.be\\\/site\\\/festival-bila-elfes-dragons\\\/#primaryimage\"},\"image\":{\"@id\":\"https:\\\/\\\/wamabi.be\\\/site\\\/festival-bila-elfes-dragons\\\/#primaryimage\"},\"thumbnailUrl\":\"http:\\\/\\\/wamabi.be\\\/site\\\/wp-content\\\/festivalBILA-212x300.jpg\",\"datePublished\":\"2015-10-28T12:26:10+00:00\",\"dateModified\":\"2025-09-10T13:34:14+00:00\",\"breadcrumb\":{\"@id\":\"https:\\\/\\\/wamabi.be\\\/site\\\/festival-bila-elfes-dragons\\\/#breadcrumb\"},\"inLanguage\":\"fr-FR\",\"potentialAction\":[{\"@type\":\"ReadAction\",\"target\":[\"https:\\\/\\\/wamabi.be\\\/site\\\/festival-bila-elfes-dragons\\\/\"]}]},{\"@type\":\"ImageObject\",\"inLanguage\":\"fr-FR\",\"@id\":\"https:\\\/\\\/wamabi.be\\\/site\\\/festival-bila-elfes-dragons\\\/#primaryimage\",\"url\":\"https:\\\/\\\/wamabi.be\\\/site\\\/wp-content\\\/festivalBILA.jpg\",\"contentUrl\":\"https:\\\/\\\/wamabi.be\\\/site\\\/wp-content\\\/festivalBILA.jpg\",\"width\":722,\"height\":1024},{\"@type\":\"BreadcrumbList\",\"@id\":\"https:\\\/\\\/wamabi.be\\\/site\\\/festival-bila-elfes-dragons\\\/#breadcrumb\",\"itemListElement\":[{\"@type\":\"ListItem\",\"position\":1,\"name\":\"Accueil\",\"item\":\"https:\\\/\\\/wamabi.be\\\/site\\\/\"},{\"@type\":\"ListItem\",\"position\":2,\"name\":\"FESTIVAL BILA &#8211; Elfes &#038; dragons\"}]},{\"@type\":\"WebSite\",\"@id\":\"https:\\\/\\\/wamabi.be\\\/site\\\/#website\",\"url\":\"https:\\\/\\\/wamabi.be\\\/site\\\/\",\"name\":\"Wamabi\",\"description\":\"Wamabi - Biblioth\u00e8ques de Waimes et de Malmedy\",\"publisher\":{\"@id\":\"https:\\\/\\\/wamabi.be\\\/site\\\/#organization\"},\"potentialAction\":[{\"@type\":\"SearchAction\",\"target\":{\"@type\":\"EntryPoint\",\"urlTemplate\":\"https:\\\/\\\/wamabi.be\\\/site\\\/?s={search_term_string}\"},\"query-input\":{\"@type\":\"PropertyValueSpecification\",\"valueRequired\":true,\"valueName\":\"search_term_string\"}}],\"inLanguage\":\"fr-FR\"},{\"@type\":\"Organization\",\"@id\":\"https:\\\/\\\/wamabi.be\\\/site\\\/#organization\",\"name\":\"Wamabi\",\"url\":\"https:\\\/\\\/wamabi.be\\\/site\\\/\",\"logo\":{\"@type\":\"ImageObject\",\"inLanguage\":\"fr-FR\",\"@id\":\"https:\\\/\\\/wamabi.be\\\/site\\\/#\\\/schema\\\/logo\\\/image\\\/\",\"url\":\"https:\\\/\\\/wamabi.be\\\/site\\\/wp-content\\\/cropped-cropped-Dragon-noir-et-blanc-transparent-carre-1.png\",\"contentUrl\":\"https:\\\/\\\/wamabi.be\\\/site\\\/wp-content\\\/cropped-cropped-Dragon-noir-et-blanc-transparent-carre-1.png\",\"width\":2321,\"height\":2321,\"caption\":\"Wamabi\"},\"image\":{\"@id\":\"https:\\\/\\\/wamabi.be\\\/site\\\/#\\\/schema\\\/logo\\\/image\\\/\"}},{\"@type\":\"Person\",\"@id\":\"https:\\\/\\\/wamabi.be\\\/site\\\/#\\\/schema\\\/person\\\/d215542c812823ee78920d76e619749c\",\"name\":\"Fred\",\"image\":{\"@type\":\"ImageObject\",\"inLanguage\":\"fr-FR\",\"@id\":\"https:\\\/\\\/secure.gravatar.com\\\/avatar\\\/fc672c5d32dec8b323e48becfe5a966d7d87b500bc73ae1712919ac83cddfea3?s=96&d=mm&r=g\",\"url\":\"https:\\\/\\\/secure.gravatar.com\\\/avatar\\\/fc672c5d32dec8b323e48becfe5a966d7d87b500bc73ae1712919ac83cddfea3?s=96&d=mm&r=g\",\"contentUrl\":\"https:\\\/\\\/secure.gravatar.com\\\/avatar\\\/fc672c5d32dec8b323e48becfe5a966d7d87b500bc73ae1712919ac83cddfea3?s=96&d=mm&r=g\",\"caption\":\"Fred\"},\"sameAs\":[\"http:\\\/\\\/www.wamabi.be\\\/\"],\"url\":\"https:\\\/\\\/wamabi.be\\\/site\\\/author\\\/fred\\\/\"}]}<\/script>\n<!-- \/ Yoast SEO plugin. -->","yoast_head_json":{"title":"FESTIVAL BILA - Elfes & dragons - Wamabi","robots":{"index":"index","follow":"follow","max-snippet":"max-snippet:-1","max-image-preview":"max-image-preview:large","max-video-preview":"max-video-preview:-1"},"canonical":"https:\/\/wamabi.be\/site\/festival-bila-elfes-dragons\/","og_locale":"fr_FR","og_type":"article","og_title":"FESTIVAL BILA - Elfes & dragons - Wamabi","og_description":"Les biblioth\u00e8ques de Waimes et Malmedy participent au festival Bila Elfes &amp; dragons, le grand festival des litt\u00e9ratures d&rsquo;aventures qui se d\u00e9roule durant tout le mois de novembre 2015 partout dans la F\u00e9d\u00e9ration Wallonie-Bruxelles. Au programme sur nos communes: des contes Halloween et une exposition anim\u00e9e. Vendredi 30 octobre, \u00e0 19h30: \u2022\u00a0Les sortil\u00e8ges de Sama\u00efn: [&hellip;]","og_url":"https:\/\/wamabi.be\/site\/festival-bila-elfes-dragons\/","og_site_name":"Wamabi","article_published_time":"2015-10-28T12:26:10+00:00","article_modified_time":"2025-09-10T13:34:14+00:00","og_image":[{"width":722,"height":1024,"url":"https:\/\/wamabi.be\/site\/wp-content\/festivalBILA.jpg","type":"image\/jpeg"}],"author":"Fred","twitter_card":"summary_large_image","twitter_misc":{"\u00c9crit par":"Fred","Dur\u00e9e de lecture estim\u00e9e":"1 minute"},"schema":{"@context":"https:\/\/schema.org","@graph":[{"@type":"Article","@id":"https:\/\/wamabi.be\/site\/festival-bila-elfes-dragons\/#article","isPartOf":{"@id":"https:\/\/wamabi.be\/site\/festival-bila-elfes-dragons\/"},"author":{"name":"Fred","@id":"https:\/\/wamabi.be\/site\/#\/schema\/person\/d215542c812823ee78920d76e619749c"},"headline":"FESTIVAL BILA &#8211; Elfes &#038; dragons","datePublished":"2015-10-28T12:26:10+00:00","dateModified":"2025-09-10T13:34:14+00:00","mainEntityOfPage":{"@id":"https:\/\/wamabi.be\/site\/festival-bila-elfes-dragons\/"},"wordCount":192,"commentCount":0,"publisher":{"@id":"https:\/\/wamabi.be\/site\/#organization"},"image":{"@id":"https:\/\/wamabi.be\/site\/festival-bila-elfes-dragons\/#primaryimage"},"thumbnailUrl":"http:\/\/wamabi.be\/site\/wp-content\/festivalBILA-212x300.jpg","keywords":["Animation","BILA","Contes","Dragon","Exposition"],"inLanguage":"fr-FR","potentialAction":[{"@type":"CommentAction","name":"Comment","target":["https:\/\/wamabi.be\/site\/festival-bila-elfes-dragons\/#respond"]}]},{"@type":"WebPage","@id":"https:\/\/wamabi.be\/site\/festival-bila-elfes-dragons\/","url":"https:\/\/wamabi.be\/site\/festival-bila-elfes-dragons\/","name":"FESTIVAL BILA - Elfes & dragons - Wamabi","isPartOf":{"@id":"https:\/\/wamabi.be\/site\/#website"},"primaryImageOfPage":{"@id":"https:\/\/wamabi.be\/site\/festival-bila-elfes-dragons\/#primaryimage"},"image":{"@id":"https:\/\/wamabi.be\/site\/festival-bila-elfes-dragons\/#primaryimage"},"thumbnailUrl":"http:\/\/wamabi.be\/site\/wp-content\/festivalBILA-212x300.jpg","datePublished":"2015-10-28T12:26:10+00:00","dateModified":"2025-09-10T13:34:14+00:00","breadcrumb":{"@id":"https:\/\/wamabi.be\/site\/festival-bila-elfes-dragons\/#breadcrumb"},"inLanguage":"fr-FR","potentialAction":[{"@type":"ReadAction","target":["https:\/\/wamabi.be\/site\/festival-bila-elfes-dragons\/"]}]},{"@type":"ImageObject","inLanguage":"fr-FR","@id":"https:\/\/wamabi.be\/site\/festival-bila-elfes-dragons\/#primaryimage","url":"https:\/\/wamabi.be\/site\/wp-content\/festivalBILA.jpg","contentUrl":"https:\/\/wamabi.be\/site\/wp-content\/festivalBILA.jpg","width":722,"height":1024},{"@type":"BreadcrumbList","@id":"https:\/\/wamabi.be\/site\/festival-bila-elfes-dragons\/#breadcrumb","itemListElement":[{"@type":"ListItem","position":1,"name":"Accueil","item":"https:\/\/wamabi.be\/site\/"},{"@type":"ListItem","position":2,"name":"FESTIVAL BILA &#8211; Elfes &#038; dragons"}]},{"@type":"WebSite","@id":"https:\/\/wamabi.be\/site\/#website","url":"https:\/\/wamabi.be\/site\/","name":"Wamabi","description":"Wamabi - Biblioth\u00e8ques de Waimes et de Malmedy","publisher":{"@id":"https:\/\/wamabi.be\/site\/#organization"},"potentialAction":[{"@type":"SearchAction","target":{"@type":"EntryPoint","urlTemplate":"https:\/\/wamabi.be\/site\/?s={search_term_string}"},"query-input":{"@type":"PropertyValueSpecification","valueRequired":true,"valueName":"search_term_string"}}],"inLanguage":"fr-FR"},{"@type":"Organization","@id":"https:\/\/wamabi.be\/site\/#organization","name":"Wamabi","url":"https:\/\/wamabi.be\/site\/","logo":{"@type":"ImageObject","inLanguage":"fr-FR","@id":"https:\/\/wamabi.be\/site\/#\/schema\/logo\/image\/","url":"https:\/\/wamabi.be\/site\/wp-content\/cropped-cropped-Dragon-noir-et-blanc-transparent-carre-1.png","contentUrl":"https:\/\/wamabi.be\/site\/wp-content\/cropped-cropped-Dragon-noir-et-blanc-transparent-carre-1.png","width":2321,"height":2321,"caption":"Wamabi"},"image":{"@id":"https:\/\/wamabi.be\/site\/#\/schema\/logo\/image\/"}},{"@type":"Person","@id":"https:\/\/wamabi.be\/site\/#\/schema\/person\/d215542c812823ee78920d76e619749c","name":"Fred","image":{"@type":"ImageObject","inLanguage":"fr-FR","@id":"https:\/\/secure.gravatar.com\/avatar\/fc672c5d32dec8b323e48becfe5a966d7d87b500bc73ae1712919ac83cddfea3?s=96&d=mm&r=g","url":"https:\/\/secure.gravatar.com\/avatar\/fc672c5d32dec8b323e48becfe5a966d7d87b500bc73ae1712919ac83cddfea3?s=96&d=mm&r=g","contentUrl":"https:\/\/secure.gravatar.com\/avatar\/fc672c5d32dec8b323e48becfe5a966d7d87b500bc73ae1712919ac83cddfea3?s=96&d=mm&r=g","caption":"Fred"},"sameAs":["http:\/\/www.wamabi.be\/"],"url":"https:\/\/wamabi.be\/site\/author\/fred\/"}]}},"_links":{"self":[{"href":"https:\/\/wamabi.be\/site\/wp-json\/wp\/v2\/posts\/7673","targetHints":{"allow":["GET"]}}],"collection":[{"href":"https:\/\/wamabi.be\/site\/wp-json\/wp\/v2\/posts"}],"about":[{"href":"https:\/\/wamabi.be\/site\/wp-json\/wp\/v2\/types\/post"}],"author":[{"embeddable":true,"href":"https:\/\/wamabi.be\/site\/wp-json\/wp\/v2\/users\/14"}],"replies":[{"embeddable":true,"href":"https:\/\/wamabi.be\/site\/wp-json\/wp\/v2\/comments?post=7673"}],"version-history":[{"count":7,"href":"https:\/\/wamabi.be\/site\/wp-json\/wp\/v2\/posts\/7673\/revisions"}],"predecessor-version":[{"id":14601,"href":"https:\/\/wamabi.be\/site\/wp-json\/wp\/v2\/posts\/7673\/revisions\/14601"}],"wp:attachment":[{"href":"https:\/\/wamabi.be\/site\/wp-json\/wp\/v2\/media?parent=7673"}],"wp:term":[{"taxonomy":"category","embeddable":true,"href":"https:\/\/wamabi.be\/site\/wp-json\/wp\/v2\/categories?post=7673"},{"taxonomy":"post_tag","embeddable":true,"href":"https:\/\/wamabi.be\/site\/wp-json\/wp\/v2\/tags?post=7673"}],"curies":[{"name":"wp","href":"https:\/\/api.w.org\/{rel}","templated":true}]}}