{"id":7662,"date":"2015-10-13T13:31:38","date_gmt":"2015-10-13T12:31:38","guid":{"rendered":"http:\/\/wamabi.be\/site\/?p=7662"},"modified":"2015-11-05T12:56:49","modified_gmt":"2015-11-05T11:56:49","slug":"livre-jeunesse-les-laureats-du-prix-libbylit-2015","status":"publish","type":"post","link":"https:\/\/wamabi.be\/site\/livre-jeunesse-les-laureats-du-prix-libbylit-2015\/","title":{"rendered":"LIVRE JEUNESSE &#8211; Les laur\u00e9ats du Prix Libbylit 2015"},"content":{"rendered":"<div id=\"stcpDiv\">\n<p><strong>Ce jeudi 17 octobre avait lieu la remise des <a href=\"http:\/\/www.ibbyfrancophone.be\/fr\/Prix-Libbylit\" target=\"_blank\">Prix Libbylit 2015<\/a> de l&rsquo;Espace Livre Jeunesse du 22e Salon Education \u00e0 Charleroi. D\u00e9couvrez ICI les laur\u00e9ats.<\/strong><\/p>\n<div><a href=\"http:\/\/wamabi.be\/site\/wp-content\/prix-libbylit.jpg\"><img loading=\"lazy\" decoding=\"async\" class=\"alignnone size-medium wp-image-7663\" src=\"http:\/\/wamabi.be\/site\/wp-content\/prix-libbylit-212x300.jpg\" alt=\"prix libbylit\" width=\"212\" height=\"300\" srcset=\"https:\/\/wamabi.be\/site\/wp-content\/prix-libbylit-212x300.jpg 212w, https:\/\/wamabi.be\/site\/wp-content\/prix-libbylit.jpg 724w\" sizes=\"auto, (max-width: 212px) 100vw, 212px\" \/><\/a><\/div>\n<div id=\"stcpDiv\">Libbylit est une revue professionnelle de la Section belge francophone de IBBY. Elle vous informe 5 fois par an de tout ce qui se passe dans notre pays et \u00e0 l\u2019\u00e9tranger dans le domaine du livre de jeunesse. Plus d&rsquo;infos sur <a href=\"http:\/\/www.ibbyfrancophone.be\/fr\/Libbylit\" target=\"_blank\">www.ibbyfrancophone.be<\/a><\/div>\n<\/div>\n<div><\/div>\n<div>Les r\u00e9sultats:<\/div>\n<div>*Album belge: <em>Au revoir Ad\u00e9la\u00efde<\/em> de Genevi\u00e8ve Casterman (Ed. Pastel)<\/div>\n<div>*Roman belge: <em>Ramulf<\/em> de Thomas Lavachery (Ed. l&rsquo;\u00e9cole des loisirs)<\/div>\n<div>*Album petite enfance: <em>Prendre &amp; donner<\/em> de Lucie F\u00e9lix (Ed. Les Grandes Personnes)<\/div>\n<div>*Roman junior: <em>Jonas, le requin m\u00e9canique<\/em> de Bertrand Santini (Ed. Grasset Jeunesse)<\/div>\n<div>*Album: <em>Les fleurs de la Ville<\/em> de Jon Arno Lawson (texte) et Sydney Smith (illustration)<\/div>\n<div>*Roman ados (ex-aequo): <em>La chanson du nez cass\u00e9<\/em> d&rsquo;Arne Svingen (Ed. Magnard) et <em>Justice pour Louie Sam<\/em> d&rsquo;Elizabeth Stewart (Ed. Thierry Magnier)<\/div>\n<div>*Mention sp\u00e9ciale Libbylit: <em>Mon tout petit<\/em> de Germano Zullo (texte) et Albertine (illustration)<\/div>\n<div><\/div>\n<div><\/div>\n","protected":false},"excerpt":{"rendered":"<p>Ce jeudi 17 octobre avait lieu la remise des Prix Libbylit 2015 de l&rsquo;Espace Livre Jeunesse du 22e Salon Education \u00e0 Charleroi. D\u00e9couvrez ICI les laur\u00e9ats. Libbylit est une revue professionnelle de la Section belge francophone de IBBY. Elle vous informe 5 fois par an de tout ce qui se passe dans notre pays et [&hellip;]<\/p>\n","protected":false},"author":14,"featured_media":0,"comment_status":"open","ping_status":"open","sticky":false,"template":"","format":"standard","meta":{"_seopress_robots_primary_cat":"","_seopress_titles_title":"","_seopress_titles_desc":"","_seopress_robots_index":"","footnotes":""},"categories":[1],"tags":[208,59],"class_list":{"0":"post-7662","1":"post","2":"type-post","3":"status-publish","4":"format-standard","6":"category-non-classe","7":"tag-libbylit","8":"tag-litterature-jeunesse","9":"czr-hentry"},"yoast_head":"<!-- This site is optimized with the Yoast SEO plugin v27.5 - https:\/\/yoast.com\/product\/yoast-seo-wordpress\/ -->\n<title>LIVRE JEUNESSE - Les laur\u00e9ats du Prix Libbylit 2015 - Wamabi<\/title>\n<meta name=\"robots\" content=\"index, follow, max-snippet:-1, max-image-preview:large, max-video-preview:-1\" \/>\n<link rel=\"canonical\" href=\"https:\/\/wamabi.be\/site\/livre-jeunesse-les-laureats-du-prix-libbylit-2015\/\" \/>\n<meta property=\"og:locale\" content=\"fr_FR\" \/>\n<meta property=\"og:type\" content=\"article\" \/>\n<meta property=\"og:title\" content=\"LIVRE JEUNESSE - Les laur\u00e9ats du Prix Libbylit 2015 - Wamabi\" \/>\n<meta property=\"og:description\" content=\"Ce jeudi 17 octobre avait lieu la remise des Prix Libbylit 2015 de l&rsquo;Espace Livre Jeunesse du 22e Salon Education \u00e0 Charleroi. D\u00e9couvrez ICI les laur\u00e9ats. Libbylit est une revue professionnelle de la Section belge francophone de IBBY. Elle vous informe 5 fois par an de tout ce qui se passe dans notre pays et [&hellip;]\" \/>\n<meta property=\"og:url\" content=\"https:\/\/wamabi.be\/site\/livre-jeunesse-les-laureats-du-prix-libbylit-2015\/\" \/>\n<meta property=\"og:site_name\" content=\"Wamabi\" \/>\n<meta property=\"article:published_time\" content=\"2015-10-13T12:31:38+00:00\" \/>\n<meta property=\"article:modified_time\" content=\"2015-11-05T11:56:49+00:00\" \/>\n<meta property=\"og:image\" content=\"http:\/\/wamabi.be\/site\/wp-content\/prix-libbylit-212x300.jpg\" \/>\n<meta name=\"author\" content=\"Fred\" \/>\n<meta name=\"twitter:card\" content=\"summary_large_image\" \/>\n<meta name=\"twitter:label1\" content=\"\u00c9crit par\" \/>\n\t<meta name=\"twitter:data1\" content=\"Fred\" \/>\n\t<meta name=\"twitter:label2\" content=\"Dur\u00e9e de lecture estim\u00e9e\" \/>\n\t<meta name=\"twitter:data2\" content=\"1 minute\" \/>\n<script type=\"application\/ld+json\" class=\"yoast-schema-graph\">{\"@context\":\"https:\\\/\\\/schema.org\",\"@graph\":[{\"@type\":\"Article\",\"@id\":\"https:\\\/\\\/wamabi.be\\\/site\\\/livre-jeunesse-les-laureats-du-prix-libbylit-2015\\\/#article\",\"isPartOf\":{\"@id\":\"https:\\\/\\\/wamabi.be\\\/site\\\/livre-jeunesse-les-laureats-du-prix-libbylit-2015\\\/\"},\"author\":{\"name\":\"Fred\",\"@id\":\"https:\\\/\\\/wamabi.be\\\/site\\\/#\\\/schema\\\/person\\\/d215542c812823ee78920d76e619749c\"},\"headline\":\"LIVRE JEUNESSE &#8211; Les laur\u00e9ats du Prix Libbylit 2015\",\"datePublished\":\"2015-10-13T12:31:38+00:00\",\"dateModified\":\"2015-11-05T11:56:49+00:00\",\"mainEntityOfPage\":{\"@id\":\"https:\\\/\\\/wamabi.be\\\/site\\\/livre-jeunesse-les-laureats-du-prix-libbylit-2015\\\/\"},\"wordCount\":186,\"commentCount\":0,\"publisher\":{\"@id\":\"https:\\\/\\\/wamabi.be\\\/site\\\/#organization\"},\"image\":{\"@id\":\"https:\\\/\\\/wamabi.be\\\/site\\\/livre-jeunesse-les-laureats-du-prix-libbylit-2015\\\/#primaryimage\"},\"thumbnailUrl\":\"http:\\\/\\\/wamabi.be\\\/site\\\/wp-content\\\/prix-libbylit-212x300.jpg\",\"keywords\":[\"Libbylit\",\"Litt\u00e9rature jeunesse\"],\"inLanguage\":\"fr-FR\",\"potentialAction\":[{\"@type\":\"CommentAction\",\"name\":\"Comment\",\"target\":[\"https:\\\/\\\/wamabi.be\\\/site\\\/livre-jeunesse-les-laureats-du-prix-libbylit-2015\\\/#respond\"]}]},{\"@type\":\"WebPage\",\"@id\":\"https:\\\/\\\/wamabi.be\\\/site\\\/livre-jeunesse-les-laureats-du-prix-libbylit-2015\\\/\",\"url\":\"https:\\\/\\\/wamabi.be\\\/site\\\/livre-jeunesse-les-laureats-du-prix-libbylit-2015\\\/\",\"name\":\"LIVRE JEUNESSE - Les laur\u00e9ats du Prix Libbylit 2015 - Wamabi\",\"isPartOf\":{\"@id\":\"https:\\\/\\\/wamabi.be\\\/site\\\/#website\"},\"primaryImageOfPage\":{\"@id\":\"https:\\\/\\\/wamabi.be\\\/site\\\/livre-jeunesse-les-laureats-du-prix-libbylit-2015\\\/#primaryimage\"},\"image\":{\"@id\":\"https:\\\/\\\/wamabi.be\\\/site\\\/livre-jeunesse-les-laureats-du-prix-libbylit-2015\\\/#primaryimage\"},\"thumbnailUrl\":\"http:\\\/\\\/wamabi.be\\\/site\\\/wp-content\\\/prix-libbylit-212x300.jpg\",\"datePublished\":\"2015-10-13T12:31:38+00:00\",\"dateModified\":\"2015-11-05T11:56:49+00:00\",\"breadcrumb\":{\"@id\":\"https:\\\/\\\/wamabi.be\\\/site\\\/livre-jeunesse-les-laureats-du-prix-libbylit-2015\\\/#breadcrumb\"},\"inLanguage\":\"fr-FR\",\"potentialAction\":[{\"@type\":\"ReadAction\",\"target\":[\"https:\\\/\\\/wamabi.be\\\/site\\\/livre-jeunesse-les-laureats-du-prix-libbylit-2015\\\/\"]}]},{\"@type\":\"ImageObject\",\"inLanguage\":\"fr-FR\",\"@id\":\"https:\\\/\\\/wamabi.be\\\/site\\\/livre-jeunesse-les-laureats-du-prix-libbylit-2015\\\/#primaryimage\",\"url\":\"https:\\\/\\\/wamabi.be\\\/site\\\/wp-content\\\/prix-libbylit.jpg\",\"contentUrl\":\"https:\\\/\\\/wamabi.be\\\/site\\\/wp-content\\\/prix-libbylit.jpg\",\"width\":724,\"height\":1024},{\"@type\":\"BreadcrumbList\",\"@id\":\"https:\\\/\\\/wamabi.be\\\/site\\\/livre-jeunesse-les-laureats-du-prix-libbylit-2015\\\/#breadcrumb\",\"itemListElement\":[{\"@type\":\"ListItem\",\"position\":1,\"name\":\"Accueil\",\"item\":\"https:\\\/\\\/wamabi.be\\\/site\\\/\"},{\"@type\":\"ListItem\",\"position\":2,\"name\":\"LIVRE JEUNESSE &#8211; Les laur\u00e9ats du Prix Libbylit 2015\"}]},{\"@type\":\"WebSite\",\"@id\":\"https:\\\/\\\/wamabi.be\\\/site\\\/#website\",\"url\":\"https:\\\/\\\/wamabi.be\\\/site\\\/\",\"name\":\"Wamabi\",\"description\":\"Wamabi - Biblioth\u00e8ques de Waimes et de Malmedy\",\"publisher\":{\"@id\":\"https:\\\/\\\/wamabi.be\\\/site\\\/#organization\"},\"potentialAction\":[{\"@type\":\"SearchAction\",\"target\":{\"@type\":\"EntryPoint\",\"urlTemplate\":\"https:\\\/\\\/wamabi.be\\\/site\\\/?s={search_term_string}\"},\"query-input\":{\"@type\":\"PropertyValueSpecification\",\"valueRequired\":true,\"valueName\":\"search_term_string\"}}],\"inLanguage\":\"fr-FR\"},{\"@type\":\"Organization\",\"@id\":\"https:\\\/\\\/wamabi.be\\\/site\\\/#organization\",\"name\":\"Wamabi\",\"url\":\"https:\\\/\\\/wamabi.be\\\/site\\\/\",\"logo\":{\"@type\":\"ImageObject\",\"inLanguage\":\"fr-FR\",\"@id\":\"https:\\\/\\\/wamabi.be\\\/site\\\/#\\\/schema\\\/logo\\\/image\\\/\",\"url\":\"https:\\\/\\\/wamabi.be\\\/site\\\/wp-content\\\/cropped-cropped-Dragon-noir-et-blanc-transparent-carre-1.png\",\"contentUrl\":\"https:\\\/\\\/wamabi.be\\\/site\\\/wp-content\\\/cropped-cropped-Dragon-noir-et-blanc-transparent-carre-1.png\",\"width\":2321,\"height\":2321,\"caption\":\"Wamabi\"},\"image\":{\"@id\":\"https:\\\/\\\/wamabi.be\\\/site\\\/#\\\/schema\\\/logo\\\/image\\\/\"}},{\"@type\":\"Person\",\"@id\":\"https:\\\/\\\/wamabi.be\\\/site\\\/#\\\/schema\\\/person\\\/d215542c812823ee78920d76e619749c\",\"name\":\"Fred\",\"image\":{\"@type\":\"ImageObject\",\"inLanguage\":\"fr-FR\",\"@id\":\"https:\\\/\\\/secure.gravatar.com\\\/avatar\\\/fc672c5d32dec8b323e48becfe5a966d7d87b500bc73ae1712919ac83cddfea3?s=96&d=mm&r=g\",\"url\":\"https:\\\/\\\/secure.gravatar.com\\\/avatar\\\/fc672c5d32dec8b323e48becfe5a966d7d87b500bc73ae1712919ac83cddfea3?s=96&d=mm&r=g\",\"contentUrl\":\"https:\\\/\\\/secure.gravatar.com\\\/avatar\\\/fc672c5d32dec8b323e48becfe5a966d7d87b500bc73ae1712919ac83cddfea3?s=96&d=mm&r=g\",\"caption\":\"Fred\"},\"sameAs\":[\"http:\\\/\\\/www.wamabi.be\\\/\"],\"url\":\"https:\\\/\\\/wamabi.be\\\/site\\\/author\\\/fred\\\/\"}]}<\/script>\n<!-- \/ Yoast SEO plugin. -->","yoast_head_json":{"title":"LIVRE JEUNESSE - Les laur\u00e9ats du Prix Libbylit 2015 - Wamabi","robots":{"index":"index","follow":"follow","max-snippet":"max-snippet:-1","max-image-preview":"max-image-preview:large","max-video-preview":"max-video-preview:-1"},"canonical":"https:\/\/wamabi.be\/site\/livre-jeunesse-les-laureats-du-prix-libbylit-2015\/","og_locale":"fr_FR","og_type":"article","og_title":"LIVRE JEUNESSE - Les laur\u00e9ats du Prix Libbylit 2015 - Wamabi","og_description":"Ce jeudi 17 octobre avait lieu la remise des Prix Libbylit 2015 de l&rsquo;Espace Livre Jeunesse du 22e Salon Education \u00e0 Charleroi. D\u00e9couvrez ICI les laur\u00e9ats. Libbylit est une revue professionnelle de la Section belge francophone de IBBY. Elle vous informe 5 fois par an de tout ce qui se passe dans notre pays et [&hellip;]","og_url":"https:\/\/wamabi.be\/site\/livre-jeunesse-les-laureats-du-prix-libbylit-2015\/","og_site_name":"Wamabi","article_published_time":"2015-10-13T12:31:38+00:00","article_modified_time":"2015-11-05T11:56:49+00:00","og_image":[{"url":"http:\/\/wamabi.be\/site\/wp-content\/prix-libbylit-212x300.jpg","type":"","width":"","height":""}],"author":"Fred","twitter_card":"summary_large_image","twitter_misc":{"\u00c9crit par":"Fred","Dur\u00e9e de lecture estim\u00e9e":"1 minute"},"schema":{"@context":"https:\/\/schema.org","@graph":[{"@type":"Article","@id":"https:\/\/wamabi.be\/site\/livre-jeunesse-les-laureats-du-prix-libbylit-2015\/#article","isPartOf":{"@id":"https:\/\/wamabi.be\/site\/livre-jeunesse-les-laureats-du-prix-libbylit-2015\/"},"author":{"name":"Fred","@id":"https:\/\/wamabi.be\/site\/#\/schema\/person\/d215542c812823ee78920d76e619749c"},"headline":"LIVRE JEUNESSE &#8211; Les laur\u00e9ats du Prix Libbylit 2015","datePublished":"2015-10-13T12:31:38+00:00","dateModified":"2015-11-05T11:56:49+00:00","mainEntityOfPage":{"@id":"https:\/\/wamabi.be\/site\/livre-jeunesse-les-laureats-du-prix-libbylit-2015\/"},"wordCount":186,"commentCount":0,"publisher":{"@id":"https:\/\/wamabi.be\/site\/#organization"},"image":{"@id":"https:\/\/wamabi.be\/site\/livre-jeunesse-les-laureats-du-prix-libbylit-2015\/#primaryimage"},"thumbnailUrl":"http:\/\/wamabi.be\/site\/wp-content\/prix-libbylit-212x300.jpg","keywords":["Libbylit","Litt\u00e9rature jeunesse"],"inLanguage":"fr-FR","potentialAction":[{"@type":"CommentAction","name":"Comment","target":["https:\/\/wamabi.be\/site\/livre-jeunesse-les-laureats-du-prix-libbylit-2015\/#respond"]}]},{"@type":"WebPage","@id":"https:\/\/wamabi.be\/site\/livre-jeunesse-les-laureats-du-prix-libbylit-2015\/","url":"https:\/\/wamabi.be\/site\/livre-jeunesse-les-laureats-du-prix-libbylit-2015\/","name":"LIVRE JEUNESSE - Les laur\u00e9ats du Prix Libbylit 2015 - Wamabi","isPartOf":{"@id":"https:\/\/wamabi.be\/site\/#website"},"primaryImageOfPage":{"@id":"https:\/\/wamabi.be\/site\/livre-jeunesse-les-laureats-du-prix-libbylit-2015\/#primaryimage"},"image":{"@id":"https:\/\/wamabi.be\/site\/livre-jeunesse-les-laureats-du-prix-libbylit-2015\/#primaryimage"},"thumbnailUrl":"http:\/\/wamabi.be\/site\/wp-content\/prix-libbylit-212x300.jpg","datePublished":"2015-10-13T12:31:38+00:00","dateModified":"2015-11-05T11:56:49+00:00","breadcrumb":{"@id":"https:\/\/wamabi.be\/site\/livre-jeunesse-les-laureats-du-prix-libbylit-2015\/#breadcrumb"},"inLanguage":"fr-FR","potentialAction":[{"@type":"ReadAction","target":["https:\/\/wamabi.be\/site\/livre-jeunesse-les-laureats-du-prix-libbylit-2015\/"]}]},{"@type":"ImageObject","inLanguage":"fr-FR","@id":"https:\/\/wamabi.be\/site\/livre-jeunesse-les-laureats-du-prix-libbylit-2015\/#primaryimage","url":"https:\/\/wamabi.be\/site\/wp-content\/prix-libbylit.jpg","contentUrl":"https:\/\/wamabi.be\/site\/wp-content\/prix-libbylit.jpg","width":724,"height":1024},{"@type":"BreadcrumbList","@id":"https:\/\/wamabi.be\/site\/livre-jeunesse-les-laureats-du-prix-libbylit-2015\/#breadcrumb","itemListElement":[{"@type":"ListItem","position":1,"name":"Accueil","item":"https:\/\/wamabi.be\/site\/"},{"@type":"ListItem","position":2,"name":"LIVRE JEUNESSE &#8211; Les laur\u00e9ats du Prix Libbylit 2015"}]},{"@type":"WebSite","@id":"https:\/\/wamabi.be\/site\/#website","url":"https:\/\/wamabi.be\/site\/","name":"Wamabi","description":"Wamabi - Biblioth\u00e8ques de Waimes et de Malmedy","publisher":{"@id":"https:\/\/wamabi.be\/site\/#organization"},"potentialAction":[{"@type":"SearchAction","target":{"@type":"EntryPoint","urlTemplate":"https:\/\/wamabi.be\/site\/?s={search_term_string}"},"query-input":{"@type":"PropertyValueSpecification","valueRequired":true,"valueName":"search_term_string"}}],"inLanguage":"fr-FR"},{"@type":"Organization","@id":"https:\/\/wamabi.be\/site\/#organization","name":"Wamabi","url":"https:\/\/wamabi.be\/site\/","logo":{"@type":"ImageObject","inLanguage":"fr-FR","@id":"https:\/\/wamabi.be\/site\/#\/schema\/logo\/image\/","url":"https:\/\/wamabi.be\/site\/wp-content\/cropped-cropped-Dragon-noir-et-blanc-transparent-carre-1.png","contentUrl":"https:\/\/wamabi.be\/site\/wp-content\/cropped-cropped-Dragon-noir-et-blanc-transparent-carre-1.png","width":2321,"height":2321,"caption":"Wamabi"},"image":{"@id":"https:\/\/wamabi.be\/site\/#\/schema\/logo\/image\/"}},{"@type":"Person","@id":"https:\/\/wamabi.be\/site\/#\/schema\/person\/d215542c812823ee78920d76e619749c","name":"Fred","image":{"@type":"ImageObject","inLanguage":"fr-FR","@id":"https:\/\/secure.gravatar.com\/avatar\/fc672c5d32dec8b323e48becfe5a966d7d87b500bc73ae1712919ac83cddfea3?s=96&d=mm&r=g","url":"https:\/\/secure.gravatar.com\/avatar\/fc672c5d32dec8b323e48becfe5a966d7d87b500bc73ae1712919ac83cddfea3?s=96&d=mm&r=g","contentUrl":"https:\/\/secure.gravatar.com\/avatar\/fc672c5d32dec8b323e48becfe5a966d7d87b500bc73ae1712919ac83cddfea3?s=96&d=mm&r=g","caption":"Fred"},"sameAs":["http:\/\/www.wamabi.be\/"],"url":"https:\/\/wamabi.be\/site\/author\/fred\/"}]}},"_links":{"self":[{"href":"https:\/\/wamabi.be\/site\/wp-json\/wp\/v2\/posts\/7662","targetHints":{"allow":["GET"]}}],"collection":[{"href":"https:\/\/wamabi.be\/site\/wp-json\/wp\/v2\/posts"}],"about":[{"href":"https:\/\/wamabi.be\/site\/wp-json\/wp\/v2\/types\/post"}],"author":[{"embeddable":true,"href":"https:\/\/wamabi.be\/site\/wp-json\/wp\/v2\/users\/14"}],"replies":[{"embeddable":true,"href":"https:\/\/wamabi.be\/site\/wp-json\/wp\/v2\/comments?post=7662"}],"version-history":[{"count":1,"href":"https:\/\/wamabi.be\/site\/wp-json\/wp\/v2\/posts\/7662\/revisions"}],"predecessor-version":[{"id":7664,"href":"https:\/\/wamabi.be\/site\/wp-json\/wp\/v2\/posts\/7662\/revisions\/7664"}],"wp:attachment":[{"href":"https:\/\/wamabi.be\/site\/wp-json\/wp\/v2\/media?parent=7662"}],"wp:term":[{"taxonomy":"category","embeddable":true,"href":"https:\/\/wamabi.be\/site\/wp-json\/wp\/v2\/categories?post=7662"},{"taxonomy":"post_tag","embeddable":true,"href":"https:\/\/wamabi.be\/site\/wp-json\/wp\/v2\/tags?post=7662"}],"curies":[{"name":"wp","href":"https:\/\/api.w.org\/{rel}","templated":true}]}}