{"id":7512,"date":"2015-09-21T09:20:00","date_gmt":"2015-09-21T08:20:00","guid":{"rendered":"http:\/\/wamabi.be\/site\/?p=7512"},"modified":"2025-09-10T14:34:14","modified_gmt":"2025-09-10T13:34:14","slug":"soiree-dinformation-la-cop21-quest-ce-que-cest","status":"publish","type":"post","link":"https:\/\/wamabi.be\/site\/soiree-dinformation-la-cop21-quest-ce-que-cest\/","title":{"rendered":"SOIREE D&rsquo;INFORMATION &#8211; la COP21, qu&rsquo;est-ce que c&rsquo;est?"},"content":{"rendered":"<p><strong>Le vendredi 25 septembre \u00e0 19h30 \u00e0 la maison du parc de Botrange, la plateforme EstEnTransition vous invite \u00e0 une soir\u00e9e d\u2019information sur le <a href=\"http:\/\/www.cop21.gouv.fr\/fr\" target=\"_blank\">21<sup>\u00e8me<\/sup> Sommet climatique<\/a> qui est organis\u00e9 \u00e0 Paris du 30 novembre au 11 d\u00e9cembre 2015.<\/strong><\/p>\n<p><a href=\"http:\/\/wamabi.be\/site\/wp-content\/cop21.jpg\"><img loading=\"lazy\" decoding=\"async\" class=\"alignnone size-medium wp-image-7513\" src=\"http:\/\/wamabi.be\/site\/wp-content\/cop21-300x260.jpg\" alt=\"cop21\" width=\"300\" height=\"260\" srcset=\"https:\/\/wamabi.be\/site\/wp-content\/cop21-300x260.jpg 300w, https:\/\/wamabi.be\/site\/wp-content\/cop21.jpg 887w\" sizes=\"auto, (max-width: 300px) 100vw, 300px\" \/><\/a><\/p>\n<p>Marius Nicolas, dipl\u00f4m\u00e9 en \u00e9cologie humaine, vous donnera une information d\u00e9taill\u00e9e sur le sujet et vous permettra de comprendre les enjeux climatiques et de justice sociale de la <a href=\"http:\/\/www.cop21.gouv.fr\/fr\" target=\"_blank\">COP21<\/a>.<\/p>\n<p>Ensuite, Lisa Lebrun et Laurent Fastrez de l\u2019asbl Climate Express, qui organise la mobilisation vers Paris, vous parleront de l\u2019organisation de l\u2019\u00e9v\u00e8nement et des possibilit\u00e9s d\u2019y participer, reviendront sur l\u2019aventure du COP 19 de 2013 \u00e0 Varsovie et vous pr\u00e9senteront les 6 points de la Charte d\u00e9fendue par les organisations, associations, collectifs et groupements citoyens.<\/p>\n<p>Entr\u00e9e libre. Inscriptions souhait\u00e9es sur www.estentransition.be<\/p>\n<p>Pour rejoindre l&rsquo;\u00e9v\u00e9nement facebook, cliquez <a href=\"https:\/\/www.facebook.com\/events\/517891811694175\/\" target=\"_blank\">ICI<\/a>.<\/p>\n<p>Le th\u00e8me de la <a href=\"http:\/\/www.cop21.gouv.fr\/fr\" target=\"_blank\">COP21<\/a> fera l\u2019objet d\u2019une seconde soir\u00e9e avec une intervention de Pablo Servigne le 26 octobre au <a href=\"http:\/\/www.malmundarium.be\/\" target=\"_blank\">Malmundarium<\/a>.<\/p>\n","protected":false},"excerpt":{"rendered":"<p>Le vendredi 25 septembre \u00e0 19h30 \u00e0 la maison du parc de Botrange, la plateforme EstEnTransition vous invite \u00e0 une soir\u00e9e d\u2019information sur le 21\u00e8me Sommet climatique qui est organis\u00e9 \u00e0 Paris du 30 novembre au 11 d\u00e9cembre 2015. Marius Nicolas, dipl\u00f4m\u00e9 en \u00e9cologie humaine, vous donnera une information d\u00e9taill\u00e9e sur le sujet et vous [&hellip;]<\/p>\n","protected":false},"author":14,"featured_media":0,"comment_status":"open","ping_status":"open","sticky":false,"template":"","format":"standard","meta":{"_seopress_robots_primary_cat":"","_seopress_titles_title":"","_seopress_titles_desc":"","_seopress_robots_index":"","footnotes":""},"categories":[1],"tags":[94,214,420,50],"class_list":{"0":"post-7512","1":"post","2":"type-post","3":"status-publish","4":"format-standard","6":"category-non-classe","7":"tag-debat","8":"tag-environnement","9":"tag-estentransition","10":"tag-partenaires","11":"czr-hentry"},"yoast_head":"<!-- This site is optimized with the Yoast SEO plugin v27.5 - https:\/\/yoast.com\/product\/yoast-seo-wordpress\/ -->\n<title>SOIREE D&#039;INFORMATION - la COP21, qu&#039;est-ce que c&#039;est? - Wamabi<\/title>\n<meta name=\"robots\" content=\"index, follow, max-snippet:-1, max-image-preview:large, max-video-preview:-1\" \/>\n<link rel=\"canonical\" href=\"https:\/\/wamabi.be\/site\/soiree-dinformation-la-cop21-quest-ce-que-cest\/\" \/>\n<meta property=\"og:locale\" content=\"fr_FR\" \/>\n<meta property=\"og:type\" content=\"article\" \/>\n<meta property=\"og:title\" content=\"SOIREE D&#039;INFORMATION - la COP21, qu&#039;est-ce que c&#039;est? - Wamabi\" \/>\n<meta property=\"og:description\" content=\"Le vendredi 25 septembre \u00e0 19h30 \u00e0 la maison du parc de Botrange, la plateforme EstEnTransition vous invite \u00e0 une soir\u00e9e d\u2019information sur le 21\u00e8me Sommet climatique qui est organis\u00e9 \u00e0 Paris du 30 novembre au 11 d\u00e9cembre 2015. Marius Nicolas, dipl\u00f4m\u00e9 en \u00e9cologie humaine, vous donnera une information d\u00e9taill\u00e9e sur le sujet et vous [&hellip;]\" \/>\n<meta property=\"og:url\" content=\"https:\/\/wamabi.be\/site\/soiree-dinformation-la-cop21-quest-ce-que-cest\/\" \/>\n<meta property=\"og:site_name\" content=\"Wamabi\" \/>\n<meta property=\"article:published_time\" content=\"2015-09-21T08:20:00+00:00\" \/>\n<meta property=\"article:modified_time\" content=\"2025-09-10T13:34:14+00:00\" \/>\n<meta property=\"og:image\" content=\"https:\/\/wamabi.be\/site\/wp-content\/cop21.jpg\" \/>\n\t<meta property=\"og:image:width\" content=\"887\" \/>\n\t<meta property=\"og:image:height\" content=\"768\" \/>\n\t<meta property=\"og:image:type\" content=\"image\/jpeg\" \/>\n<meta name=\"author\" content=\"Fred\" \/>\n<meta name=\"twitter:card\" content=\"summary_large_image\" \/>\n<meta name=\"twitter:label1\" content=\"\u00c9crit par\" \/>\n\t<meta name=\"twitter:data1\" content=\"Fred\" \/>\n\t<meta name=\"twitter:label2\" content=\"Dur\u00e9e de lecture estim\u00e9e\" \/>\n\t<meta name=\"twitter:data2\" content=\"1 minute\" \/>\n<script type=\"application\/ld+json\" class=\"yoast-schema-graph\">{\"@context\":\"https:\\\/\\\/schema.org\",\"@graph\":[{\"@type\":\"Article\",\"@id\":\"https:\\\/\\\/wamabi.be\\\/site\\\/soiree-dinformation-la-cop21-quest-ce-que-cest\\\/#article\",\"isPartOf\":{\"@id\":\"https:\\\/\\\/wamabi.be\\\/site\\\/soiree-dinformation-la-cop21-quest-ce-que-cest\\\/\"},\"author\":{\"name\":\"Fred\",\"@id\":\"https:\\\/\\\/wamabi.be\\\/site\\\/#\\\/schema\\\/person\\\/d215542c812823ee78920d76e619749c\"},\"headline\":\"SOIREE D&rsquo;INFORMATION &#8211; la COP21, qu&rsquo;est-ce que c&rsquo;est?\",\"datePublished\":\"2015-09-21T08:20:00+00:00\",\"dateModified\":\"2025-09-10T13:34:14+00:00\",\"mainEntityOfPage\":{\"@id\":\"https:\\\/\\\/wamabi.be\\\/site\\\/soiree-dinformation-la-cop21-quest-ce-que-cest\\\/\"},\"wordCount\":179,\"commentCount\":2,\"publisher\":{\"@id\":\"https:\\\/\\\/wamabi.be\\\/site\\\/#organization\"},\"image\":{\"@id\":\"https:\\\/\\\/wamabi.be\\\/site\\\/soiree-dinformation-la-cop21-quest-ce-que-cest\\\/#primaryimage\"},\"thumbnailUrl\":\"http:\\\/\\\/wamabi.be\\\/site\\\/wp-content\\\/cop21-300x260.jpg\",\"keywords\":[\"D\u00e9bat\",\"Environnement\",\"EstEnTransition\",\"Partenaires\"],\"inLanguage\":\"fr-FR\",\"potentialAction\":[{\"@type\":\"CommentAction\",\"name\":\"Comment\",\"target\":[\"https:\\\/\\\/wamabi.be\\\/site\\\/soiree-dinformation-la-cop21-quest-ce-que-cest\\\/#respond\"]}]},{\"@type\":\"WebPage\",\"@id\":\"https:\\\/\\\/wamabi.be\\\/site\\\/soiree-dinformation-la-cop21-quest-ce-que-cest\\\/\",\"url\":\"https:\\\/\\\/wamabi.be\\\/site\\\/soiree-dinformation-la-cop21-quest-ce-que-cest\\\/\",\"name\":\"SOIREE D'INFORMATION - la COP21, qu'est-ce que c'est? - Wamabi\",\"isPartOf\":{\"@id\":\"https:\\\/\\\/wamabi.be\\\/site\\\/#website\"},\"primaryImageOfPage\":{\"@id\":\"https:\\\/\\\/wamabi.be\\\/site\\\/soiree-dinformation-la-cop21-quest-ce-que-cest\\\/#primaryimage\"},\"image\":{\"@id\":\"https:\\\/\\\/wamabi.be\\\/site\\\/soiree-dinformation-la-cop21-quest-ce-que-cest\\\/#primaryimage\"},\"thumbnailUrl\":\"http:\\\/\\\/wamabi.be\\\/site\\\/wp-content\\\/cop21-300x260.jpg\",\"datePublished\":\"2015-09-21T08:20:00+00:00\",\"dateModified\":\"2025-09-10T13:34:14+00:00\",\"breadcrumb\":{\"@id\":\"https:\\\/\\\/wamabi.be\\\/site\\\/soiree-dinformation-la-cop21-quest-ce-que-cest\\\/#breadcrumb\"},\"inLanguage\":\"fr-FR\",\"potentialAction\":[{\"@type\":\"ReadAction\",\"target\":[\"https:\\\/\\\/wamabi.be\\\/site\\\/soiree-dinformation-la-cop21-quest-ce-que-cest\\\/\"]}]},{\"@type\":\"ImageObject\",\"inLanguage\":\"fr-FR\",\"@id\":\"https:\\\/\\\/wamabi.be\\\/site\\\/soiree-dinformation-la-cop21-quest-ce-que-cest\\\/#primaryimage\",\"url\":\"https:\\\/\\\/wamabi.be\\\/site\\\/wp-content\\\/cop21.jpg\",\"contentUrl\":\"https:\\\/\\\/wamabi.be\\\/site\\\/wp-content\\\/cop21.jpg\",\"width\":887,\"height\":768},{\"@type\":\"BreadcrumbList\",\"@id\":\"https:\\\/\\\/wamabi.be\\\/site\\\/soiree-dinformation-la-cop21-quest-ce-que-cest\\\/#breadcrumb\",\"itemListElement\":[{\"@type\":\"ListItem\",\"position\":1,\"name\":\"Accueil\",\"item\":\"https:\\\/\\\/wamabi.be\\\/site\\\/\"},{\"@type\":\"ListItem\",\"position\":2,\"name\":\"SOIREE D&rsquo;INFORMATION &#8211; la COP21, qu&rsquo;est-ce que c&rsquo;est?\"}]},{\"@type\":\"WebSite\",\"@id\":\"https:\\\/\\\/wamabi.be\\\/site\\\/#website\",\"url\":\"https:\\\/\\\/wamabi.be\\\/site\\\/\",\"name\":\"Wamabi\",\"description\":\"Wamabi - Biblioth\u00e8ques de Waimes et de Malmedy\",\"publisher\":{\"@id\":\"https:\\\/\\\/wamabi.be\\\/site\\\/#organization\"},\"potentialAction\":[{\"@type\":\"SearchAction\",\"target\":{\"@type\":\"EntryPoint\",\"urlTemplate\":\"https:\\\/\\\/wamabi.be\\\/site\\\/?s={search_term_string}\"},\"query-input\":{\"@type\":\"PropertyValueSpecification\",\"valueRequired\":true,\"valueName\":\"search_term_string\"}}],\"inLanguage\":\"fr-FR\"},{\"@type\":\"Organization\",\"@id\":\"https:\\\/\\\/wamabi.be\\\/site\\\/#organization\",\"name\":\"Wamabi\",\"url\":\"https:\\\/\\\/wamabi.be\\\/site\\\/\",\"logo\":{\"@type\":\"ImageObject\",\"inLanguage\":\"fr-FR\",\"@id\":\"https:\\\/\\\/wamabi.be\\\/site\\\/#\\\/schema\\\/logo\\\/image\\\/\",\"url\":\"https:\\\/\\\/wamabi.be\\\/site\\\/wp-content\\\/cropped-cropped-Dragon-noir-et-blanc-transparent-carre-1.png\",\"contentUrl\":\"https:\\\/\\\/wamabi.be\\\/site\\\/wp-content\\\/cropped-cropped-Dragon-noir-et-blanc-transparent-carre-1.png\",\"width\":2321,\"height\":2321,\"caption\":\"Wamabi\"},\"image\":{\"@id\":\"https:\\\/\\\/wamabi.be\\\/site\\\/#\\\/schema\\\/logo\\\/image\\\/\"}},{\"@type\":\"Person\",\"@id\":\"https:\\\/\\\/wamabi.be\\\/site\\\/#\\\/schema\\\/person\\\/d215542c812823ee78920d76e619749c\",\"name\":\"Fred\",\"image\":{\"@type\":\"ImageObject\",\"inLanguage\":\"fr-FR\",\"@id\":\"https:\\\/\\\/secure.gravatar.com\\\/avatar\\\/fc672c5d32dec8b323e48becfe5a966d7d87b500bc73ae1712919ac83cddfea3?s=96&d=mm&r=g\",\"url\":\"https:\\\/\\\/secure.gravatar.com\\\/avatar\\\/fc672c5d32dec8b323e48becfe5a966d7d87b500bc73ae1712919ac83cddfea3?s=96&d=mm&r=g\",\"contentUrl\":\"https:\\\/\\\/secure.gravatar.com\\\/avatar\\\/fc672c5d32dec8b323e48becfe5a966d7d87b500bc73ae1712919ac83cddfea3?s=96&d=mm&r=g\",\"caption\":\"Fred\"},\"sameAs\":[\"http:\\\/\\\/www.wamabi.be\\\/\"],\"url\":\"https:\\\/\\\/wamabi.be\\\/site\\\/author\\\/fred\\\/\"}]}<\/script>\n<!-- \/ Yoast SEO plugin. -->","yoast_head_json":{"title":"SOIREE D'INFORMATION - la COP21, qu'est-ce que c'est? - Wamabi","robots":{"index":"index","follow":"follow","max-snippet":"max-snippet:-1","max-image-preview":"max-image-preview:large","max-video-preview":"max-video-preview:-1"},"canonical":"https:\/\/wamabi.be\/site\/soiree-dinformation-la-cop21-quest-ce-que-cest\/","og_locale":"fr_FR","og_type":"article","og_title":"SOIREE D'INFORMATION - la COP21, qu'est-ce que c'est? - Wamabi","og_description":"Le vendredi 25 septembre \u00e0 19h30 \u00e0 la maison du parc de Botrange, la plateforme EstEnTransition vous invite \u00e0 une soir\u00e9e d\u2019information sur le 21\u00e8me Sommet climatique qui est organis\u00e9 \u00e0 Paris du 30 novembre au 11 d\u00e9cembre 2015. Marius Nicolas, dipl\u00f4m\u00e9 en \u00e9cologie humaine, vous donnera une information d\u00e9taill\u00e9e sur le sujet et vous [&hellip;]","og_url":"https:\/\/wamabi.be\/site\/soiree-dinformation-la-cop21-quest-ce-que-cest\/","og_site_name":"Wamabi","article_published_time":"2015-09-21T08:20:00+00:00","article_modified_time":"2025-09-10T13:34:14+00:00","og_image":[{"width":887,"height":768,"url":"https:\/\/wamabi.be\/site\/wp-content\/cop21.jpg","type":"image\/jpeg"}],"author":"Fred","twitter_card":"summary_large_image","twitter_misc":{"\u00c9crit par":"Fred","Dur\u00e9e de lecture estim\u00e9e":"1 minute"},"schema":{"@context":"https:\/\/schema.org","@graph":[{"@type":"Article","@id":"https:\/\/wamabi.be\/site\/soiree-dinformation-la-cop21-quest-ce-que-cest\/#article","isPartOf":{"@id":"https:\/\/wamabi.be\/site\/soiree-dinformation-la-cop21-quest-ce-que-cest\/"},"author":{"name":"Fred","@id":"https:\/\/wamabi.be\/site\/#\/schema\/person\/d215542c812823ee78920d76e619749c"},"headline":"SOIREE D&rsquo;INFORMATION &#8211; la COP21, qu&rsquo;est-ce que c&rsquo;est?","datePublished":"2015-09-21T08:20:00+00:00","dateModified":"2025-09-10T13:34:14+00:00","mainEntityOfPage":{"@id":"https:\/\/wamabi.be\/site\/soiree-dinformation-la-cop21-quest-ce-que-cest\/"},"wordCount":179,"commentCount":2,"publisher":{"@id":"https:\/\/wamabi.be\/site\/#organization"},"image":{"@id":"https:\/\/wamabi.be\/site\/soiree-dinformation-la-cop21-quest-ce-que-cest\/#primaryimage"},"thumbnailUrl":"http:\/\/wamabi.be\/site\/wp-content\/cop21-300x260.jpg","keywords":["D\u00e9bat","Environnement","EstEnTransition","Partenaires"],"inLanguage":"fr-FR","potentialAction":[{"@type":"CommentAction","name":"Comment","target":["https:\/\/wamabi.be\/site\/soiree-dinformation-la-cop21-quest-ce-que-cest\/#respond"]}]},{"@type":"WebPage","@id":"https:\/\/wamabi.be\/site\/soiree-dinformation-la-cop21-quest-ce-que-cest\/","url":"https:\/\/wamabi.be\/site\/soiree-dinformation-la-cop21-quest-ce-que-cest\/","name":"SOIREE D'INFORMATION - la COP21, qu'est-ce que c'est? - Wamabi","isPartOf":{"@id":"https:\/\/wamabi.be\/site\/#website"},"primaryImageOfPage":{"@id":"https:\/\/wamabi.be\/site\/soiree-dinformation-la-cop21-quest-ce-que-cest\/#primaryimage"},"image":{"@id":"https:\/\/wamabi.be\/site\/soiree-dinformation-la-cop21-quest-ce-que-cest\/#primaryimage"},"thumbnailUrl":"http:\/\/wamabi.be\/site\/wp-content\/cop21-300x260.jpg","datePublished":"2015-09-21T08:20:00+00:00","dateModified":"2025-09-10T13:34:14+00:00","breadcrumb":{"@id":"https:\/\/wamabi.be\/site\/soiree-dinformation-la-cop21-quest-ce-que-cest\/#breadcrumb"},"inLanguage":"fr-FR","potentialAction":[{"@type":"ReadAction","target":["https:\/\/wamabi.be\/site\/soiree-dinformation-la-cop21-quest-ce-que-cest\/"]}]},{"@type":"ImageObject","inLanguage":"fr-FR","@id":"https:\/\/wamabi.be\/site\/soiree-dinformation-la-cop21-quest-ce-que-cest\/#primaryimage","url":"https:\/\/wamabi.be\/site\/wp-content\/cop21.jpg","contentUrl":"https:\/\/wamabi.be\/site\/wp-content\/cop21.jpg","width":887,"height":768},{"@type":"BreadcrumbList","@id":"https:\/\/wamabi.be\/site\/soiree-dinformation-la-cop21-quest-ce-que-cest\/#breadcrumb","itemListElement":[{"@type":"ListItem","position":1,"name":"Accueil","item":"https:\/\/wamabi.be\/site\/"},{"@type":"ListItem","position":2,"name":"SOIREE D&rsquo;INFORMATION &#8211; la COP21, qu&rsquo;est-ce que c&rsquo;est?"}]},{"@type":"WebSite","@id":"https:\/\/wamabi.be\/site\/#website","url":"https:\/\/wamabi.be\/site\/","name":"Wamabi","description":"Wamabi - Biblioth\u00e8ques de Waimes et de Malmedy","publisher":{"@id":"https:\/\/wamabi.be\/site\/#organization"},"potentialAction":[{"@type":"SearchAction","target":{"@type":"EntryPoint","urlTemplate":"https:\/\/wamabi.be\/site\/?s={search_term_string}"},"query-input":{"@type":"PropertyValueSpecification","valueRequired":true,"valueName":"search_term_string"}}],"inLanguage":"fr-FR"},{"@type":"Organization","@id":"https:\/\/wamabi.be\/site\/#organization","name":"Wamabi","url":"https:\/\/wamabi.be\/site\/","logo":{"@type":"ImageObject","inLanguage":"fr-FR","@id":"https:\/\/wamabi.be\/site\/#\/schema\/logo\/image\/","url":"https:\/\/wamabi.be\/site\/wp-content\/cropped-cropped-Dragon-noir-et-blanc-transparent-carre-1.png","contentUrl":"https:\/\/wamabi.be\/site\/wp-content\/cropped-cropped-Dragon-noir-et-blanc-transparent-carre-1.png","width":2321,"height":2321,"caption":"Wamabi"},"image":{"@id":"https:\/\/wamabi.be\/site\/#\/schema\/logo\/image\/"}},{"@type":"Person","@id":"https:\/\/wamabi.be\/site\/#\/schema\/person\/d215542c812823ee78920d76e619749c","name":"Fred","image":{"@type":"ImageObject","inLanguage":"fr-FR","@id":"https:\/\/secure.gravatar.com\/avatar\/fc672c5d32dec8b323e48becfe5a966d7d87b500bc73ae1712919ac83cddfea3?s=96&d=mm&r=g","url":"https:\/\/secure.gravatar.com\/avatar\/fc672c5d32dec8b323e48becfe5a966d7d87b500bc73ae1712919ac83cddfea3?s=96&d=mm&r=g","contentUrl":"https:\/\/secure.gravatar.com\/avatar\/fc672c5d32dec8b323e48becfe5a966d7d87b500bc73ae1712919ac83cddfea3?s=96&d=mm&r=g","caption":"Fred"},"sameAs":["http:\/\/www.wamabi.be\/"],"url":"https:\/\/wamabi.be\/site\/author\/fred\/"}]}},"_links":{"self":[{"href":"https:\/\/wamabi.be\/site\/wp-json\/wp\/v2\/posts\/7512","targetHints":{"allow":["GET"]}}],"collection":[{"href":"https:\/\/wamabi.be\/site\/wp-json\/wp\/v2\/posts"}],"about":[{"href":"https:\/\/wamabi.be\/site\/wp-json\/wp\/v2\/types\/post"}],"author":[{"embeddable":true,"href":"https:\/\/wamabi.be\/site\/wp-json\/wp\/v2\/users\/14"}],"replies":[{"embeddable":true,"href":"https:\/\/wamabi.be\/site\/wp-json\/wp\/v2\/comments?post=7512"}],"version-history":[{"count":5,"href":"https:\/\/wamabi.be\/site\/wp-json\/wp\/v2\/posts\/7512\/revisions"}],"predecessor-version":[{"id":14599,"href":"https:\/\/wamabi.be\/site\/wp-json\/wp\/v2\/posts\/7512\/revisions\/14599"}],"wp:attachment":[{"href":"https:\/\/wamabi.be\/site\/wp-json\/wp\/v2\/media?parent=7512"}],"wp:term":[{"taxonomy":"category","embeddable":true,"href":"https:\/\/wamabi.be\/site\/wp-json\/wp\/v2\/categories?post=7512"},{"taxonomy":"post_tag","embeddable":true,"href":"https:\/\/wamabi.be\/site\/wp-json\/wp\/v2\/tags?post=7512"}],"curies":[{"name":"wp","href":"https:\/\/api.w.org\/{rel}","templated":true}]}}