{"id":7503,"date":"2015-09-17T14:57:20","date_gmt":"2015-09-17T13:57:20","guid":{"rendered":"http:\/\/wamabi.be\/site\/?p=7503"},"modified":"2015-09-21T13:40:43","modified_gmt":"2015-09-21T12:40:43","slug":"bibliotheque-de-waimes-heure-des-bebes-le-mercredi-7-octobre-a-10-h30","status":"publish","type":"post","link":"https:\/\/wamabi.be\/site\/bibliotheque-de-waimes-heure-des-bebes-le-mercredi-7-octobre-a-10-h30\/","title":{"rendered":"EVEIL MUSICAL &#8211; Les tout-petits \u00e0 la biblioth\u00e8que de Waimes"},"content":{"rendered":"<p style=\"text-align: center;\">\u00c9veil musical par Dominique Fagard le mercredi 7 octobre \u00e0 10h30 \u00e0 la Biblioth\u00e8que de Waimes<\/p>\n<p style=\"text-align: center;\"><strong>R\u00e9servation obligatoire<\/strong><\/p>\n<p><a href=\"http:\/\/wamabi.be\/site\/wp-content\/NOTAS-MUSICALES-246.png\"><img loading=\"lazy\" decoding=\"async\" class=\"aligncenter wp-image-7522 size-medium\" src=\"http:\/\/wamabi.be\/site\/wp-content\/NOTAS-MUSICALES-246-300x258.png\" alt=\"\" width=\"300\" height=\"258\" srcset=\"https:\/\/wamabi.be\/site\/wp-content\/NOTAS-MUSICALES-246-300x258.png 300w, https:\/\/wamabi.be\/site\/wp-content\/NOTAS-MUSICALES-246.png 700w\" sizes=\"auto, (max-width: 300px) 100vw, 300px\" \/><\/a><br \/>\nPar la chanson, la danse et le jeu, Dominique Fagard fait d\u00e9couvrir les mille et une possibilit\u00e9s de vivre la musique tout en s\u2019amusant\u2026<br \/>\nPour \u00e9veiller les petits au rythme, aux sons&#8230;<br \/>\nPour tout enfant de 6 mois \u00e0 3 ans, accompagn\u00e9 d\u2019un adulte.<br \/>\nParents, grands-parents, \u2026 Rejoignez-nous !<\/p>\n<p>Derni\u00e8res s\u00e9ances de l&rsquo;Heure des b\u00e9b\u00e9s 2015 :<br \/>\nA la biblioth\u00e8que de Waimes, les mercredis 7 octobre &amp; 2 d\u00e9cembre, \u00e0 10 heures 30.<\/p>\n<p>A la biblioth\u00e8que de Sourbrodt, le samedi 7 novembre, \u00e0 10 heures 30.<\/p>\n<p>Gratuit.<\/p>\n<p>Renseignements : 080\/44.80.54 ou waimes@wamabi.be<br \/>\nUne organisation de Wamabi, le r\u00e9seau des biblioth\u00e8ques de Waimes &amp; Malmedy dans le cadre de la <a href=\"http:\/\/wamabi.be\/site\/?p=7525\" target=\"_blank\">Fureur de lire 2015<\/a>.<\/p>\n","protected":false},"excerpt":{"rendered":"<p>\u00c9veil musical par Dominique Fagard le mercredi 7 octobre \u00e0 10h30 \u00e0 la Biblioth\u00e8que de Waimes R\u00e9servation obligatoire Par la chanson, la danse et le jeu, Dominique Fagard fait d\u00e9couvrir les mille et une possibilit\u00e9s de vivre la musique tout en s\u2019amusant\u2026 Pour \u00e9veiller les petits au rythme, aux sons&#8230; Pour tout enfant de 6 [&hellip;]<\/p>\n","protected":false},"author":8,"featured_media":0,"comment_status":"open","ping_status":"open","sticky":false,"template":"","format":"standard","meta":{"_seopress_robots_primary_cat":"","_seopress_titles_title":"","_seopress_titles_desc":"","_seopress_robots_index":"","footnotes":""},"categories":[180],"tags":[26,47,181],"class_list":{"0":"post-7503","1":"post","2":"type-post","3":"status-publish","4":"format-standard","6":"category-agenda","7":"tag-bebes","8":"tag-familles","9":"tag-waimes","10":"czr-hentry"},"yoast_head":"<!-- This site is optimized with the Yoast SEO plugin v27.5 - https:\/\/yoast.com\/product\/yoast-seo-wordpress\/ -->\n<title>EVEIL MUSICAL - Les tout-petits \u00e0 la biblioth\u00e8que de Waimes - Wamabi<\/title>\n<meta name=\"robots\" content=\"index, follow, max-snippet:-1, max-image-preview:large, max-video-preview:-1\" \/>\n<link rel=\"canonical\" href=\"https:\/\/wamabi.be\/site\/bibliotheque-de-waimes-heure-des-bebes-le-mercredi-7-octobre-a-10-h30\/\" \/>\n<meta property=\"og:locale\" content=\"fr_FR\" \/>\n<meta property=\"og:type\" content=\"article\" \/>\n<meta property=\"og:title\" content=\"EVEIL MUSICAL - Les tout-petits \u00e0 la biblioth\u00e8que de Waimes - Wamabi\" \/>\n<meta property=\"og:description\" content=\"\u00c9veil musical par Dominique Fagard le mercredi 7 octobre \u00e0 10h30 \u00e0 la Biblioth\u00e8que de Waimes R\u00e9servation obligatoire Par la chanson, la danse et le jeu, Dominique Fagard fait d\u00e9couvrir les mille et une possibilit\u00e9s de vivre la musique tout en s\u2019amusant\u2026 Pour \u00e9veiller les petits au rythme, aux sons&#8230; Pour tout enfant de 6 [&hellip;]\" \/>\n<meta property=\"og:url\" content=\"https:\/\/wamabi.be\/site\/bibliotheque-de-waimes-heure-des-bebes-le-mercredi-7-octobre-a-10-h30\/\" \/>\n<meta property=\"og:site_name\" content=\"Wamabi\" \/>\n<meta property=\"article:published_time\" content=\"2015-09-17T13:57:20+00:00\" \/>\n<meta property=\"article:modified_time\" content=\"2015-09-21T12:40:43+00:00\" \/>\n<meta property=\"og:image\" content=\"http:\/\/wamabi.be\/site\/wp-content\/NOTAS-MUSICALES-246-300x258.png\" \/>\n<meta name=\"author\" content=\"Gaelle\" \/>\n<meta name=\"twitter:card\" content=\"summary_large_image\" \/>\n<meta name=\"twitter:label1\" content=\"\u00c9crit par\" \/>\n\t<meta name=\"twitter:data1\" content=\"Gaelle\" \/>\n\t<meta name=\"twitter:label2\" content=\"Dur\u00e9e de lecture estim\u00e9e\" \/>\n\t<meta name=\"twitter:data2\" content=\"1 minute\" \/>\n<script type=\"application\/ld+json\" class=\"yoast-schema-graph\">{\"@context\":\"https:\\\/\\\/schema.org\",\"@graph\":[{\"@type\":\"Article\",\"@id\":\"https:\\\/\\\/wamabi.be\\\/site\\\/bibliotheque-de-waimes-heure-des-bebes-le-mercredi-7-octobre-a-10-h30\\\/#article\",\"isPartOf\":{\"@id\":\"https:\\\/\\\/wamabi.be\\\/site\\\/bibliotheque-de-waimes-heure-des-bebes-le-mercredi-7-octobre-a-10-h30\\\/\"},\"author\":{\"name\":\"Gaelle\",\"@id\":\"https:\\\/\\\/wamabi.be\\\/site\\\/#\\\/schema\\\/person\\\/a1cfe4a5eb4a76dc1583d2a3a1e618df\"},\"headline\":\"EVEIL MUSICAL &#8211; Les tout-petits \u00e0 la biblioth\u00e8que de Waimes\",\"datePublished\":\"2015-09-17T13:57:20+00:00\",\"dateModified\":\"2015-09-21T12:40:43+00:00\",\"mainEntityOfPage\":{\"@id\":\"https:\\\/\\\/wamabi.be\\\/site\\\/bibliotheque-de-waimes-heure-des-bebes-le-mercredi-7-octobre-a-10-h30\\\/\"},\"wordCount\":137,\"commentCount\":0,\"publisher\":{\"@id\":\"https:\\\/\\\/wamabi.be\\\/site\\\/#organization\"},\"image\":{\"@id\":\"https:\\\/\\\/wamabi.be\\\/site\\\/bibliotheque-de-waimes-heure-des-bebes-le-mercredi-7-octobre-a-10-h30\\\/#primaryimage\"},\"thumbnailUrl\":\"http:\\\/\\\/wamabi.be\\\/site\\\/wp-content\\\/NOTAS-MUSICALES-246-300x258.png\",\"keywords\":[\"B\u00e9b\u00e9s\",\"Familles\",\"Waimes\"],\"articleSection\":[\"Agenda\"],\"inLanguage\":\"fr-FR\",\"potentialAction\":[{\"@type\":\"CommentAction\",\"name\":\"Comment\",\"target\":[\"https:\\\/\\\/wamabi.be\\\/site\\\/bibliotheque-de-waimes-heure-des-bebes-le-mercredi-7-octobre-a-10-h30\\\/#respond\"]}]},{\"@type\":\"WebPage\",\"@id\":\"https:\\\/\\\/wamabi.be\\\/site\\\/bibliotheque-de-waimes-heure-des-bebes-le-mercredi-7-octobre-a-10-h30\\\/\",\"url\":\"https:\\\/\\\/wamabi.be\\\/site\\\/bibliotheque-de-waimes-heure-des-bebes-le-mercredi-7-octobre-a-10-h30\\\/\",\"name\":\"EVEIL MUSICAL - Les tout-petits \u00e0 la biblioth\u00e8que de Waimes - Wamabi\",\"isPartOf\":{\"@id\":\"https:\\\/\\\/wamabi.be\\\/site\\\/#website\"},\"primaryImageOfPage\":{\"@id\":\"https:\\\/\\\/wamabi.be\\\/site\\\/bibliotheque-de-waimes-heure-des-bebes-le-mercredi-7-octobre-a-10-h30\\\/#primaryimage\"},\"image\":{\"@id\":\"https:\\\/\\\/wamabi.be\\\/site\\\/bibliotheque-de-waimes-heure-des-bebes-le-mercredi-7-octobre-a-10-h30\\\/#primaryimage\"},\"thumbnailUrl\":\"http:\\\/\\\/wamabi.be\\\/site\\\/wp-content\\\/NOTAS-MUSICALES-246-300x258.png\",\"datePublished\":\"2015-09-17T13:57:20+00:00\",\"dateModified\":\"2015-09-21T12:40:43+00:00\",\"breadcrumb\":{\"@id\":\"https:\\\/\\\/wamabi.be\\\/site\\\/bibliotheque-de-waimes-heure-des-bebes-le-mercredi-7-octobre-a-10-h30\\\/#breadcrumb\"},\"inLanguage\":\"fr-FR\",\"potentialAction\":[{\"@type\":\"ReadAction\",\"target\":[\"https:\\\/\\\/wamabi.be\\\/site\\\/bibliotheque-de-waimes-heure-des-bebes-le-mercredi-7-octobre-a-10-h30\\\/\"]}]},{\"@type\":\"ImageObject\",\"inLanguage\":\"fr-FR\",\"@id\":\"https:\\\/\\\/wamabi.be\\\/site\\\/bibliotheque-de-waimes-heure-des-bebes-le-mercredi-7-octobre-a-10-h30\\\/#primaryimage\",\"url\":\"https:\\\/\\\/wamabi.be\\\/site\\\/wp-content\\\/NOTAS-MUSICALES-246.png\",\"contentUrl\":\"https:\\\/\\\/wamabi.be\\\/site\\\/wp-content\\\/NOTAS-MUSICALES-246.png\",\"width\":700,\"height\":601},{\"@type\":\"BreadcrumbList\",\"@id\":\"https:\\\/\\\/wamabi.be\\\/site\\\/bibliotheque-de-waimes-heure-des-bebes-le-mercredi-7-octobre-a-10-h30\\\/#breadcrumb\",\"itemListElement\":[{\"@type\":\"ListItem\",\"position\":1,\"name\":\"Accueil\",\"item\":\"https:\\\/\\\/wamabi.be\\\/site\\\/\"},{\"@type\":\"ListItem\",\"position\":2,\"name\":\"EVEIL MUSICAL &#8211; Les tout-petits \u00e0 la biblioth\u00e8que de Waimes\"}]},{\"@type\":\"WebSite\",\"@id\":\"https:\\\/\\\/wamabi.be\\\/site\\\/#website\",\"url\":\"https:\\\/\\\/wamabi.be\\\/site\\\/\",\"name\":\"Wamabi\",\"description\":\"Wamabi - Biblioth\u00e8ques de Waimes et de Malmedy\",\"publisher\":{\"@id\":\"https:\\\/\\\/wamabi.be\\\/site\\\/#organization\"},\"potentialAction\":[{\"@type\":\"SearchAction\",\"target\":{\"@type\":\"EntryPoint\",\"urlTemplate\":\"https:\\\/\\\/wamabi.be\\\/site\\\/?s={search_term_string}\"},\"query-input\":{\"@type\":\"PropertyValueSpecification\",\"valueRequired\":true,\"valueName\":\"search_term_string\"}}],\"inLanguage\":\"fr-FR\"},{\"@type\":\"Organization\",\"@id\":\"https:\\\/\\\/wamabi.be\\\/site\\\/#organization\",\"name\":\"Wamabi\",\"url\":\"https:\\\/\\\/wamabi.be\\\/site\\\/\",\"logo\":{\"@type\":\"ImageObject\",\"inLanguage\":\"fr-FR\",\"@id\":\"https:\\\/\\\/wamabi.be\\\/site\\\/#\\\/schema\\\/logo\\\/image\\\/\",\"url\":\"https:\\\/\\\/wamabi.be\\\/site\\\/wp-content\\\/cropped-cropped-Dragon-noir-et-blanc-transparent-carre-1.png\",\"contentUrl\":\"https:\\\/\\\/wamabi.be\\\/site\\\/wp-content\\\/cropped-cropped-Dragon-noir-et-blanc-transparent-carre-1.png\",\"width\":2321,\"height\":2321,\"caption\":\"Wamabi\"},\"image\":{\"@id\":\"https:\\\/\\\/wamabi.be\\\/site\\\/#\\\/schema\\\/logo\\\/image\\\/\"}},{\"@type\":\"Person\",\"@id\":\"https:\\\/\\\/wamabi.be\\\/site\\\/#\\\/schema\\\/person\\\/a1cfe4a5eb4a76dc1583d2a3a1e618df\",\"name\":\"Gaelle\",\"image\":{\"@type\":\"ImageObject\",\"inLanguage\":\"fr-FR\",\"@id\":\"https:\\\/\\\/secure.gravatar.com\\\/avatar\\\/e1110f9daefe1a1b8c669e2fee040bf49cd1aa11b8d34788100c12c6cdc50dd9?s=96&d=mm&r=g\",\"url\":\"https:\\\/\\\/secure.gravatar.com\\\/avatar\\\/e1110f9daefe1a1b8c669e2fee040bf49cd1aa11b8d34788100c12c6cdc50dd9?s=96&d=mm&r=g\",\"contentUrl\":\"https:\\\/\\\/secure.gravatar.com\\\/avatar\\\/e1110f9daefe1a1b8c669e2fee040bf49cd1aa11b8d34788100c12c6cdc50dd9?s=96&d=mm&r=g\",\"caption\":\"Gaelle\"},\"url\":\"https:\\\/\\\/wamabi.be\\\/site\\\/author\\\/gaelle\\\/\"}]}<\/script>\n<!-- \/ Yoast SEO plugin. -->","yoast_head_json":{"title":"EVEIL MUSICAL - Les tout-petits \u00e0 la biblioth\u00e8que de Waimes - Wamabi","robots":{"index":"index","follow":"follow","max-snippet":"max-snippet:-1","max-image-preview":"max-image-preview:large","max-video-preview":"max-video-preview:-1"},"canonical":"https:\/\/wamabi.be\/site\/bibliotheque-de-waimes-heure-des-bebes-le-mercredi-7-octobre-a-10-h30\/","og_locale":"fr_FR","og_type":"article","og_title":"EVEIL MUSICAL - Les tout-petits \u00e0 la biblioth\u00e8que de Waimes - Wamabi","og_description":"\u00c9veil musical par Dominique Fagard le mercredi 7 octobre \u00e0 10h30 \u00e0 la Biblioth\u00e8que de Waimes R\u00e9servation obligatoire Par la chanson, la danse et le jeu, Dominique Fagard fait d\u00e9couvrir les mille et une possibilit\u00e9s de vivre la musique tout en s\u2019amusant\u2026 Pour \u00e9veiller les petits au rythme, aux sons&#8230; Pour tout enfant de 6 [&hellip;]","og_url":"https:\/\/wamabi.be\/site\/bibliotheque-de-waimes-heure-des-bebes-le-mercredi-7-octobre-a-10-h30\/","og_site_name":"Wamabi","article_published_time":"2015-09-17T13:57:20+00:00","article_modified_time":"2015-09-21T12:40:43+00:00","og_image":[{"url":"http:\/\/wamabi.be\/site\/wp-content\/NOTAS-MUSICALES-246-300x258.png","type":"","width":"","height":""}],"author":"Gaelle","twitter_card":"summary_large_image","twitter_misc":{"\u00c9crit par":"Gaelle","Dur\u00e9e de lecture estim\u00e9e":"1 minute"},"schema":{"@context":"https:\/\/schema.org","@graph":[{"@type":"Article","@id":"https:\/\/wamabi.be\/site\/bibliotheque-de-waimes-heure-des-bebes-le-mercredi-7-octobre-a-10-h30\/#article","isPartOf":{"@id":"https:\/\/wamabi.be\/site\/bibliotheque-de-waimes-heure-des-bebes-le-mercredi-7-octobre-a-10-h30\/"},"author":{"name":"Gaelle","@id":"https:\/\/wamabi.be\/site\/#\/schema\/person\/a1cfe4a5eb4a76dc1583d2a3a1e618df"},"headline":"EVEIL MUSICAL &#8211; Les tout-petits \u00e0 la biblioth\u00e8que de Waimes","datePublished":"2015-09-17T13:57:20+00:00","dateModified":"2015-09-21T12:40:43+00:00","mainEntityOfPage":{"@id":"https:\/\/wamabi.be\/site\/bibliotheque-de-waimes-heure-des-bebes-le-mercredi-7-octobre-a-10-h30\/"},"wordCount":137,"commentCount":0,"publisher":{"@id":"https:\/\/wamabi.be\/site\/#organization"},"image":{"@id":"https:\/\/wamabi.be\/site\/bibliotheque-de-waimes-heure-des-bebes-le-mercredi-7-octobre-a-10-h30\/#primaryimage"},"thumbnailUrl":"http:\/\/wamabi.be\/site\/wp-content\/NOTAS-MUSICALES-246-300x258.png","keywords":["B\u00e9b\u00e9s","Familles","Waimes"],"articleSection":["Agenda"],"inLanguage":"fr-FR","potentialAction":[{"@type":"CommentAction","name":"Comment","target":["https:\/\/wamabi.be\/site\/bibliotheque-de-waimes-heure-des-bebes-le-mercredi-7-octobre-a-10-h30\/#respond"]}]},{"@type":"WebPage","@id":"https:\/\/wamabi.be\/site\/bibliotheque-de-waimes-heure-des-bebes-le-mercredi-7-octobre-a-10-h30\/","url":"https:\/\/wamabi.be\/site\/bibliotheque-de-waimes-heure-des-bebes-le-mercredi-7-octobre-a-10-h30\/","name":"EVEIL MUSICAL - Les tout-petits \u00e0 la biblioth\u00e8que de Waimes - Wamabi","isPartOf":{"@id":"https:\/\/wamabi.be\/site\/#website"},"primaryImageOfPage":{"@id":"https:\/\/wamabi.be\/site\/bibliotheque-de-waimes-heure-des-bebes-le-mercredi-7-octobre-a-10-h30\/#primaryimage"},"image":{"@id":"https:\/\/wamabi.be\/site\/bibliotheque-de-waimes-heure-des-bebes-le-mercredi-7-octobre-a-10-h30\/#primaryimage"},"thumbnailUrl":"http:\/\/wamabi.be\/site\/wp-content\/NOTAS-MUSICALES-246-300x258.png","datePublished":"2015-09-17T13:57:20+00:00","dateModified":"2015-09-21T12:40:43+00:00","breadcrumb":{"@id":"https:\/\/wamabi.be\/site\/bibliotheque-de-waimes-heure-des-bebes-le-mercredi-7-octobre-a-10-h30\/#breadcrumb"},"inLanguage":"fr-FR","potentialAction":[{"@type":"ReadAction","target":["https:\/\/wamabi.be\/site\/bibliotheque-de-waimes-heure-des-bebes-le-mercredi-7-octobre-a-10-h30\/"]}]},{"@type":"ImageObject","inLanguage":"fr-FR","@id":"https:\/\/wamabi.be\/site\/bibliotheque-de-waimes-heure-des-bebes-le-mercredi-7-octobre-a-10-h30\/#primaryimage","url":"https:\/\/wamabi.be\/site\/wp-content\/NOTAS-MUSICALES-246.png","contentUrl":"https:\/\/wamabi.be\/site\/wp-content\/NOTAS-MUSICALES-246.png","width":700,"height":601},{"@type":"BreadcrumbList","@id":"https:\/\/wamabi.be\/site\/bibliotheque-de-waimes-heure-des-bebes-le-mercredi-7-octobre-a-10-h30\/#breadcrumb","itemListElement":[{"@type":"ListItem","position":1,"name":"Accueil","item":"https:\/\/wamabi.be\/site\/"},{"@type":"ListItem","position":2,"name":"EVEIL MUSICAL &#8211; Les tout-petits \u00e0 la biblioth\u00e8que de Waimes"}]},{"@type":"WebSite","@id":"https:\/\/wamabi.be\/site\/#website","url":"https:\/\/wamabi.be\/site\/","name":"Wamabi","description":"Wamabi - Biblioth\u00e8ques de Waimes et de Malmedy","publisher":{"@id":"https:\/\/wamabi.be\/site\/#organization"},"potentialAction":[{"@type":"SearchAction","target":{"@type":"EntryPoint","urlTemplate":"https:\/\/wamabi.be\/site\/?s={search_term_string}"},"query-input":{"@type":"PropertyValueSpecification","valueRequired":true,"valueName":"search_term_string"}}],"inLanguage":"fr-FR"},{"@type":"Organization","@id":"https:\/\/wamabi.be\/site\/#organization","name":"Wamabi","url":"https:\/\/wamabi.be\/site\/","logo":{"@type":"ImageObject","inLanguage":"fr-FR","@id":"https:\/\/wamabi.be\/site\/#\/schema\/logo\/image\/","url":"https:\/\/wamabi.be\/site\/wp-content\/cropped-cropped-Dragon-noir-et-blanc-transparent-carre-1.png","contentUrl":"https:\/\/wamabi.be\/site\/wp-content\/cropped-cropped-Dragon-noir-et-blanc-transparent-carre-1.png","width":2321,"height":2321,"caption":"Wamabi"},"image":{"@id":"https:\/\/wamabi.be\/site\/#\/schema\/logo\/image\/"}},{"@type":"Person","@id":"https:\/\/wamabi.be\/site\/#\/schema\/person\/a1cfe4a5eb4a76dc1583d2a3a1e618df","name":"Gaelle","image":{"@type":"ImageObject","inLanguage":"fr-FR","@id":"https:\/\/secure.gravatar.com\/avatar\/e1110f9daefe1a1b8c669e2fee040bf49cd1aa11b8d34788100c12c6cdc50dd9?s=96&d=mm&r=g","url":"https:\/\/secure.gravatar.com\/avatar\/e1110f9daefe1a1b8c669e2fee040bf49cd1aa11b8d34788100c12c6cdc50dd9?s=96&d=mm&r=g","contentUrl":"https:\/\/secure.gravatar.com\/avatar\/e1110f9daefe1a1b8c669e2fee040bf49cd1aa11b8d34788100c12c6cdc50dd9?s=96&d=mm&r=g","caption":"Gaelle"},"url":"https:\/\/wamabi.be\/site\/author\/gaelle\/"}]}},"_links":{"self":[{"href":"https:\/\/wamabi.be\/site\/wp-json\/wp\/v2\/posts\/7503","targetHints":{"allow":["GET"]}}],"collection":[{"href":"https:\/\/wamabi.be\/site\/wp-json\/wp\/v2\/posts"}],"about":[{"href":"https:\/\/wamabi.be\/site\/wp-json\/wp\/v2\/types\/post"}],"author":[{"embeddable":true,"href":"https:\/\/wamabi.be\/site\/wp-json\/wp\/v2\/users\/8"}],"replies":[{"embeddable":true,"href":"https:\/\/wamabi.be\/site\/wp-json\/wp\/v2\/comments?post=7503"}],"version-history":[{"count":8,"href":"https:\/\/wamabi.be\/site\/wp-json\/wp\/v2\/posts\/7503\/revisions"}],"predecessor-version":[{"id":7535,"href":"https:\/\/wamabi.be\/site\/wp-json\/wp\/v2\/posts\/7503\/revisions\/7535"}],"wp:attachment":[{"href":"https:\/\/wamabi.be\/site\/wp-json\/wp\/v2\/media?parent=7503"}],"wp:term":[{"taxonomy":"category","embeddable":true,"href":"https:\/\/wamabi.be\/site\/wp-json\/wp\/v2\/categories?post=7503"},{"taxonomy":"post_tag","embeddable":true,"href":"https:\/\/wamabi.be\/site\/wp-json\/wp\/v2\/tags?post=7503"}],"curies":[{"name":"wp","href":"https:\/\/api.w.org\/{rel}","templated":true}]}}