{"id":6658,"date":"2015-09-02T16:23:41","date_gmt":"2015-09-02T15:23:41","guid":{"rendered":"http:\/\/wamabi.be\/site\/?p=6658"},"modified":"2015-09-18T14:36:38","modified_gmt":"2015-09-18T13:36:38","slug":"heures-des-bebes-dans-les-bibliotheques-de-waimes-5","status":"publish","type":"post","link":"https:\/\/wamabi.be\/site\/heures-des-bebes-dans-les-bibliotheques-de-waimes-5\/","title":{"rendered":"Heures des b\u00e9b\u00e9s dans les biblioth\u00e8ques de Waimes"},"content":{"rendered":"<p><strong><a href=\"http:\/\/wamabi.be\/site\/wp-content\/oiseau-vert.jpg\"><img loading=\"lazy\" decoding=\"async\" class=\"alignleft size-thumbnail wp-image-6662\" src=\"http:\/\/wamabi.be\/site\/wp-content\/oiseau-vert-150x125.jpg\" alt=\"oiseau vert\" width=\"150\" height=\"125\" \/><\/a><a href=\"http:\/\/wamabi.be\/site\/wp-content\/Papillon-rouge.jpg\"><img loading=\"lazy\" decoding=\"async\" class=\"alignright size-full wp-image-6659\" src=\"http:\/\/wamabi.be\/site\/wp-content\/Papillon-rouge.jpg\" alt=\"Papillon rouge\" width=\"113\" height=\"119\" \/><\/a><\/strong><\/p>\n<p style=\"text-align: center;\">Prendre le temps de lire des livres avec son b\u00e9b\u00e9, c\u2019est partager avec lui des moments privil\u00e9gi\u00e9s. Mais c\u2019est aussi lui donner les cl\u00e9s du monde de l\u2019imaginaire et de la pens\u00e9e.<\/p>\n<p style=\"text-align: center;\">Les biblioth\u00e8ques organisent<\/p>\n<p style=\"text-align: center;\">les <strong><em>Heures des B\u00e9b\u00e9s<\/em> <\/strong>pour tout enfant de 0 \u00e0 3 ans, accompagn\u00e9 d\u2019un adulte.<\/p>\n<p style=\"text-align: center;\">Parents, grands-parents, pu\u00e9ricultrices, gardiennes d\u2019enfants, \u2026 Rejoignez-nous\u00a0!<\/p>\n<p><strong>\u00a0<\/strong><\/p>\n<p style=\"text-align: center;\"><strong>S\u00e9ance 2015\u00a0: <\/strong><\/p>\n<p>A la<strong> biblioth\u00e8que de Waimes, <\/strong><\/p>\n<p>les<strong> mercredis <\/strong>4 f\u00e9vrier, 1<sup>er<\/sup> avril, 3 juin (atelier artistique par Karine Moers)<strong>*<\/strong>,<\/p>\n<p>7 octobre (\u00e9veil musical par Dominique Fagard) &amp; 2 d\u00e9cembre, \u00e0 10 heures 30.<\/p>\n<p>&nbsp;<\/p>\n<p>A la<strong> biblioth\u00e8que de Sourbrodt<\/strong>,<\/p>\n<p>les<strong> samedis <\/strong>7 mars (\u00e9veil musical par le Berceau enchant\u00e9)<strong>*<\/strong>, 9 mai,<\/p>\n<p>5 septembre &amp; 7 novembre, \u00e0 10 heures 30.<\/p>\n<p>&nbsp;<\/p>\n<p><strong>*R\u00e9servations obligatoires<\/strong><\/p>\n<p>&nbsp;<\/p>\n<p><strong>\u00a0<a href=\"http:\/\/wamabi.be\/site\/wp-content\/oiseau-orange.jpg\"><img loading=\"lazy\" decoding=\"async\" class=\"aligncenter wp-image-6663 size-full\" src=\"http:\/\/wamabi.be\/site\/wp-content\/oiseau-orange.jpg\" alt=\"oiseau orange\" width=\"95\" height=\"113\" \/><\/a><\/strong><\/p>\n<p>Gratuit &#8211; <strong>R\u00e9servation obligatoire<\/strong>: 080 \/ 44 80 54 \u2013 <a href=\"mailto:waimes@wamabi.be\">waimes@wamabi.be<\/a><\/p>\n","protected":false},"excerpt":{"rendered":"<p>Prendre le temps de lire des livres avec son b\u00e9b\u00e9, c\u2019est partager avec lui des moments privil\u00e9gi\u00e9s. Mais c\u2019est aussi lui donner les cl\u00e9s du monde de l\u2019imaginaire et de la pens\u00e9e. Les biblioth\u00e8ques organisent les Heures des B\u00e9b\u00e9s pour tout enfant de 0 \u00e0 3 ans, accompagn\u00e9 d\u2019un adulte. Parents, grands-parents, pu\u00e9ricultrices, gardiennes d\u2019enfants, [&hellip;]<\/p>\n","protected":false},"author":8,"featured_media":6660,"comment_status":"open","ping_status":"open","sticky":false,"template":"","format":"standard","meta":{"_seopress_robots_primary_cat":"","_seopress_titles_title":"","_seopress_titles_desc":"","_seopress_robots_index":"","footnotes":""},"categories":[180],"tags":[27,47,122,181],"class_list":{"0":"post-6658","1":"post","2":"type-post","3":"status-publish","4":"format-standard","5":"has-post-thumbnail","7":"category-agenda","8":"tag-contes","9":"tag-familles","10":"tag-villages","11":"tag-waimes","12":"czr-hentry"},"yoast_head":"<!-- This site is optimized with the Yoast SEO plugin v27.5 - https:\/\/yoast.com\/product\/yoast-seo-wordpress\/ -->\n<title>Heures des b\u00e9b\u00e9s dans les biblioth\u00e8ques de Waimes - Wamabi<\/title>\n<meta name=\"robots\" content=\"index, follow, max-snippet:-1, max-image-preview:large, max-video-preview:-1\" \/>\n<link rel=\"canonical\" href=\"https:\/\/wamabi.be\/site\/heures-des-bebes-dans-les-bibliotheques-de-waimes-5\/\" \/>\n<meta property=\"og:locale\" content=\"fr_FR\" \/>\n<meta property=\"og:type\" content=\"article\" \/>\n<meta property=\"og:title\" content=\"Heures des b\u00e9b\u00e9s dans les biblioth\u00e8ques de Waimes - Wamabi\" \/>\n<meta property=\"og:description\" content=\"Prendre le temps de lire des livres avec son b\u00e9b\u00e9, c\u2019est partager avec lui des moments privil\u00e9gi\u00e9s. Mais c\u2019est aussi lui donner les cl\u00e9s du monde de l\u2019imaginaire et de la pens\u00e9e. Les biblioth\u00e8ques organisent les Heures des B\u00e9b\u00e9s pour tout enfant de 0 \u00e0 3 ans, accompagn\u00e9 d\u2019un adulte. Parents, grands-parents, pu\u00e9ricultrices, gardiennes d\u2019enfants, [&hellip;]\" \/>\n<meta property=\"og:url\" content=\"https:\/\/wamabi.be\/site\/heures-des-bebes-dans-les-bibliotheques-de-waimes-5\/\" \/>\n<meta property=\"og:site_name\" content=\"Wamabi\" \/>\n<meta property=\"article:published_time\" content=\"2015-09-02T15:23:41+00:00\" \/>\n<meta property=\"article:modified_time\" content=\"2015-09-18T13:36:38+00:00\" \/>\n<meta property=\"og:image\" content=\"https:\/\/wamabi.be\/site\/wp-content\/Fille.jpg\" \/>\n\t<meta property=\"og:image:width\" content=\"240\" \/>\n\t<meta property=\"og:image:height\" content=\"448\" \/>\n\t<meta property=\"og:image:type\" content=\"image\/jpeg\" \/>\n<meta name=\"author\" content=\"Gaelle\" \/>\n<meta name=\"twitter:card\" content=\"summary_large_image\" \/>\n<meta name=\"twitter:label1\" content=\"\u00c9crit par\" \/>\n\t<meta name=\"twitter:data1\" content=\"Gaelle\" \/>\n\t<meta name=\"twitter:label2\" content=\"Dur\u00e9e de lecture estim\u00e9e\" \/>\n\t<meta name=\"twitter:data2\" content=\"1 minute\" \/>\n<script type=\"application\/ld+json\" class=\"yoast-schema-graph\">{\"@context\":\"https:\\\/\\\/schema.org\",\"@graph\":[{\"@type\":\"Article\",\"@id\":\"https:\\\/\\\/wamabi.be\\\/site\\\/heures-des-bebes-dans-les-bibliotheques-de-waimes-5\\\/#article\",\"isPartOf\":{\"@id\":\"https:\\\/\\\/wamabi.be\\\/site\\\/heures-des-bebes-dans-les-bibliotheques-de-waimes-5\\\/\"},\"author\":{\"name\":\"Gaelle\",\"@id\":\"https:\\\/\\\/wamabi.be\\\/site\\\/#\\\/schema\\\/person\\\/a1cfe4a5eb4a76dc1583d2a3a1e618df\"},\"headline\":\"Heures des b\u00e9b\u00e9s dans les biblioth\u00e8ques de Waimes\",\"datePublished\":\"2015-09-02T15:23:41+00:00\",\"dateModified\":\"2015-09-18T13:36:38+00:00\",\"mainEntityOfPage\":{\"@id\":\"https:\\\/\\\/wamabi.be\\\/site\\\/heures-des-bebes-dans-les-bibliotheques-de-waimes-5\\\/\"},\"wordCount\":142,\"commentCount\":0,\"publisher\":{\"@id\":\"https:\\\/\\\/wamabi.be\\\/site\\\/#organization\"},\"image\":{\"@id\":\"https:\\\/\\\/wamabi.be\\\/site\\\/heures-des-bebes-dans-les-bibliotheques-de-waimes-5\\\/#primaryimage\"},\"thumbnailUrl\":\"https:\\\/\\\/wamabi.be\\\/site\\\/wp-content\\\/Fille.jpg\",\"keywords\":[\"Contes\",\"Familles\",\"Villages\",\"Waimes\"],\"articleSection\":[\"Agenda\"],\"inLanguage\":\"fr-FR\",\"potentialAction\":[{\"@type\":\"CommentAction\",\"name\":\"Comment\",\"target\":[\"https:\\\/\\\/wamabi.be\\\/site\\\/heures-des-bebes-dans-les-bibliotheques-de-waimes-5\\\/#respond\"]}]},{\"@type\":\"WebPage\",\"@id\":\"https:\\\/\\\/wamabi.be\\\/site\\\/heures-des-bebes-dans-les-bibliotheques-de-waimes-5\\\/\",\"url\":\"https:\\\/\\\/wamabi.be\\\/site\\\/heures-des-bebes-dans-les-bibliotheques-de-waimes-5\\\/\",\"name\":\"Heures des b\u00e9b\u00e9s dans les biblioth\u00e8ques de Waimes - Wamabi\",\"isPartOf\":{\"@id\":\"https:\\\/\\\/wamabi.be\\\/site\\\/#website\"},\"primaryImageOfPage\":{\"@id\":\"https:\\\/\\\/wamabi.be\\\/site\\\/heures-des-bebes-dans-les-bibliotheques-de-waimes-5\\\/#primaryimage\"},\"image\":{\"@id\":\"https:\\\/\\\/wamabi.be\\\/site\\\/heures-des-bebes-dans-les-bibliotheques-de-waimes-5\\\/#primaryimage\"},\"thumbnailUrl\":\"https:\\\/\\\/wamabi.be\\\/site\\\/wp-content\\\/Fille.jpg\",\"datePublished\":\"2015-09-02T15:23:41+00:00\",\"dateModified\":\"2015-09-18T13:36:38+00:00\",\"breadcrumb\":{\"@id\":\"https:\\\/\\\/wamabi.be\\\/site\\\/heures-des-bebes-dans-les-bibliotheques-de-waimes-5\\\/#breadcrumb\"},\"inLanguage\":\"fr-FR\",\"potentialAction\":[{\"@type\":\"ReadAction\",\"target\":[\"https:\\\/\\\/wamabi.be\\\/site\\\/heures-des-bebes-dans-les-bibliotheques-de-waimes-5\\\/\"]}]},{\"@type\":\"ImageObject\",\"inLanguage\":\"fr-FR\",\"@id\":\"https:\\\/\\\/wamabi.be\\\/site\\\/heures-des-bebes-dans-les-bibliotheques-de-waimes-5\\\/#primaryimage\",\"url\":\"https:\\\/\\\/wamabi.be\\\/site\\\/wp-content\\\/Fille.jpg\",\"contentUrl\":\"https:\\\/\\\/wamabi.be\\\/site\\\/wp-content\\\/Fille.jpg\",\"width\":240,\"height\":448},{\"@type\":\"BreadcrumbList\",\"@id\":\"https:\\\/\\\/wamabi.be\\\/site\\\/heures-des-bebes-dans-les-bibliotheques-de-waimes-5\\\/#breadcrumb\",\"itemListElement\":[{\"@type\":\"ListItem\",\"position\":1,\"name\":\"Accueil\",\"item\":\"https:\\\/\\\/wamabi.be\\\/site\\\/\"},{\"@type\":\"ListItem\",\"position\":2,\"name\":\"Heures des b\u00e9b\u00e9s dans les biblioth\u00e8ques de Waimes\"}]},{\"@type\":\"WebSite\",\"@id\":\"https:\\\/\\\/wamabi.be\\\/site\\\/#website\",\"url\":\"https:\\\/\\\/wamabi.be\\\/site\\\/\",\"name\":\"Wamabi\",\"description\":\"Wamabi - Biblioth\u00e8ques de Waimes et de Malmedy\",\"publisher\":{\"@id\":\"https:\\\/\\\/wamabi.be\\\/site\\\/#organization\"},\"potentialAction\":[{\"@type\":\"SearchAction\",\"target\":{\"@type\":\"EntryPoint\",\"urlTemplate\":\"https:\\\/\\\/wamabi.be\\\/site\\\/?s={search_term_string}\"},\"query-input\":{\"@type\":\"PropertyValueSpecification\",\"valueRequired\":true,\"valueName\":\"search_term_string\"}}],\"inLanguage\":\"fr-FR\"},{\"@type\":\"Organization\",\"@id\":\"https:\\\/\\\/wamabi.be\\\/site\\\/#organization\",\"name\":\"Wamabi\",\"url\":\"https:\\\/\\\/wamabi.be\\\/site\\\/\",\"logo\":{\"@type\":\"ImageObject\",\"inLanguage\":\"fr-FR\",\"@id\":\"https:\\\/\\\/wamabi.be\\\/site\\\/#\\\/schema\\\/logo\\\/image\\\/\",\"url\":\"https:\\\/\\\/wamabi.be\\\/site\\\/wp-content\\\/cropped-cropped-Dragon-noir-et-blanc-transparent-carre-1.png\",\"contentUrl\":\"https:\\\/\\\/wamabi.be\\\/site\\\/wp-content\\\/cropped-cropped-Dragon-noir-et-blanc-transparent-carre-1.png\",\"width\":2321,\"height\":2321,\"caption\":\"Wamabi\"},\"image\":{\"@id\":\"https:\\\/\\\/wamabi.be\\\/site\\\/#\\\/schema\\\/logo\\\/image\\\/\"}},{\"@type\":\"Person\",\"@id\":\"https:\\\/\\\/wamabi.be\\\/site\\\/#\\\/schema\\\/person\\\/a1cfe4a5eb4a76dc1583d2a3a1e618df\",\"name\":\"Gaelle\",\"image\":{\"@type\":\"ImageObject\",\"inLanguage\":\"fr-FR\",\"@id\":\"https:\\\/\\\/secure.gravatar.com\\\/avatar\\\/e1110f9daefe1a1b8c669e2fee040bf49cd1aa11b8d34788100c12c6cdc50dd9?s=96&d=mm&r=g\",\"url\":\"https:\\\/\\\/secure.gravatar.com\\\/avatar\\\/e1110f9daefe1a1b8c669e2fee040bf49cd1aa11b8d34788100c12c6cdc50dd9?s=96&d=mm&r=g\",\"contentUrl\":\"https:\\\/\\\/secure.gravatar.com\\\/avatar\\\/e1110f9daefe1a1b8c669e2fee040bf49cd1aa11b8d34788100c12c6cdc50dd9?s=96&d=mm&r=g\",\"caption\":\"Gaelle\"},\"url\":\"https:\\\/\\\/wamabi.be\\\/site\\\/author\\\/gaelle\\\/\"}]}<\/script>\n<!-- \/ Yoast SEO plugin. -->","yoast_head_json":{"title":"Heures des b\u00e9b\u00e9s dans les biblioth\u00e8ques de Waimes - Wamabi","robots":{"index":"index","follow":"follow","max-snippet":"max-snippet:-1","max-image-preview":"max-image-preview:large","max-video-preview":"max-video-preview:-1"},"canonical":"https:\/\/wamabi.be\/site\/heures-des-bebes-dans-les-bibliotheques-de-waimes-5\/","og_locale":"fr_FR","og_type":"article","og_title":"Heures des b\u00e9b\u00e9s dans les biblioth\u00e8ques de Waimes - Wamabi","og_description":"Prendre le temps de lire des livres avec son b\u00e9b\u00e9, c\u2019est partager avec lui des moments privil\u00e9gi\u00e9s. Mais c\u2019est aussi lui donner les cl\u00e9s du monde de l\u2019imaginaire et de la pens\u00e9e. Les biblioth\u00e8ques organisent les Heures des B\u00e9b\u00e9s pour tout enfant de 0 \u00e0 3 ans, accompagn\u00e9 d\u2019un adulte. Parents, grands-parents, pu\u00e9ricultrices, gardiennes d\u2019enfants, [&hellip;]","og_url":"https:\/\/wamabi.be\/site\/heures-des-bebes-dans-les-bibliotheques-de-waimes-5\/","og_site_name":"Wamabi","article_published_time":"2015-09-02T15:23:41+00:00","article_modified_time":"2015-09-18T13:36:38+00:00","og_image":[{"width":240,"height":448,"url":"https:\/\/wamabi.be\/site\/wp-content\/Fille.jpg","type":"image\/jpeg"}],"author":"Gaelle","twitter_card":"summary_large_image","twitter_misc":{"\u00c9crit par":"Gaelle","Dur\u00e9e de lecture estim\u00e9e":"1 minute"},"schema":{"@context":"https:\/\/schema.org","@graph":[{"@type":"Article","@id":"https:\/\/wamabi.be\/site\/heures-des-bebes-dans-les-bibliotheques-de-waimes-5\/#article","isPartOf":{"@id":"https:\/\/wamabi.be\/site\/heures-des-bebes-dans-les-bibliotheques-de-waimes-5\/"},"author":{"name":"Gaelle","@id":"https:\/\/wamabi.be\/site\/#\/schema\/person\/a1cfe4a5eb4a76dc1583d2a3a1e618df"},"headline":"Heures des b\u00e9b\u00e9s dans les biblioth\u00e8ques de Waimes","datePublished":"2015-09-02T15:23:41+00:00","dateModified":"2015-09-18T13:36:38+00:00","mainEntityOfPage":{"@id":"https:\/\/wamabi.be\/site\/heures-des-bebes-dans-les-bibliotheques-de-waimes-5\/"},"wordCount":142,"commentCount":0,"publisher":{"@id":"https:\/\/wamabi.be\/site\/#organization"},"image":{"@id":"https:\/\/wamabi.be\/site\/heures-des-bebes-dans-les-bibliotheques-de-waimes-5\/#primaryimage"},"thumbnailUrl":"https:\/\/wamabi.be\/site\/wp-content\/Fille.jpg","keywords":["Contes","Familles","Villages","Waimes"],"articleSection":["Agenda"],"inLanguage":"fr-FR","potentialAction":[{"@type":"CommentAction","name":"Comment","target":["https:\/\/wamabi.be\/site\/heures-des-bebes-dans-les-bibliotheques-de-waimes-5\/#respond"]}]},{"@type":"WebPage","@id":"https:\/\/wamabi.be\/site\/heures-des-bebes-dans-les-bibliotheques-de-waimes-5\/","url":"https:\/\/wamabi.be\/site\/heures-des-bebes-dans-les-bibliotheques-de-waimes-5\/","name":"Heures des b\u00e9b\u00e9s dans les biblioth\u00e8ques de Waimes - Wamabi","isPartOf":{"@id":"https:\/\/wamabi.be\/site\/#website"},"primaryImageOfPage":{"@id":"https:\/\/wamabi.be\/site\/heures-des-bebes-dans-les-bibliotheques-de-waimes-5\/#primaryimage"},"image":{"@id":"https:\/\/wamabi.be\/site\/heures-des-bebes-dans-les-bibliotheques-de-waimes-5\/#primaryimage"},"thumbnailUrl":"https:\/\/wamabi.be\/site\/wp-content\/Fille.jpg","datePublished":"2015-09-02T15:23:41+00:00","dateModified":"2015-09-18T13:36:38+00:00","breadcrumb":{"@id":"https:\/\/wamabi.be\/site\/heures-des-bebes-dans-les-bibliotheques-de-waimes-5\/#breadcrumb"},"inLanguage":"fr-FR","potentialAction":[{"@type":"ReadAction","target":["https:\/\/wamabi.be\/site\/heures-des-bebes-dans-les-bibliotheques-de-waimes-5\/"]}]},{"@type":"ImageObject","inLanguage":"fr-FR","@id":"https:\/\/wamabi.be\/site\/heures-des-bebes-dans-les-bibliotheques-de-waimes-5\/#primaryimage","url":"https:\/\/wamabi.be\/site\/wp-content\/Fille.jpg","contentUrl":"https:\/\/wamabi.be\/site\/wp-content\/Fille.jpg","width":240,"height":448},{"@type":"BreadcrumbList","@id":"https:\/\/wamabi.be\/site\/heures-des-bebes-dans-les-bibliotheques-de-waimes-5\/#breadcrumb","itemListElement":[{"@type":"ListItem","position":1,"name":"Accueil","item":"https:\/\/wamabi.be\/site\/"},{"@type":"ListItem","position":2,"name":"Heures des b\u00e9b\u00e9s dans les biblioth\u00e8ques de Waimes"}]},{"@type":"WebSite","@id":"https:\/\/wamabi.be\/site\/#website","url":"https:\/\/wamabi.be\/site\/","name":"Wamabi","description":"Wamabi - Biblioth\u00e8ques de Waimes et de Malmedy","publisher":{"@id":"https:\/\/wamabi.be\/site\/#organization"},"potentialAction":[{"@type":"SearchAction","target":{"@type":"EntryPoint","urlTemplate":"https:\/\/wamabi.be\/site\/?s={search_term_string}"},"query-input":{"@type":"PropertyValueSpecification","valueRequired":true,"valueName":"search_term_string"}}],"inLanguage":"fr-FR"},{"@type":"Organization","@id":"https:\/\/wamabi.be\/site\/#organization","name":"Wamabi","url":"https:\/\/wamabi.be\/site\/","logo":{"@type":"ImageObject","inLanguage":"fr-FR","@id":"https:\/\/wamabi.be\/site\/#\/schema\/logo\/image\/","url":"https:\/\/wamabi.be\/site\/wp-content\/cropped-cropped-Dragon-noir-et-blanc-transparent-carre-1.png","contentUrl":"https:\/\/wamabi.be\/site\/wp-content\/cropped-cropped-Dragon-noir-et-blanc-transparent-carre-1.png","width":2321,"height":2321,"caption":"Wamabi"},"image":{"@id":"https:\/\/wamabi.be\/site\/#\/schema\/logo\/image\/"}},{"@type":"Person","@id":"https:\/\/wamabi.be\/site\/#\/schema\/person\/a1cfe4a5eb4a76dc1583d2a3a1e618df","name":"Gaelle","image":{"@type":"ImageObject","inLanguage":"fr-FR","@id":"https:\/\/secure.gravatar.com\/avatar\/e1110f9daefe1a1b8c669e2fee040bf49cd1aa11b8d34788100c12c6cdc50dd9?s=96&d=mm&r=g","url":"https:\/\/secure.gravatar.com\/avatar\/e1110f9daefe1a1b8c669e2fee040bf49cd1aa11b8d34788100c12c6cdc50dd9?s=96&d=mm&r=g","contentUrl":"https:\/\/secure.gravatar.com\/avatar\/e1110f9daefe1a1b8c669e2fee040bf49cd1aa11b8d34788100c12c6cdc50dd9?s=96&d=mm&r=g","caption":"Gaelle"},"url":"https:\/\/wamabi.be\/site\/author\/gaelle\/"}]}},"_links":{"self":[{"href":"https:\/\/wamabi.be\/site\/wp-json\/wp\/v2\/posts\/6658","targetHints":{"allow":["GET"]}}],"collection":[{"href":"https:\/\/wamabi.be\/site\/wp-json\/wp\/v2\/posts"}],"about":[{"href":"https:\/\/wamabi.be\/site\/wp-json\/wp\/v2\/types\/post"}],"author":[{"embeddable":true,"href":"https:\/\/wamabi.be\/site\/wp-json\/wp\/v2\/users\/8"}],"replies":[{"embeddable":true,"href":"https:\/\/wamabi.be\/site\/wp-json\/wp\/v2\/comments?post=6658"}],"version-history":[{"count":1,"href":"https:\/\/wamabi.be\/site\/wp-json\/wp\/v2\/posts\/6658\/revisions"}],"predecessor-version":[{"id":7483,"href":"https:\/\/wamabi.be\/site\/wp-json\/wp\/v2\/posts\/6658\/revisions\/7483"}],"wp:featuredmedia":[{"embeddable":true,"href":"https:\/\/wamabi.be\/site\/wp-json\/wp\/v2\/media\/6660"}],"wp:attachment":[{"href":"https:\/\/wamabi.be\/site\/wp-json\/wp\/v2\/media?parent=6658"}],"wp:term":[{"taxonomy":"category","embeddable":true,"href":"https:\/\/wamabi.be\/site\/wp-json\/wp\/v2\/categories?post=6658"},{"taxonomy":"post_tag","embeddable":true,"href":"https:\/\/wamabi.be\/site\/wp-json\/wp\/v2\/tags?post=6658"}],"curies":[{"name":"wp","href":"https:\/\/api.w.org\/{rel}","templated":true}]}}