{"id":6546,"date":"2014-12-03T18:13:53","date_gmt":"2014-12-03T17:13:53","guid":{"rendered":"http:\/\/wamabi.be\/site\/?p=6546"},"modified":"2015-01-28T07:52:00","modified_gmt":"2015-01-28T06:52:00","slug":"noel-au-theatre-2014","status":"publish","type":"post","link":"https:\/\/wamabi.be\/site\/noel-au-theatre-2014\/","title":{"rendered":"No\u00ebl au th\u00e9\u00e2tre 2014"},"content":{"rendered":"<p><strong>Venez partager un moment d&rsquo;\u00e9merveillement lors la 4e \u00e9dition de No\u00ebl au th\u00e9\u00e2tre: des moments magiques pour les familles propos\u00e9s pendant les vacances de No\u00ebl \u00e0 Waimes et Malmedy, mais aussi un peu partout dans l\u2019arrondissement de Verviers. D\u00e9couvrez l&rsquo;enti\u00e8ret\u00e9 du programme <a href=\"http:\/\/wamabi.be\/site\/wp-content\/Programme-NAT-2014-pour-site.pdf\" target=\"_blank\">ICI<\/a>. <\/strong><\/p>\n<p><a href=\"http:\/\/wamabi.be\/site\/wp-content\/Noelautheatre.png\"><img loading=\"lazy\" decoding=\"async\" class=\"aligncenter size-medium wp-image-6589\" src=\"http:\/\/wamabi.be\/site\/wp-content\/Noelautheatre-210x300.png\" alt=\"Noelautheatre\" width=\"210\" height=\"300\" srcset=\"https:\/\/wamabi.be\/site\/wp-content\/Noelautheatre-210x300.png 210w, https:\/\/wamabi.be\/site\/wp-content\/Noelautheatre.png 611w\" sizes=\"auto, (max-width: 210px) 100vw, 210px\" \/><\/a><\/p>\n<ul>\n<li><a href=\"http:\/\/leberceauenchante.jimdo.com\/\" target=\"_blank\"><strong><em>Berceuses, comptines et jeux de doigts anim\u00e9s<\/em><\/strong><\/a> par le Berceau enchant\u00e9 le samedi 20 d\u00e9cembre \u00e0 9h30 et 11h \u00e0 la biblioth\u00e8que de Malmedy (de 18 mois \u00e0 4 ans)<\/li>\n<\/ul>\n<p>L&rsquo;Heure des b\u00e9b\u00e9s revisit\u00e9e par Fr\u00e9d\u00e9rique Henriot. Gratuit. Infos : 080799930 COMPLET<\/p>\n<ul>\n<li><a href=\"http:\/\/wamabi.be\/site\/?p=6462\" target=\"_blank\"><em><strong>Le bonheur, c&rsquo;est maintenant!<\/strong><\/em><\/a> par Jackylou le dimanche 21 d\u00e9cembre \u00e0 15h\u00a0 au Malmundarium &#8211; entr\u00e9e par la biblioth\u00e8que (d\u00e8s 4 ans)<\/li>\n<\/ul>\n<p>Jackylou est de retour pour la plus grande joie des enfants. Accompagn\u00e9 autrefois de sa poule Odile, il nous revient avec des musiciens, sa guitare et 100% de nouvelles chansons. PAF: 6\u20ac. Infos et r\u00e9servations: 080799930<\/p>\n<ul>\n<li><a href=\"http:\/\/wamabi.be\/site\/?p=6597\" target=\"_blank\"><em><strong>Le prince heureux<\/strong><\/em><\/a> par Racagnac Productions le samedi 03 janvier \u00e0 14 et 17h \u00e0 la Salle Barassoci\u00e9s d&rsquo;Ovifat (d\u00e8s 5 ans)<\/li>\n<\/ul>\n<p>Th\u00e9\u00e2tre de marionnettes et d&rsquo;objets. PAF: 6\u20ac. Infos et r\u00e9servations: 0496403971<\/p>\n<ul>\n<li>Cliquez <a href=\"http:\/\/wamabi.be\/site\/wp-content\/Programme-NAT-2014-pour-site.pdf\" target=\"_blank\">ICI<\/a> pour d\u00e9couvrir les autres spectacles \u00ab\u00a0jeune public\u00a0\u00bb organis\u00e9s dans l&rsquo;arrondissement de Verviers.<\/li>\n<\/ul>\n<p><em>No\u00ebl au th\u00e9\u00e2tre est une op\u00e9ration chapeaut\u00e9e par le Centre Culturel R\u00e9gional de Verviers en partenariat avec les associations, les Centres culturels et les biblioth\u00e8ques de la r\u00e9gion vervi\u00e9toise. La programmation sur les communes de Waimes et Malmedy est le r\u00e9sultat d&rsquo;une collaboration entre l&rsquo;asbl Options et Wamabi (le r\u00e9seau des biblioth\u00e8ques de Waimes et Malmedy) avec le soutien de la Ligue des familles et Province de Li\u00e8ge-Culture<a href=\"http:\/\/www.east-inflatables.com\/blog\/how-to-install-inflatable-movie-screen.html\">Inflatable Movie Screen<\/a>.<\/em><\/p>\n","protected":false},"excerpt":{"rendered":"<p>Venez partager un moment d&rsquo;\u00e9merveillement lors la 4e \u00e9dition de No\u00ebl au th\u00e9\u00e2tre: des moments magiques pour les familles propos\u00e9s pendant les vacances de No\u00ebl \u00e0 Waimes et Malmedy, mais aussi un peu partout dans l\u2019arrondissement de Verviers. D\u00e9couvrez l&rsquo;enti\u00e8ret\u00e9 du programme ICI. Berceuses, comptines et jeux de doigts anim\u00e9s par le Berceau enchant\u00e9 le [&hellip;]<\/p>\n","protected":false},"author":14,"featured_media":0,"comment_status":"open","ping_status":"open","sticky":false,"template":"","format":"standard","meta":{"_seopress_robots_primary_cat":"","_seopress_titles_title":"","_seopress_titles_desc":"","_seopress_robots_index":"","footnotes":""},"categories":[1],"tags":[141,140,156,66,50,213],"class_list":{"0":"post-6546","1":"post","2":"type-post","3":"status-publish","4":"format-standard","6":"category-non-classe","7":"tag-fetes","8":"tag-hivernales","9":"tag-malmundarium","10":"tag-musique","11":"tag-partenaires","12":"tag-theatre","13":"czr-hentry"},"yoast_head":"<!-- This site is optimized with the Yoast SEO plugin v27.5 - https:\/\/yoast.com\/product\/yoast-seo-wordpress\/ -->\n<title>No\u00ebl au th\u00e9\u00e2tre 2014 - Wamabi<\/title>\n<meta name=\"robots\" content=\"index, follow, max-snippet:-1, max-image-preview:large, max-video-preview:-1\" \/>\n<link rel=\"canonical\" href=\"https:\/\/wamabi.be\/site\/noel-au-theatre-2014\/\" \/>\n<meta property=\"og:locale\" content=\"fr_FR\" \/>\n<meta property=\"og:type\" content=\"article\" \/>\n<meta property=\"og:title\" content=\"No\u00ebl au th\u00e9\u00e2tre 2014 - Wamabi\" \/>\n<meta property=\"og:description\" content=\"Venez partager un moment d&rsquo;\u00e9merveillement lors la 4e \u00e9dition de No\u00ebl au th\u00e9\u00e2tre: des moments magiques pour les familles propos\u00e9s pendant les vacances de No\u00ebl \u00e0 Waimes et Malmedy, mais aussi un peu partout dans l\u2019arrondissement de Verviers. D\u00e9couvrez l&rsquo;enti\u00e8ret\u00e9 du programme ICI. Berceuses, comptines et jeux de doigts anim\u00e9s par le Berceau enchant\u00e9 le [&hellip;]\" \/>\n<meta property=\"og:url\" content=\"https:\/\/wamabi.be\/site\/noel-au-theatre-2014\/\" \/>\n<meta property=\"og:site_name\" content=\"Wamabi\" \/>\n<meta property=\"article:published_time\" content=\"2014-12-03T17:13:53+00:00\" \/>\n<meta property=\"article:modified_time\" content=\"2015-01-28T06:52:00+00:00\" \/>\n<meta property=\"og:image\" content=\"http:\/\/wamabi.be\/site\/wp-content\/Noelautheatre-210x300.png\" \/>\n<meta name=\"author\" content=\"Fred\" \/>\n<meta name=\"twitter:card\" content=\"summary_large_image\" \/>\n<meta name=\"twitter:label1\" content=\"\u00c9crit par\" \/>\n\t<meta name=\"twitter:data1\" content=\"Fred\" \/>\n\t<meta name=\"twitter:label2\" content=\"Dur\u00e9e de lecture estim\u00e9e\" \/>\n\t<meta name=\"twitter:data2\" content=\"1 minute\" \/>\n<script type=\"application\/ld+json\" class=\"yoast-schema-graph\">{\"@context\":\"https:\\\/\\\/schema.org\",\"@graph\":[{\"@type\":\"Article\",\"@id\":\"https:\\\/\\\/wamabi.be\\\/site\\\/noel-au-theatre-2014\\\/#article\",\"isPartOf\":{\"@id\":\"https:\\\/\\\/wamabi.be\\\/site\\\/noel-au-theatre-2014\\\/\"},\"author\":{\"name\":\"Fred\",\"@id\":\"https:\\\/\\\/wamabi.be\\\/site\\\/#\\\/schema\\\/person\\\/d215542c812823ee78920d76e619749c\"},\"headline\":\"No\u00ebl au th\u00e9\u00e2tre 2014\",\"datePublished\":\"2014-12-03T17:13:53+00:00\",\"dateModified\":\"2015-01-28T06:52:00+00:00\",\"mainEntityOfPage\":{\"@id\":\"https:\\\/\\\/wamabi.be\\\/site\\\/noel-au-theatre-2014\\\/\"},\"wordCount\":290,\"commentCount\":0,\"publisher\":{\"@id\":\"https:\\\/\\\/wamabi.be\\\/site\\\/#organization\"},\"image\":{\"@id\":\"https:\\\/\\\/wamabi.be\\\/site\\\/noel-au-theatre-2014\\\/#primaryimage\"},\"thumbnailUrl\":\"http:\\\/\\\/wamabi.be\\\/site\\\/wp-content\\\/Noelautheatre-210x300.png\",\"keywords\":[\"F\u00eates\",\"Hivernales\",\"Malmundarium\",\"Musique\",\"Partenaires\",\"Th\u00e9\u00e2tre\"],\"inLanguage\":\"fr-FR\",\"potentialAction\":[{\"@type\":\"CommentAction\",\"name\":\"Comment\",\"target\":[\"https:\\\/\\\/wamabi.be\\\/site\\\/noel-au-theatre-2014\\\/#respond\"]}]},{\"@type\":\"WebPage\",\"@id\":\"https:\\\/\\\/wamabi.be\\\/site\\\/noel-au-theatre-2014\\\/\",\"url\":\"https:\\\/\\\/wamabi.be\\\/site\\\/noel-au-theatre-2014\\\/\",\"name\":\"No\u00ebl au th\u00e9\u00e2tre 2014 - Wamabi\",\"isPartOf\":{\"@id\":\"https:\\\/\\\/wamabi.be\\\/site\\\/#website\"},\"primaryImageOfPage\":{\"@id\":\"https:\\\/\\\/wamabi.be\\\/site\\\/noel-au-theatre-2014\\\/#primaryimage\"},\"image\":{\"@id\":\"https:\\\/\\\/wamabi.be\\\/site\\\/noel-au-theatre-2014\\\/#primaryimage\"},\"thumbnailUrl\":\"http:\\\/\\\/wamabi.be\\\/site\\\/wp-content\\\/Noelautheatre-210x300.png\",\"datePublished\":\"2014-12-03T17:13:53+00:00\",\"dateModified\":\"2015-01-28T06:52:00+00:00\",\"breadcrumb\":{\"@id\":\"https:\\\/\\\/wamabi.be\\\/site\\\/noel-au-theatre-2014\\\/#breadcrumb\"},\"inLanguage\":\"fr-FR\",\"potentialAction\":[{\"@type\":\"ReadAction\",\"target\":[\"https:\\\/\\\/wamabi.be\\\/site\\\/noel-au-theatre-2014\\\/\"]}]},{\"@type\":\"ImageObject\",\"inLanguage\":\"fr-FR\",\"@id\":\"https:\\\/\\\/wamabi.be\\\/site\\\/noel-au-theatre-2014\\\/#primaryimage\",\"url\":\"https:\\\/\\\/wamabi.be\\\/site\\\/wp-content\\\/Noelautheatre.png\",\"contentUrl\":\"https:\\\/\\\/wamabi.be\\\/site\\\/wp-content\\\/Noelautheatre.png\",\"width\":611,\"height\":869},{\"@type\":\"BreadcrumbList\",\"@id\":\"https:\\\/\\\/wamabi.be\\\/site\\\/noel-au-theatre-2014\\\/#breadcrumb\",\"itemListElement\":[{\"@type\":\"ListItem\",\"position\":1,\"name\":\"Accueil\",\"item\":\"https:\\\/\\\/wamabi.be\\\/site\\\/\"},{\"@type\":\"ListItem\",\"position\":2,\"name\":\"No\u00ebl au th\u00e9\u00e2tre 2014\"}]},{\"@type\":\"WebSite\",\"@id\":\"https:\\\/\\\/wamabi.be\\\/site\\\/#website\",\"url\":\"https:\\\/\\\/wamabi.be\\\/site\\\/\",\"name\":\"Wamabi\",\"description\":\"Wamabi - Biblioth\u00e8ques de Waimes et de Malmedy\",\"publisher\":{\"@id\":\"https:\\\/\\\/wamabi.be\\\/site\\\/#organization\"},\"potentialAction\":[{\"@type\":\"SearchAction\",\"target\":{\"@type\":\"EntryPoint\",\"urlTemplate\":\"https:\\\/\\\/wamabi.be\\\/site\\\/?s={search_term_string}\"},\"query-input\":{\"@type\":\"PropertyValueSpecification\",\"valueRequired\":true,\"valueName\":\"search_term_string\"}}],\"inLanguage\":\"fr-FR\"},{\"@type\":\"Organization\",\"@id\":\"https:\\\/\\\/wamabi.be\\\/site\\\/#organization\",\"name\":\"Wamabi\",\"url\":\"https:\\\/\\\/wamabi.be\\\/site\\\/\",\"logo\":{\"@type\":\"ImageObject\",\"inLanguage\":\"fr-FR\",\"@id\":\"https:\\\/\\\/wamabi.be\\\/site\\\/#\\\/schema\\\/logo\\\/image\\\/\",\"url\":\"https:\\\/\\\/wamabi.be\\\/site\\\/wp-content\\\/cropped-cropped-Dragon-noir-et-blanc-transparent-carre-1.png\",\"contentUrl\":\"https:\\\/\\\/wamabi.be\\\/site\\\/wp-content\\\/cropped-cropped-Dragon-noir-et-blanc-transparent-carre-1.png\",\"width\":2321,\"height\":2321,\"caption\":\"Wamabi\"},\"image\":{\"@id\":\"https:\\\/\\\/wamabi.be\\\/site\\\/#\\\/schema\\\/logo\\\/image\\\/\"}},{\"@type\":\"Person\",\"@id\":\"https:\\\/\\\/wamabi.be\\\/site\\\/#\\\/schema\\\/person\\\/d215542c812823ee78920d76e619749c\",\"name\":\"Fred\",\"image\":{\"@type\":\"ImageObject\",\"inLanguage\":\"fr-FR\",\"@id\":\"https:\\\/\\\/secure.gravatar.com\\\/avatar\\\/fc672c5d32dec8b323e48becfe5a966d7d87b500bc73ae1712919ac83cddfea3?s=96&d=mm&r=g\",\"url\":\"https:\\\/\\\/secure.gravatar.com\\\/avatar\\\/fc672c5d32dec8b323e48becfe5a966d7d87b500bc73ae1712919ac83cddfea3?s=96&d=mm&r=g\",\"contentUrl\":\"https:\\\/\\\/secure.gravatar.com\\\/avatar\\\/fc672c5d32dec8b323e48becfe5a966d7d87b500bc73ae1712919ac83cddfea3?s=96&d=mm&r=g\",\"caption\":\"Fred\"},\"sameAs\":[\"http:\\\/\\\/www.wamabi.be\\\/\"],\"url\":\"https:\\\/\\\/wamabi.be\\\/site\\\/author\\\/fred\\\/\"}]}<\/script>\n<!-- \/ Yoast SEO plugin. -->","yoast_head_json":{"title":"No\u00ebl au th\u00e9\u00e2tre 2014 - Wamabi","robots":{"index":"index","follow":"follow","max-snippet":"max-snippet:-1","max-image-preview":"max-image-preview:large","max-video-preview":"max-video-preview:-1"},"canonical":"https:\/\/wamabi.be\/site\/noel-au-theatre-2014\/","og_locale":"fr_FR","og_type":"article","og_title":"No\u00ebl au th\u00e9\u00e2tre 2014 - Wamabi","og_description":"Venez partager un moment d&rsquo;\u00e9merveillement lors la 4e \u00e9dition de No\u00ebl au th\u00e9\u00e2tre: des moments magiques pour les familles propos\u00e9s pendant les vacances de No\u00ebl \u00e0 Waimes et Malmedy, mais aussi un peu partout dans l\u2019arrondissement de Verviers. D\u00e9couvrez l&rsquo;enti\u00e8ret\u00e9 du programme ICI. Berceuses, comptines et jeux de doigts anim\u00e9s par le Berceau enchant\u00e9 le [&hellip;]","og_url":"https:\/\/wamabi.be\/site\/noel-au-theatre-2014\/","og_site_name":"Wamabi","article_published_time":"2014-12-03T17:13:53+00:00","article_modified_time":"2015-01-28T06:52:00+00:00","og_image":[{"url":"http:\/\/wamabi.be\/site\/wp-content\/Noelautheatre-210x300.png","type":"","width":"","height":""}],"author":"Fred","twitter_card":"summary_large_image","twitter_misc":{"\u00c9crit par":"Fred","Dur\u00e9e de lecture estim\u00e9e":"1 minute"},"schema":{"@context":"https:\/\/schema.org","@graph":[{"@type":"Article","@id":"https:\/\/wamabi.be\/site\/noel-au-theatre-2014\/#article","isPartOf":{"@id":"https:\/\/wamabi.be\/site\/noel-au-theatre-2014\/"},"author":{"name":"Fred","@id":"https:\/\/wamabi.be\/site\/#\/schema\/person\/d215542c812823ee78920d76e619749c"},"headline":"No\u00ebl au th\u00e9\u00e2tre 2014","datePublished":"2014-12-03T17:13:53+00:00","dateModified":"2015-01-28T06:52:00+00:00","mainEntityOfPage":{"@id":"https:\/\/wamabi.be\/site\/noel-au-theatre-2014\/"},"wordCount":290,"commentCount":0,"publisher":{"@id":"https:\/\/wamabi.be\/site\/#organization"},"image":{"@id":"https:\/\/wamabi.be\/site\/noel-au-theatre-2014\/#primaryimage"},"thumbnailUrl":"http:\/\/wamabi.be\/site\/wp-content\/Noelautheatre-210x300.png","keywords":["F\u00eates","Hivernales","Malmundarium","Musique","Partenaires","Th\u00e9\u00e2tre"],"inLanguage":"fr-FR","potentialAction":[{"@type":"CommentAction","name":"Comment","target":["https:\/\/wamabi.be\/site\/noel-au-theatre-2014\/#respond"]}]},{"@type":"WebPage","@id":"https:\/\/wamabi.be\/site\/noel-au-theatre-2014\/","url":"https:\/\/wamabi.be\/site\/noel-au-theatre-2014\/","name":"No\u00ebl au th\u00e9\u00e2tre 2014 - Wamabi","isPartOf":{"@id":"https:\/\/wamabi.be\/site\/#website"},"primaryImageOfPage":{"@id":"https:\/\/wamabi.be\/site\/noel-au-theatre-2014\/#primaryimage"},"image":{"@id":"https:\/\/wamabi.be\/site\/noel-au-theatre-2014\/#primaryimage"},"thumbnailUrl":"http:\/\/wamabi.be\/site\/wp-content\/Noelautheatre-210x300.png","datePublished":"2014-12-03T17:13:53+00:00","dateModified":"2015-01-28T06:52:00+00:00","breadcrumb":{"@id":"https:\/\/wamabi.be\/site\/noel-au-theatre-2014\/#breadcrumb"},"inLanguage":"fr-FR","potentialAction":[{"@type":"ReadAction","target":["https:\/\/wamabi.be\/site\/noel-au-theatre-2014\/"]}]},{"@type":"ImageObject","inLanguage":"fr-FR","@id":"https:\/\/wamabi.be\/site\/noel-au-theatre-2014\/#primaryimage","url":"https:\/\/wamabi.be\/site\/wp-content\/Noelautheatre.png","contentUrl":"https:\/\/wamabi.be\/site\/wp-content\/Noelautheatre.png","width":611,"height":869},{"@type":"BreadcrumbList","@id":"https:\/\/wamabi.be\/site\/noel-au-theatre-2014\/#breadcrumb","itemListElement":[{"@type":"ListItem","position":1,"name":"Accueil","item":"https:\/\/wamabi.be\/site\/"},{"@type":"ListItem","position":2,"name":"No\u00ebl au th\u00e9\u00e2tre 2014"}]},{"@type":"WebSite","@id":"https:\/\/wamabi.be\/site\/#website","url":"https:\/\/wamabi.be\/site\/","name":"Wamabi","description":"Wamabi - Biblioth\u00e8ques de Waimes et de Malmedy","publisher":{"@id":"https:\/\/wamabi.be\/site\/#organization"},"potentialAction":[{"@type":"SearchAction","target":{"@type":"EntryPoint","urlTemplate":"https:\/\/wamabi.be\/site\/?s={search_term_string}"},"query-input":{"@type":"PropertyValueSpecification","valueRequired":true,"valueName":"search_term_string"}}],"inLanguage":"fr-FR"},{"@type":"Organization","@id":"https:\/\/wamabi.be\/site\/#organization","name":"Wamabi","url":"https:\/\/wamabi.be\/site\/","logo":{"@type":"ImageObject","inLanguage":"fr-FR","@id":"https:\/\/wamabi.be\/site\/#\/schema\/logo\/image\/","url":"https:\/\/wamabi.be\/site\/wp-content\/cropped-cropped-Dragon-noir-et-blanc-transparent-carre-1.png","contentUrl":"https:\/\/wamabi.be\/site\/wp-content\/cropped-cropped-Dragon-noir-et-blanc-transparent-carre-1.png","width":2321,"height":2321,"caption":"Wamabi"},"image":{"@id":"https:\/\/wamabi.be\/site\/#\/schema\/logo\/image\/"}},{"@type":"Person","@id":"https:\/\/wamabi.be\/site\/#\/schema\/person\/d215542c812823ee78920d76e619749c","name":"Fred","image":{"@type":"ImageObject","inLanguage":"fr-FR","@id":"https:\/\/secure.gravatar.com\/avatar\/fc672c5d32dec8b323e48becfe5a966d7d87b500bc73ae1712919ac83cddfea3?s=96&d=mm&r=g","url":"https:\/\/secure.gravatar.com\/avatar\/fc672c5d32dec8b323e48becfe5a966d7d87b500bc73ae1712919ac83cddfea3?s=96&d=mm&r=g","contentUrl":"https:\/\/secure.gravatar.com\/avatar\/fc672c5d32dec8b323e48becfe5a966d7d87b500bc73ae1712919ac83cddfea3?s=96&d=mm&r=g","caption":"Fred"},"sameAs":["http:\/\/www.wamabi.be\/"],"url":"https:\/\/wamabi.be\/site\/author\/fred\/"}]}},"_links":{"self":[{"href":"https:\/\/wamabi.be\/site\/wp-json\/wp\/v2\/posts\/6546","targetHints":{"allow":["GET"]}}],"collection":[{"href":"https:\/\/wamabi.be\/site\/wp-json\/wp\/v2\/posts"}],"about":[{"href":"https:\/\/wamabi.be\/site\/wp-json\/wp\/v2\/types\/post"}],"author":[{"embeddable":true,"href":"https:\/\/wamabi.be\/site\/wp-json\/wp\/v2\/users\/14"}],"replies":[{"embeddable":true,"href":"https:\/\/wamabi.be\/site\/wp-json\/wp\/v2\/comments?post=6546"}],"version-history":[{"count":0,"href":"https:\/\/wamabi.be\/site\/wp-json\/wp\/v2\/posts\/6546\/revisions"}],"wp:attachment":[{"href":"https:\/\/wamabi.be\/site\/wp-json\/wp\/v2\/media?parent=6546"}],"wp:term":[{"taxonomy":"category","embeddable":true,"href":"https:\/\/wamabi.be\/site\/wp-json\/wp\/v2\/categories?post=6546"},{"taxonomy":"post_tag","embeddable":true,"href":"https:\/\/wamabi.be\/site\/wp-json\/wp\/v2\/tags?post=6546"}],"curies":[{"name":"wp","href":"https:\/\/api.w.org\/{rel}","templated":true}]}}