{"id":3934,"date":"2012-10-15T17:23:19","date_gmt":"2012-10-15T15:23:19","guid":{"rendered":"http:\/\/wamabi.be\/site\/?p=3934"},"modified":"2012-10-15T17:36:01","modified_gmt":"2012-10-15T15:36:01","slug":"de-leur-vivant-projection-du-film","status":"publish","type":"post","link":"https:\/\/wamabi.be\/site\/de-leur-vivant-projection-du-film\/","title":{"rendered":"De leur vivant (Projection du film)"},"content":{"rendered":"<p><a href=\"http:\/\/wamabi.be\/site\/wp-content\/SC220-Bibli12100216070.jpg\"><img loading=\"lazy\" decoding=\"async\" class=\"alignnone size-medium wp-image-3940\" title=\"De leur vivant\" src=\"http:\/\/wamabi.be\/site\/wp-content\/SC220-Bibli12100216070-212x300.jpg\" alt=\"\" width=\"212\" height=\"300\" srcset=\"https:\/\/wamabi.be\/site\/wp-content\/SC220-Bibli12100216070-212x300.jpg 212w, https:\/\/wamabi.be\/site\/wp-content\/SC220-Bibli12100216070.jpg 566w\" sizes=\"auto, (max-width: 212px) 100vw, 212px\" \/><\/a><\/p>\n<p>Projection du film <em>De leur vivant<\/em> de G\u00e9raldine Doignon suivie d&rsquo;un d\u00e9bat sur le deuil avec la r\u00e9alisatrice ainsi que des repr\u00e9sentants de services accompagnant des personnes endeuill\u00e9es.<\/p>\n<p><strong>MALMEDY (Cin\u00e9ma le Globe)<\/strong>\u00a0&#8211; 16 octobre 2012 \u00e0 20 h00<\/p>\n<p>Infos : 087 23 00 16 &#8211;\u00a0<a href=\"mailto:verviers@palliatifs.be\">verviers@palliatifs.be<\/a><\/p>\n","protected":false},"excerpt":{"rendered":"<p>Projection du film De leur vivant de G\u00e9raldine Doignon suivie d&rsquo;un d\u00e9bat sur le deuil avec la r\u00e9alisatrice ainsi que des repr\u00e9sentants de services accompagnant des personnes endeuill\u00e9es. MALMEDY (Cin\u00e9ma le Globe)\u00a0&#8211; 16 octobre 2012 \u00e0 20 h00 Infos : 087 23 00 16 &#8211;\u00a0verviers@palliatifs.be<\/p>\n","protected":false},"author":6,"featured_media":0,"comment_status":"open","ping_status":"open","sticky":false,"template":"","format":"standard","meta":{"_seopress_robots_primary_cat":"","_seopress_titles_title":"","_seopress_titles_desc":"","_seopress_robots_index":"","footnotes":""},"categories":[1],"tags":[94,50,237,272],"class_list":{"0":"post-3934","1":"post","2":"type-post","3":"status-publish","4":"format-standard","6":"category-non-classe","7":"tag-debat","8":"tag-partenaires","9":"tag-projection","10":"tag-soins-palliatifs","11":"czr-hentry"},"yoast_head":"<!-- This site is optimized with the Yoast SEO plugin v27.5 - https:\/\/yoast.com\/product\/yoast-seo-wordpress\/ -->\n<title>De leur vivant (Projection du film) - Wamabi<\/title>\n<meta name=\"robots\" content=\"index, follow, max-snippet:-1, max-image-preview:large, max-video-preview:-1\" \/>\n<link rel=\"canonical\" href=\"https:\/\/wamabi.be\/site\/de-leur-vivant-projection-du-film\/\" \/>\n<meta property=\"og:locale\" content=\"fr_FR\" \/>\n<meta property=\"og:type\" content=\"article\" \/>\n<meta property=\"og:title\" content=\"De leur vivant (Projection du film) - Wamabi\" \/>\n<meta property=\"og:description\" content=\"Projection du film De leur vivant de G\u00e9raldine Doignon suivie d&rsquo;un d\u00e9bat sur le deuil avec la r\u00e9alisatrice ainsi que des repr\u00e9sentants de services accompagnant des personnes endeuill\u00e9es. MALMEDY (Cin\u00e9ma le Globe)\u00a0&#8211; 16 octobre 2012 \u00e0 20 h00 Infos : 087 23 00 16 &#8211;\u00a0verviers@palliatifs.be\" \/>\n<meta property=\"og:url\" content=\"https:\/\/wamabi.be\/site\/de-leur-vivant-projection-du-film\/\" \/>\n<meta property=\"og:site_name\" content=\"Wamabi\" \/>\n<meta property=\"article:published_time\" content=\"2012-10-15T15:23:19+00:00\" \/>\n<meta property=\"article:modified_time\" content=\"2012-10-15T15:36:01+00:00\" \/>\n<meta property=\"og:image\" content=\"http:\/\/wamabi.be\/site\/wp-content\/SC220-Bibli12100216070-212x300.jpg\" \/>\n<meta name=\"author\" content=\"Kevin\" \/>\n<meta name=\"twitter:card\" content=\"summary_large_image\" \/>\n<meta name=\"twitter:label1\" content=\"\u00c9crit par\" \/>\n\t<meta name=\"twitter:data1\" content=\"Kevin\" \/>\n<script type=\"application\/ld+json\" class=\"yoast-schema-graph\">{\"@context\":\"https:\\\/\\\/schema.org\",\"@graph\":[{\"@type\":\"Article\",\"@id\":\"https:\\\/\\\/wamabi.be\\\/site\\\/de-leur-vivant-projection-du-film\\\/#article\",\"isPartOf\":{\"@id\":\"https:\\\/\\\/wamabi.be\\\/site\\\/de-leur-vivant-projection-du-film\\\/\"},\"author\":{\"name\":\"Kevin\",\"@id\":\"https:\\\/\\\/wamabi.be\\\/site\\\/#\\\/schema\\\/person\\\/de35ac5b7a6c2063786805e42724e4fe\"},\"headline\":\"De leur vivant (Projection du film)\",\"datePublished\":\"2012-10-15T15:23:19+00:00\",\"dateModified\":\"2012-10-15T15:36:01+00:00\",\"mainEntityOfPage\":{\"@id\":\"https:\\\/\\\/wamabi.be\\\/site\\\/de-leur-vivant-projection-du-film\\\/\"},\"wordCount\":53,\"commentCount\":0,\"publisher\":{\"@id\":\"https:\\\/\\\/wamabi.be\\\/site\\\/#organization\"},\"image\":{\"@id\":\"https:\\\/\\\/wamabi.be\\\/site\\\/de-leur-vivant-projection-du-film\\\/#primaryimage\"},\"thumbnailUrl\":\"http:\\\/\\\/wamabi.be\\\/site\\\/wp-content\\\/SC220-Bibli12100216070-212x300.jpg\",\"keywords\":[\"D\u00e9bat\",\"Partenaires\",\"Projection\",\"Soins palliatifs\"],\"inLanguage\":\"fr-FR\",\"potentialAction\":[{\"@type\":\"CommentAction\",\"name\":\"Comment\",\"target\":[\"https:\\\/\\\/wamabi.be\\\/site\\\/de-leur-vivant-projection-du-film\\\/#respond\"]}]},{\"@type\":\"WebPage\",\"@id\":\"https:\\\/\\\/wamabi.be\\\/site\\\/de-leur-vivant-projection-du-film\\\/\",\"url\":\"https:\\\/\\\/wamabi.be\\\/site\\\/de-leur-vivant-projection-du-film\\\/\",\"name\":\"De leur vivant (Projection du film) - Wamabi\",\"isPartOf\":{\"@id\":\"https:\\\/\\\/wamabi.be\\\/site\\\/#website\"},\"primaryImageOfPage\":{\"@id\":\"https:\\\/\\\/wamabi.be\\\/site\\\/de-leur-vivant-projection-du-film\\\/#primaryimage\"},\"image\":{\"@id\":\"https:\\\/\\\/wamabi.be\\\/site\\\/de-leur-vivant-projection-du-film\\\/#primaryimage\"},\"thumbnailUrl\":\"http:\\\/\\\/wamabi.be\\\/site\\\/wp-content\\\/SC220-Bibli12100216070-212x300.jpg\",\"datePublished\":\"2012-10-15T15:23:19+00:00\",\"dateModified\":\"2012-10-15T15:36:01+00:00\",\"breadcrumb\":{\"@id\":\"https:\\\/\\\/wamabi.be\\\/site\\\/de-leur-vivant-projection-du-film\\\/#breadcrumb\"},\"inLanguage\":\"fr-FR\",\"potentialAction\":[{\"@type\":\"ReadAction\",\"target\":[\"https:\\\/\\\/wamabi.be\\\/site\\\/de-leur-vivant-projection-du-film\\\/\"]}]},{\"@type\":\"ImageObject\",\"inLanguage\":\"fr-FR\",\"@id\":\"https:\\\/\\\/wamabi.be\\\/site\\\/de-leur-vivant-projection-du-film\\\/#primaryimage\",\"url\":\"https:\\\/\\\/wamabi.be\\\/site\\\/wp-content\\\/SC220-Bibli12100216070.jpg\",\"contentUrl\":\"https:\\\/\\\/wamabi.be\\\/site\\\/wp-content\\\/SC220-Bibli12100216070.jpg\",\"width\":\"566\",\"height\":\"800\"},{\"@type\":\"BreadcrumbList\",\"@id\":\"https:\\\/\\\/wamabi.be\\\/site\\\/de-leur-vivant-projection-du-film\\\/#breadcrumb\",\"itemListElement\":[{\"@type\":\"ListItem\",\"position\":1,\"name\":\"Accueil\",\"item\":\"https:\\\/\\\/wamabi.be\\\/site\\\/\"},{\"@type\":\"ListItem\",\"position\":2,\"name\":\"De leur vivant (Projection du film)\"}]},{\"@type\":\"WebSite\",\"@id\":\"https:\\\/\\\/wamabi.be\\\/site\\\/#website\",\"url\":\"https:\\\/\\\/wamabi.be\\\/site\\\/\",\"name\":\"Wamabi\",\"description\":\"Wamabi - Biblioth\u00e8ques de Waimes et de Malmedy\",\"publisher\":{\"@id\":\"https:\\\/\\\/wamabi.be\\\/site\\\/#organization\"},\"potentialAction\":[{\"@type\":\"SearchAction\",\"target\":{\"@type\":\"EntryPoint\",\"urlTemplate\":\"https:\\\/\\\/wamabi.be\\\/site\\\/?s={search_term_string}\"},\"query-input\":{\"@type\":\"PropertyValueSpecification\",\"valueRequired\":true,\"valueName\":\"search_term_string\"}}],\"inLanguage\":\"fr-FR\"},{\"@type\":\"Organization\",\"@id\":\"https:\\\/\\\/wamabi.be\\\/site\\\/#organization\",\"name\":\"Wamabi\",\"url\":\"https:\\\/\\\/wamabi.be\\\/site\\\/\",\"logo\":{\"@type\":\"ImageObject\",\"inLanguage\":\"fr-FR\",\"@id\":\"https:\\\/\\\/wamabi.be\\\/site\\\/#\\\/schema\\\/logo\\\/image\\\/\",\"url\":\"https:\\\/\\\/wamabi.be\\\/site\\\/wp-content\\\/cropped-cropped-Dragon-noir-et-blanc-transparent-carre-1.png\",\"contentUrl\":\"https:\\\/\\\/wamabi.be\\\/site\\\/wp-content\\\/cropped-cropped-Dragon-noir-et-blanc-transparent-carre-1.png\",\"width\":2321,\"height\":2321,\"caption\":\"Wamabi\"},\"image\":{\"@id\":\"https:\\\/\\\/wamabi.be\\\/site\\\/#\\\/schema\\\/logo\\\/image\\\/\"}},{\"@type\":\"Person\",\"@id\":\"https:\\\/\\\/wamabi.be\\\/site\\\/#\\\/schema\\\/person\\\/de35ac5b7a6c2063786805e42724e4fe\",\"name\":\"Kevin\",\"image\":{\"@type\":\"ImageObject\",\"inLanguage\":\"fr-FR\",\"@id\":\"https:\\\/\\\/secure.gravatar.com\\\/avatar\\\/76404c1ad90a4df451029c9fe828b5653499247fdb2061ee9fbc02bd0f095d76?s=96&d=mm&r=g\",\"url\":\"https:\\\/\\\/secure.gravatar.com\\\/avatar\\\/76404c1ad90a4df451029c9fe828b5653499247fdb2061ee9fbc02bd0f095d76?s=96&d=mm&r=g\",\"contentUrl\":\"https:\\\/\\\/secure.gravatar.com\\\/avatar\\\/76404c1ad90a4df451029c9fe828b5653499247fdb2061ee9fbc02bd0f095d76?s=96&d=mm&r=g\",\"caption\":\"Kevin\"},\"sameAs\":[\"http:\\\/\\\/malmedia-epn.be\"],\"url\":\"https:\\\/\\\/wamabi.be\\\/site\\\/author\\\/kevin\\\/\"}]}<\/script>\n<!-- \/ Yoast SEO plugin. -->","yoast_head_json":{"title":"De leur vivant (Projection du film) - Wamabi","robots":{"index":"index","follow":"follow","max-snippet":"max-snippet:-1","max-image-preview":"max-image-preview:large","max-video-preview":"max-video-preview:-1"},"canonical":"https:\/\/wamabi.be\/site\/de-leur-vivant-projection-du-film\/","og_locale":"fr_FR","og_type":"article","og_title":"De leur vivant (Projection du film) - Wamabi","og_description":"Projection du film De leur vivant de G\u00e9raldine Doignon suivie d&rsquo;un d\u00e9bat sur le deuil avec la r\u00e9alisatrice ainsi que des repr\u00e9sentants de services accompagnant des personnes endeuill\u00e9es. MALMEDY (Cin\u00e9ma le Globe)\u00a0&#8211; 16 octobre 2012 \u00e0 20 h00 Infos : 087 23 00 16 &#8211;\u00a0verviers@palliatifs.be","og_url":"https:\/\/wamabi.be\/site\/de-leur-vivant-projection-du-film\/","og_site_name":"Wamabi","article_published_time":"2012-10-15T15:23:19+00:00","article_modified_time":"2012-10-15T15:36:01+00:00","og_image":[{"url":"http:\/\/wamabi.be\/site\/wp-content\/SC220-Bibli12100216070-212x300.jpg","type":"","width":"","height":""}],"author":"Kevin","twitter_card":"summary_large_image","twitter_misc":{"\u00c9crit par":"Kevin"},"schema":{"@context":"https:\/\/schema.org","@graph":[{"@type":"Article","@id":"https:\/\/wamabi.be\/site\/de-leur-vivant-projection-du-film\/#article","isPartOf":{"@id":"https:\/\/wamabi.be\/site\/de-leur-vivant-projection-du-film\/"},"author":{"name":"Kevin","@id":"https:\/\/wamabi.be\/site\/#\/schema\/person\/de35ac5b7a6c2063786805e42724e4fe"},"headline":"De leur vivant (Projection du film)","datePublished":"2012-10-15T15:23:19+00:00","dateModified":"2012-10-15T15:36:01+00:00","mainEntityOfPage":{"@id":"https:\/\/wamabi.be\/site\/de-leur-vivant-projection-du-film\/"},"wordCount":53,"commentCount":0,"publisher":{"@id":"https:\/\/wamabi.be\/site\/#organization"},"image":{"@id":"https:\/\/wamabi.be\/site\/de-leur-vivant-projection-du-film\/#primaryimage"},"thumbnailUrl":"http:\/\/wamabi.be\/site\/wp-content\/SC220-Bibli12100216070-212x300.jpg","keywords":["D\u00e9bat","Partenaires","Projection","Soins palliatifs"],"inLanguage":"fr-FR","potentialAction":[{"@type":"CommentAction","name":"Comment","target":["https:\/\/wamabi.be\/site\/de-leur-vivant-projection-du-film\/#respond"]}]},{"@type":"WebPage","@id":"https:\/\/wamabi.be\/site\/de-leur-vivant-projection-du-film\/","url":"https:\/\/wamabi.be\/site\/de-leur-vivant-projection-du-film\/","name":"De leur vivant (Projection du film) - Wamabi","isPartOf":{"@id":"https:\/\/wamabi.be\/site\/#website"},"primaryImageOfPage":{"@id":"https:\/\/wamabi.be\/site\/de-leur-vivant-projection-du-film\/#primaryimage"},"image":{"@id":"https:\/\/wamabi.be\/site\/de-leur-vivant-projection-du-film\/#primaryimage"},"thumbnailUrl":"http:\/\/wamabi.be\/site\/wp-content\/SC220-Bibli12100216070-212x300.jpg","datePublished":"2012-10-15T15:23:19+00:00","dateModified":"2012-10-15T15:36:01+00:00","breadcrumb":{"@id":"https:\/\/wamabi.be\/site\/de-leur-vivant-projection-du-film\/#breadcrumb"},"inLanguage":"fr-FR","potentialAction":[{"@type":"ReadAction","target":["https:\/\/wamabi.be\/site\/de-leur-vivant-projection-du-film\/"]}]},{"@type":"ImageObject","inLanguage":"fr-FR","@id":"https:\/\/wamabi.be\/site\/de-leur-vivant-projection-du-film\/#primaryimage","url":"https:\/\/wamabi.be\/site\/wp-content\/SC220-Bibli12100216070.jpg","contentUrl":"https:\/\/wamabi.be\/site\/wp-content\/SC220-Bibli12100216070.jpg","width":"566","height":"800"},{"@type":"BreadcrumbList","@id":"https:\/\/wamabi.be\/site\/de-leur-vivant-projection-du-film\/#breadcrumb","itemListElement":[{"@type":"ListItem","position":1,"name":"Accueil","item":"https:\/\/wamabi.be\/site\/"},{"@type":"ListItem","position":2,"name":"De leur vivant (Projection du film)"}]},{"@type":"WebSite","@id":"https:\/\/wamabi.be\/site\/#website","url":"https:\/\/wamabi.be\/site\/","name":"Wamabi","description":"Wamabi - Biblioth\u00e8ques de Waimes et de Malmedy","publisher":{"@id":"https:\/\/wamabi.be\/site\/#organization"},"potentialAction":[{"@type":"SearchAction","target":{"@type":"EntryPoint","urlTemplate":"https:\/\/wamabi.be\/site\/?s={search_term_string}"},"query-input":{"@type":"PropertyValueSpecification","valueRequired":true,"valueName":"search_term_string"}}],"inLanguage":"fr-FR"},{"@type":"Organization","@id":"https:\/\/wamabi.be\/site\/#organization","name":"Wamabi","url":"https:\/\/wamabi.be\/site\/","logo":{"@type":"ImageObject","inLanguage":"fr-FR","@id":"https:\/\/wamabi.be\/site\/#\/schema\/logo\/image\/","url":"https:\/\/wamabi.be\/site\/wp-content\/cropped-cropped-Dragon-noir-et-blanc-transparent-carre-1.png","contentUrl":"https:\/\/wamabi.be\/site\/wp-content\/cropped-cropped-Dragon-noir-et-blanc-transparent-carre-1.png","width":2321,"height":2321,"caption":"Wamabi"},"image":{"@id":"https:\/\/wamabi.be\/site\/#\/schema\/logo\/image\/"}},{"@type":"Person","@id":"https:\/\/wamabi.be\/site\/#\/schema\/person\/de35ac5b7a6c2063786805e42724e4fe","name":"Kevin","image":{"@type":"ImageObject","inLanguage":"fr-FR","@id":"https:\/\/secure.gravatar.com\/avatar\/76404c1ad90a4df451029c9fe828b5653499247fdb2061ee9fbc02bd0f095d76?s=96&d=mm&r=g","url":"https:\/\/secure.gravatar.com\/avatar\/76404c1ad90a4df451029c9fe828b5653499247fdb2061ee9fbc02bd0f095d76?s=96&d=mm&r=g","contentUrl":"https:\/\/secure.gravatar.com\/avatar\/76404c1ad90a4df451029c9fe828b5653499247fdb2061ee9fbc02bd0f095d76?s=96&d=mm&r=g","caption":"Kevin"},"sameAs":["http:\/\/malmedia-epn.be"],"url":"https:\/\/wamabi.be\/site\/author\/kevin\/"}]}},"_links":{"self":[{"href":"https:\/\/wamabi.be\/site\/wp-json\/wp\/v2\/posts\/3934","targetHints":{"allow":["GET"]}}],"collection":[{"href":"https:\/\/wamabi.be\/site\/wp-json\/wp\/v2\/posts"}],"about":[{"href":"https:\/\/wamabi.be\/site\/wp-json\/wp\/v2\/types\/post"}],"author":[{"embeddable":true,"href":"https:\/\/wamabi.be\/site\/wp-json\/wp\/v2\/users\/6"}],"replies":[{"embeddable":true,"href":"https:\/\/wamabi.be\/site\/wp-json\/wp\/v2\/comments?post=3934"}],"version-history":[{"count":0,"href":"https:\/\/wamabi.be\/site\/wp-json\/wp\/v2\/posts\/3934\/revisions"}],"wp:attachment":[{"href":"https:\/\/wamabi.be\/site\/wp-json\/wp\/v2\/media?parent=3934"}],"wp:term":[{"taxonomy":"category","embeddable":true,"href":"https:\/\/wamabi.be\/site\/wp-json\/wp\/v2\/categories?post=3934"},{"taxonomy":"post_tag","embeddable":true,"href":"https:\/\/wamabi.be\/site\/wp-json\/wp\/v2\/tags?post=3934"}],"curies":[{"name":"wp","href":"https:\/\/api.w.org\/{rel}","templated":true}]}}