{"id":2898,"date":"2011-11-30T14:42:49","date_gmt":"2011-11-30T12:42:49","guid":{"rendered":"http:\/\/wamabi.be\/site\/?p=2898"},"modified":"2011-12-01T16:54:28","modified_gmt":"2011-12-01T14:54:28","slug":"size-du-noye","status":"publish","type":"post","link":"https:\/\/wamabi.be\/site\/size-du-noye\/","title":{"rendered":"Size du Noy\u00e9 &#8211; Veill\u00e9e de No\u00ebl"},"content":{"rendered":"<p><a href=\"http:\/\/wamabi.be\/site\/wp-content\/sizedunoye.pdf\"><img loading=\"lazy\" decoding=\"async\" class=\"alignnone size-full wp-image-2899\" title=\"sizedunoye\" src=\"http:\/\/wamabi.be\/site\/wp-content\/sizedunoye.jpg\" alt=\"\" width=\"247\" height=\"350\" srcset=\"https:\/\/wamabi.be\/site\/wp-content\/sizedunoye.jpg 247w, https:\/\/wamabi.be\/site\/wp-content\/sizedunoye-211x300.jpg 211w\" sizes=\"auto, (max-width: 247px) 100vw, 247px\" \/><\/a><br \/>\nSize du Noy\u00e9, Veill\u00e9e de No\u00ebl<br \/>\n9 du d\u00e9cimbe, 9 d\u00e9cembre<br \/>\n8 e\u00fbres \u00e0 l&rsquo;nut&rsquo; \u00e0 l&rsquo;Fr\u00e2t\u00e8rnit\u00e9, 20h00 \u00e0 La Fraternit\u00e9<\/p>\n<p>R\u00e9z\u00e8rv\u00e2cion, R\u00e9servation<br \/>\nS\u00e8m&rsquo;di 3 du d\u00e9cimbe du 10 \u00e0 12 \u00e0 caf\u00e9 dol Fr\u00e2ternit\u00e9, samedi 3 d\u00e9cembre de 10 \u00e0 12h au caf\u00e9 de la Fraternit\u00e9.<br \/>\nOne organiz\u00e2cion do <a href=\"http:\/\/www.rcw.be\/\" target=\"_blank\">Rway\u00e2l Club Walon<\/a>, une organisation du Royal Club wallon.<\/p>\n","protected":false},"excerpt":{"rendered":"<p>Size du Noy\u00e9, Veill\u00e9e de No\u00ebl 9 du d\u00e9cimbe, 9 d\u00e9cembre 8 e\u00fbres \u00e0 l&rsquo;nut&rsquo; \u00e0 l&rsquo;Fr\u00e2t\u00e8rnit\u00e9, 20h00 \u00e0 La Fraternit\u00e9 R\u00e9z\u00e8rv\u00e2cion, R\u00e9servation S\u00e8m&rsquo;di 3 du d\u00e9cimbe du 10 \u00e0 12 \u00e0 caf\u00e9 dol Fr\u00e2ternit\u00e9, samedi 3 d\u00e9cembre de 10 \u00e0 12h au caf\u00e9 de la Fraternit\u00e9. One organiz\u00e2cion do Rway\u00e2l Club Walon, une organisation [&hellip;]<\/p>\n","protected":false},"author":6,"featured_media":0,"comment_status":"open","ping_status":"open","sticky":false,"template":"","format":"standard","meta":{"_seopress_robots_primary_cat":"","_seopress_titles_title":"","_seopress_titles_desc":"","_seopress_robots_index":"","footnotes":""},"categories":[1],"tags":[223,50],"class_list":{"0":"post-2898","1":"post","2":"type-post","3":"status-publish","4":"format-standard","6":"category-non-classe","7":"tag-langue-wallonne","8":"tag-partenaires","9":"czr-hentry"},"yoast_head":"<!-- This site is optimized with the Yoast SEO plugin v27.4 - https:\/\/yoast.com\/product\/yoast-seo-wordpress\/ -->\n<title>Size du Noy\u00e9 - Veill\u00e9e de No\u00ebl - Wamabi<\/title>\n<meta name=\"robots\" content=\"index, follow, max-snippet:-1, max-image-preview:large, max-video-preview:-1\" \/>\n<link rel=\"canonical\" href=\"https:\/\/wamabi.be\/site\/size-du-noye\/\" \/>\n<meta property=\"og:locale\" content=\"fr_FR\" \/>\n<meta property=\"og:type\" content=\"article\" \/>\n<meta property=\"og:title\" content=\"Size du Noy\u00e9 - Veill\u00e9e de No\u00ebl - Wamabi\" \/>\n<meta property=\"og:description\" content=\"Size du Noy\u00e9, Veill\u00e9e de No\u00ebl 9 du d\u00e9cimbe, 9 d\u00e9cembre 8 e\u00fbres \u00e0 l&rsquo;nut&rsquo; \u00e0 l&rsquo;Fr\u00e2t\u00e8rnit\u00e9, 20h00 \u00e0 La Fraternit\u00e9 R\u00e9z\u00e8rv\u00e2cion, R\u00e9servation S\u00e8m&rsquo;di 3 du d\u00e9cimbe du 10 \u00e0 12 \u00e0 caf\u00e9 dol Fr\u00e2ternit\u00e9, samedi 3 d\u00e9cembre de 10 \u00e0 12h au caf\u00e9 de la Fraternit\u00e9. One organiz\u00e2cion do Rway\u00e2l Club Walon, une organisation [&hellip;]\" \/>\n<meta property=\"og:url\" content=\"https:\/\/wamabi.be\/site\/size-du-noye\/\" \/>\n<meta property=\"og:site_name\" content=\"Wamabi\" \/>\n<meta property=\"article:published_time\" content=\"2011-11-30T12:42:49+00:00\" \/>\n<meta property=\"article:modified_time\" content=\"2011-12-01T14:54:28+00:00\" \/>\n<meta property=\"og:image\" content=\"http:\/\/wamabi.be\/site\/wp-content\/sizedunoye.jpg\" \/>\n<meta name=\"author\" content=\"Kevin\" \/>\n<meta name=\"twitter:card\" content=\"summary_large_image\" \/>\n<meta name=\"twitter:label1\" content=\"\u00c9crit par\" \/>\n\t<meta name=\"twitter:data1\" content=\"Kevin\" \/>\n<script type=\"application\/ld+json\" class=\"yoast-schema-graph\">{\"@context\":\"https:\\\/\\\/schema.org\",\"@graph\":[{\"@type\":\"Article\",\"@id\":\"https:\\\/\\\/wamabi.be\\\/site\\\/size-du-noye\\\/#article\",\"isPartOf\":{\"@id\":\"https:\\\/\\\/wamabi.be\\\/site\\\/size-du-noye\\\/\"},\"author\":{\"name\":\"Kevin\",\"@id\":\"https:\\\/\\\/wamabi.be\\\/site\\\/#\\\/schema\\\/person\\\/de35ac5b7a6c2063786805e42724e4fe\"},\"headline\":\"Size du Noy\u00e9 &#8211; Veill\u00e9e de No\u00ebl\",\"datePublished\":\"2011-11-30T12:42:49+00:00\",\"dateModified\":\"2011-12-01T14:54:28+00:00\",\"mainEntityOfPage\":{\"@id\":\"https:\\\/\\\/wamabi.be\\\/site\\\/size-du-noye\\\/\"},\"wordCount\":74,\"commentCount\":0,\"publisher\":{\"@id\":\"https:\\\/\\\/wamabi.be\\\/site\\\/#organization\"},\"image\":{\"@id\":\"https:\\\/\\\/wamabi.be\\\/site\\\/size-du-noye\\\/#primaryimage\"},\"thumbnailUrl\":\"http:\\\/\\\/wamabi.be\\\/site\\\/wp-content\\\/sizedunoye.jpg\",\"keywords\":[\"Langue wallonne\",\"Partenaires\"],\"inLanguage\":\"fr-FR\",\"potentialAction\":[{\"@type\":\"CommentAction\",\"name\":\"Comment\",\"target\":[\"https:\\\/\\\/wamabi.be\\\/site\\\/size-du-noye\\\/#respond\"]}]},{\"@type\":\"WebPage\",\"@id\":\"https:\\\/\\\/wamabi.be\\\/site\\\/size-du-noye\\\/\",\"url\":\"https:\\\/\\\/wamabi.be\\\/site\\\/size-du-noye\\\/\",\"name\":\"Size du Noy\u00e9 - Veill\u00e9e de No\u00ebl - Wamabi\",\"isPartOf\":{\"@id\":\"https:\\\/\\\/wamabi.be\\\/site\\\/#website\"},\"primaryImageOfPage\":{\"@id\":\"https:\\\/\\\/wamabi.be\\\/site\\\/size-du-noye\\\/#primaryimage\"},\"image\":{\"@id\":\"https:\\\/\\\/wamabi.be\\\/site\\\/size-du-noye\\\/#primaryimage\"},\"thumbnailUrl\":\"http:\\\/\\\/wamabi.be\\\/site\\\/wp-content\\\/sizedunoye.jpg\",\"datePublished\":\"2011-11-30T12:42:49+00:00\",\"dateModified\":\"2011-12-01T14:54:28+00:00\",\"breadcrumb\":{\"@id\":\"https:\\\/\\\/wamabi.be\\\/site\\\/size-du-noye\\\/#breadcrumb\"},\"inLanguage\":\"fr-FR\",\"potentialAction\":[{\"@type\":\"ReadAction\",\"target\":[\"https:\\\/\\\/wamabi.be\\\/site\\\/size-du-noye\\\/\"]}]},{\"@type\":\"ImageObject\",\"inLanguage\":\"fr-FR\",\"@id\":\"https:\\\/\\\/wamabi.be\\\/site\\\/size-du-noye\\\/#primaryimage\",\"url\":\"https:\\\/\\\/wamabi.be\\\/site\\\/wp-content\\\/sizedunoye.jpg\",\"contentUrl\":\"https:\\\/\\\/wamabi.be\\\/site\\\/wp-content\\\/sizedunoye.jpg\",\"width\":\"247\",\"height\":\"350\"},{\"@type\":\"BreadcrumbList\",\"@id\":\"https:\\\/\\\/wamabi.be\\\/site\\\/size-du-noye\\\/#breadcrumb\",\"itemListElement\":[{\"@type\":\"ListItem\",\"position\":1,\"name\":\"Accueil\",\"item\":\"https:\\\/\\\/wamabi.be\\\/site\\\/\"},{\"@type\":\"ListItem\",\"position\":2,\"name\":\"Size du Noy\u00e9 &#8211; Veill\u00e9e de No\u00ebl\"}]},{\"@type\":\"WebSite\",\"@id\":\"https:\\\/\\\/wamabi.be\\\/site\\\/#website\",\"url\":\"https:\\\/\\\/wamabi.be\\\/site\\\/\",\"name\":\"Wamabi\",\"description\":\"Wamabi - Biblioth\u00e8ques de Waimes et de Malmedy\",\"publisher\":{\"@id\":\"https:\\\/\\\/wamabi.be\\\/site\\\/#organization\"},\"potentialAction\":[{\"@type\":\"SearchAction\",\"target\":{\"@type\":\"EntryPoint\",\"urlTemplate\":\"https:\\\/\\\/wamabi.be\\\/site\\\/?s={search_term_string}\"},\"query-input\":{\"@type\":\"PropertyValueSpecification\",\"valueRequired\":true,\"valueName\":\"search_term_string\"}}],\"inLanguage\":\"fr-FR\"},{\"@type\":\"Organization\",\"@id\":\"https:\\\/\\\/wamabi.be\\\/site\\\/#organization\",\"name\":\"Wamabi\",\"url\":\"https:\\\/\\\/wamabi.be\\\/site\\\/\",\"logo\":{\"@type\":\"ImageObject\",\"inLanguage\":\"fr-FR\",\"@id\":\"https:\\\/\\\/wamabi.be\\\/site\\\/#\\\/schema\\\/logo\\\/image\\\/\",\"url\":\"https:\\\/\\\/wamabi.be\\\/site\\\/wp-content\\\/cropped-cropped-Dragon-noir-et-blanc-transparent-carre-1.png\",\"contentUrl\":\"https:\\\/\\\/wamabi.be\\\/site\\\/wp-content\\\/cropped-cropped-Dragon-noir-et-blanc-transparent-carre-1.png\",\"width\":2321,\"height\":2321,\"caption\":\"Wamabi\"},\"image\":{\"@id\":\"https:\\\/\\\/wamabi.be\\\/site\\\/#\\\/schema\\\/logo\\\/image\\\/\"}},{\"@type\":\"Person\",\"@id\":\"https:\\\/\\\/wamabi.be\\\/site\\\/#\\\/schema\\\/person\\\/de35ac5b7a6c2063786805e42724e4fe\",\"name\":\"Kevin\",\"image\":{\"@type\":\"ImageObject\",\"inLanguage\":\"fr-FR\",\"@id\":\"https:\\\/\\\/secure.gravatar.com\\\/avatar\\\/76404c1ad90a4df451029c9fe828b5653499247fdb2061ee9fbc02bd0f095d76?s=96&d=mm&r=g\",\"url\":\"https:\\\/\\\/secure.gravatar.com\\\/avatar\\\/76404c1ad90a4df451029c9fe828b5653499247fdb2061ee9fbc02bd0f095d76?s=96&d=mm&r=g\",\"contentUrl\":\"https:\\\/\\\/secure.gravatar.com\\\/avatar\\\/76404c1ad90a4df451029c9fe828b5653499247fdb2061ee9fbc02bd0f095d76?s=96&d=mm&r=g\",\"caption\":\"Kevin\"},\"sameAs\":[\"http:\\\/\\\/malmedia-epn.be\"],\"url\":\"https:\\\/\\\/wamabi.be\\\/site\\\/author\\\/kevin\\\/\"}]}<\/script>\n<!-- \/ Yoast SEO plugin. -->","yoast_head_json":{"title":"Size du Noy\u00e9 - Veill\u00e9e de No\u00ebl - Wamabi","robots":{"index":"index","follow":"follow","max-snippet":"max-snippet:-1","max-image-preview":"max-image-preview:large","max-video-preview":"max-video-preview:-1"},"canonical":"https:\/\/wamabi.be\/site\/size-du-noye\/","og_locale":"fr_FR","og_type":"article","og_title":"Size du Noy\u00e9 - Veill\u00e9e de No\u00ebl - Wamabi","og_description":"Size du Noy\u00e9, Veill\u00e9e de No\u00ebl 9 du d\u00e9cimbe, 9 d\u00e9cembre 8 e\u00fbres \u00e0 l&rsquo;nut&rsquo; \u00e0 l&rsquo;Fr\u00e2t\u00e8rnit\u00e9, 20h00 \u00e0 La Fraternit\u00e9 R\u00e9z\u00e8rv\u00e2cion, R\u00e9servation S\u00e8m&rsquo;di 3 du d\u00e9cimbe du 10 \u00e0 12 \u00e0 caf\u00e9 dol Fr\u00e2ternit\u00e9, samedi 3 d\u00e9cembre de 10 \u00e0 12h au caf\u00e9 de la Fraternit\u00e9. One organiz\u00e2cion do Rway\u00e2l Club Walon, une organisation [&hellip;]","og_url":"https:\/\/wamabi.be\/site\/size-du-noye\/","og_site_name":"Wamabi","article_published_time":"2011-11-30T12:42:49+00:00","article_modified_time":"2011-12-01T14:54:28+00:00","og_image":[{"url":"http:\/\/wamabi.be\/site\/wp-content\/sizedunoye.jpg","type":"","width":"","height":""}],"author":"Kevin","twitter_card":"summary_large_image","twitter_misc":{"\u00c9crit par":"Kevin"},"schema":{"@context":"https:\/\/schema.org","@graph":[{"@type":"Article","@id":"https:\/\/wamabi.be\/site\/size-du-noye\/#article","isPartOf":{"@id":"https:\/\/wamabi.be\/site\/size-du-noye\/"},"author":{"name":"Kevin","@id":"https:\/\/wamabi.be\/site\/#\/schema\/person\/de35ac5b7a6c2063786805e42724e4fe"},"headline":"Size du Noy\u00e9 &#8211; Veill\u00e9e de No\u00ebl","datePublished":"2011-11-30T12:42:49+00:00","dateModified":"2011-12-01T14:54:28+00:00","mainEntityOfPage":{"@id":"https:\/\/wamabi.be\/site\/size-du-noye\/"},"wordCount":74,"commentCount":0,"publisher":{"@id":"https:\/\/wamabi.be\/site\/#organization"},"image":{"@id":"https:\/\/wamabi.be\/site\/size-du-noye\/#primaryimage"},"thumbnailUrl":"http:\/\/wamabi.be\/site\/wp-content\/sizedunoye.jpg","keywords":["Langue wallonne","Partenaires"],"inLanguage":"fr-FR","potentialAction":[{"@type":"CommentAction","name":"Comment","target":["https:\/\/wamabi.be\/site\/size-du-noye\/#respond"]}]},{"@type":"WebPage","@id":"https:\/\/wamabi.be\/site\/size-du-noye\/","url":"https:\/\/wamabi.be\/site\/size-du-noye\/","name":"Size du Noy\u00e9 - Veill\u00e9e de No\u00ebl - Wamabi","isPartOf":{"@id":"https:\/\/wamabi.be\/site\/#website"},"primaryImageOfPage":{"@id":"https:\/\/wamabi.be\/site\/size-du-noye\/#primaryimage"},"image":{"@id":"https:\/\/wamabi.be\/site\/size-du-noye\/#primaryimage"},"thumbnailUrl":"http:\/\/wamabi.be\/site\/wp-content\/sizedunoye.jpg","datePublished":"2011-11-30T12:42:49+00:00","dateModified":"2011-12-01T14:54:28+00:00","breadcrumb":{"@id":"https:\/\/wamabi.be\/site\/size-du-noye\/#breadcrumb"},"inLanguage":"fr-FR","potentialAction":[{"@type":"ReadAction","target":["https:\/\/wamabi.be\/site\/size-du-noye\/"]}]},{"@type":"ImageObject","inLanguage":"fr-FR","@id":"https:\/\/wamabi.be\/site\/size-du-noye\/#primaryimage","url":"https:\/\/wamabi.be\/site\/wp-content\/sizedunoye.jpg","contentUrl":"https:\/\/wamabi.be\/site\/wp-content\/sizedunoye.jpg","width":"247","height":"350"},{"@type":"BreadcrumbList","@id":"https:\/\/wamabi.be\/site\/size-du-noye\/#breadcrumb","itemListElement":[{"@type":"ListItem","position":1,"name":"Accueil","item":"https:\/\/wamabi.be\/site\/"},{"@type":"ListItem","position":2,"name":"Size du Noy\u00e9 &#8211; Veill\u00e9e de No\u00ebl"}]},{"@type":"WebSite","@id":"https:\/\/wamabi.be\/site\/#website","url":"https:\/\/wamabi.be\/site\/","name":"Wamabi","description":"Wamabi - Biblioth\u00e8ques de Waimes et de Malmedy","publisher":{"@id":"https:\/\/wamabi.be\/site\/#organization"},"potentialAction":[{"@type":"SearchAction","target":{"@type":"EntryPoint","urlTemplate":"https:\/\/wamabi.be\/site\/?s={search_term_string}"},"query-input":{"@type":"PropertyValueSpecification","valueRequired":true,"valueName":"search_term_string"}}],"inLanguage":"fr-FR"},{"@type":"Organization","@id":"https:\/\/wamabi.be\/site\/#organization","name":"Wamabi","url":"https:\/\/wamabi.be\/site\/","logo":{"@type":"ImageObject","inLanguage":"fr-FR","@id":"https:\/\/wamabi.be\/site\/#\/schema\/logo\/image\/","url":"https:\/\/wamabi.be\/site\/wp-content\/cropped-cropped-Dragon-noir-et-blanc-transparent-carre-1.png","contentUrl":"https:\/\/wamabi.be\/site\/wp-content\/cropped-cropped-Dragon-noir-et-blanc-transparent-carre-1.png","width":2321,"height":2321,"caption":"Wamabi"},"image":{"@id":"https:\/\/wamabi.be\/site\/#\/schema\/logo\/image\/"}},{"@type":"Person","@id":"https:\/\/wamabi.be\/site\/#\/schema\/person\/de35ac5b7a6c2063786805e42724e4fe","name":"Kevin","image":{"@type":"ImageObject","inLanguage":"fr-FR","@id":"https:\/\/secure.gravatar.com\/avatar\/76404c1ad90a4df451029c9fe828b5653499247fdb2061ee9fbc02bd0f095d76?s=96&d=mm&r=g","url":"https:\/\/secure.gravatar.com\/avatar\/76404c1ad90a4df451029c9fe828b5653499247fdb2061ee9fbc02bd0f095d76?s=96&d=mm&r=g","contentUrl":"https:\/\/secure.gravatar.com\/avatar\/76404c1ad90a4df451029c9fe828b5653499247fdb2061ee9fbc02bd0f095d76?s=96&d=mm&r=g","caption":"Kevin"},"sameAs":["http:\/\/malmedia-epn.be"],"url":"https:\/\/wamabi.be\/site\/author\/kevin\/"}]}},"_links":{"self":[{"href":"https:\/\/wamabi.be\/site\/wp-json\/wp\/v2\/posts\/2898","targetHints":{"allow":["GET"]}}],"collection":[{"href":"https:\/\/wamabi.be\/site\/wp-json\/wp\/v2\/posts"}],"about":[{"href":"https:\/\/wamabi.be\/site\/wp-json\/wp\/v2\/types\/post"}],"author":[{"embeddable":true,"href":"https:\/\/wamabi.be\/site\/wp-json\/wp\/v2\/users\/6"}],"replies":[{"embeddable":true,"href":"https:\/\/wamabi.be\/site\/wp-json\/wp\/v2\/comments?post=2898"}],"version-history":[{"count":0,"href":"https:\/\/wamabi.be\/site\/wp-json\/wp\/v2\/posts\/2898\/revisions"}],"wp:attachment":[{"href":"https:\/\/wamabi.be\/site\/wp-json\/wp\/v2\/media?parent=2898"}],"wp:term":[{"taxonomy":"category","embeddable":true,"href":"https:\/\/wamabi.be\/site\/wp-json\/wp\/v2\/categories?post=2898"},{"taxonomy":"post_tag","embeddable":true,"href":"https:\/\/wamabi.be\/site\/wp-json\/wp\/v2\/tags?post=2898"}],"curies":[{"name":"wp","href":"https:\/\/api.w.org\/{rel}","templated":true}]}}