{"id":2616,"date":"2011-10-11T09:30:18","date_gmt":"2011-10-11T07:30:18","guid":{"rendered":"http:\/\/wamabi.be\/site\/?p=2616"},"modified":"2011-10-11T09:30:18","modified_gmt":"2011-10-11T07:30:18","slug":"linformation-a-limage-par-verviers-ville-des-mots-2011","status":"publish","type":"post","link":"https:\/\/wamabi.be\/site\/linformation-a-limage-par-verviers-ville-des-mots-2011\/","title":{"rendered":"\u00ab\u00a0L&rsquo;information \u00e0 l&rsquo;image\u00a0\u00bb par Verviers, ville des mots 2011"},"content":{"rendered":"<p>L&rsquo;information \u00e0 l&rsquo;image est un th\u00e8me propos\u00e9 par <em>Verviers, ville des mots 2011<\/em>.<\/p>\n<p>Les visuels plac\u00e9s lors de la semaine consacr\u00e9e \u00e0 la Langue Fran\u00e7aise ont interpell\u00e9, fait l&rsquo;objet de commentaires, &#8230;<\/p>\n<p><a href=\"http:\/\/wamabi.be\/site\/wp-content\/DSC_0005.jpg\"><img loading=\"lazy\" decoding=\"async\" class=\"alignnone size-full wp-image-2617\" title=\"Verviers, ville des mots2011\" src=\"http:\/\/wamabi.be\/site\/wp-content\/DSC_0005.jpg\" alt=\"\" width=\"450\" height=\"299\" srcset=\"https:\/\/wamabi.be\/site\/wp-content\/DSC_0005.jpg 450w, https:\/\/wamabi.be\/site\/wp-content\/DSC_0005-300x199.jpg 300w\" sizes=\"auto, (max-width: 450px) 100vw, 450px\" \/><\/a><\/p>\n<p>Ils ont donc d\u00e9cid\u00e9 de poursuivre l&rsquo;action par un programme d\u2019information \u00e0 l\u2019image :<\/p>\n<ul>\n<li><strong>Conf\u00e9rence<\/strong><\/li>\n<\/ul>\n<p>Jean-Marie Klinkenberg, le jeudi 10 novembre 2011 \u00e0 19 heures au foyer du Grand-Th\u00e9\u00e2tre<br \/>\nDiscours de l\u2019art, discours sur l\u2019art<\/p>\n<ul>\n<li><strong>Exposition<\/strong><\/li>\n<\/ul>\n<p>H\u00e9lo\u00efse Van de Wiele, du 18 novembre au 3 d\u00e9cembre 2011, lieu \u00e0 pr\u00e9ciser<br \/>\nPhotographies prises lors d\u2019un s\u00e9jour de plusieurs mois en Syrie (2010-2011)<\/p>\n<ul>\n<li><strong>Atelier de photographie<\/strong><\/li>\n<\/ul>\n<p>Albert Fleury, les jeudi 3 et vendredi 4 novembre 2011, de 15 heures 30 \u00e0 17 heures 30 ou de 18 \u00e0 20 heures \u00e0 l\u2019H\u00f4tel de Ville d\u2019Ensival<br \/>\nDeux groupes de huit personnes pourront prendre part \u00e0 l\u2019atelier (2&#215;2 heures). Il leur sera demand\u00e9 d\u2019apporter six photos (personnelles ou de presse) sur clef usb pour constituer le mat\u00e9riel de l\u2019atelier. Les photos seront retravaill\u00e9es pour mieux faire voir l\u2019impact du traitement de l\u2019image en termes d\u2019impression.<br \/>\nAcc\u00e8s aux huit premiers inscrits par groupe (mentionner l\u2019heure choisie : un groupe \u00e0 15h30, l&rsquo;autre \u00e0 18h) aupr\u00e8s de michele.corin@ccrv.be \u2013 087\/39.30.46 &#8211; PAF : 3\u20ac pour les 2x2h<\/p>\n<p>Plus d&rsquo;informations sur <a href=\"http:\/\/verviersvilledesmots.blogspot.com\/\" target=\"_blank\">Verviers, ville des mots<\/a><\/p>\n<p><em>Cr\u00e9dit Photo : Verviers, Ville des Mots 2011<\/em><\/p>\n","protected":false},"excerpt":{"rendered":"<p>L&rsquo;information \u00e0 l&rsquo;image est un th\u00e8me propos\u00e9 par Verviers, ville des mots 2011. Les visuels plac\u00e9s lors de la semaine consacr\u00e9e \u00e0 la Langue Fran\u00e7aise ont interpell\u00e9, fait l&rsquo;objet de commentaires, &#8230; Ils ont donc d\u00e9cid\u00e9 de poursuivre l&rsquo;action par un programme d\u2019information \u00e0 l\u2019image : Conf\u00e9rence Jean-Marie Klinkenberg, le jeudi 10 novembre 2011 \u00e0 [&hellip;]<\/p>\n","protected":false},"author":6,"featured_media":0,"comment_status":"open","ping_status":"open","sticky":false,"template":"","format":"standard","meta":{"_seopress_robots_primary_cat":"","_seopress_titles_title":"","_seopress_titles_desc":"","_seopress_robots_index":"","footnotes":""},"categories":[1],"tags":[67,72,43,50],"class_list":{"0":"post-2616","1":"post","2":"type-post","3":"status-publish","4":"format-standard","6":"category-non-classe","7":"tag-atelier","8":"tag-conferences","9":"tag-expositions","10":"tag-partenaires","11":"czr-hentry"},"yoast_head":"<!-- This site is optimized with the Yoast SEO plugin v27.5 - https:\/\/yoast.com\/product\/yoast-seo-wordpress\/ -->\n<title>&quot;L&#039;information \u00e0 l&#039;image&quot; par Verviers, ville des mots 2011 - Wamabi<\/title>\n<meta name=\"robots\" content=\"index, follow, max-snippet:-1, max-image-preview:large, max-video-preview:-1\" \/>\n<link rel=\"canonical\" href=\"https:\/\/wamabi.be\/site\/linformation-a-limage-par-verviers-ville-des-mots-2011\/\" \/>\n<meta property=\"og:locale\" content=\"fr_FR\" \/>\n<meta property=\"og:type\" content=\"article\" \/>\n<meta property=\"og:title\" content=\"&quot;L&#039;information \u00e0 l&#039;image&quot; par Verviers, ville des mots 2011 - Wamabi\" \/>\n<meta property=\"og:description\" content=\"L&rsquo;information \u00e0 l&rsquo;image est un th\u00e8me propos\u00e9 par Verviers, ville des mots 2011. Les visuels plac\u00e9s lors de la semaine consacr\u00e9e \u00e0 la Langue Fran\u00e7aise ont interpell\u00e9, fait l&rsquo;objet de commentaires, &#8230; Ils ont donc d\u00e9cid\u00e9 de poursuivre l&rsquo;action par un programme d\u2019information \u00e0 l\u2019image : Conf\u00e9rence Jean-Marie Klinkenberg, le jeudi 10 novembre 2011 \u00e0 [&hellip;]\" \/>\n<meta property=\"og:url\" content=\"https:\/\/wamabi.be\/site\/linformation-a-limage-par-verviers-ville-des-mots-2011\/\" \/>\n<meta property=\"og:site_name\" content=\"Wamabi\" \/>\n<meta property=\"article:published_time\" content=\"2011-10-11T07:30:18+00:00\" \/>\n<meta property=\"og:image\" content=\"http:\/\/wamabi.be\/site\/wp-content\/DSC_0005.jpg\" \/>\n<meta name=\"author\" content=\"Kevin\" \/>\n<meta name=\"twitter:card\" content=\"summary_large_image\" \/>\n<meta name=\"twitter:label1\" content=\"\u00c9crit par\" \/>\n\t<meta name=\"twitter:data1\" content=\"Kevin\" \/>\n\t<meta name=\"twitter:label2\" content=\"Dur\u00e9e de lecture estim\u00e9e\" \/>\n\t<meta name=\"twitter:data2\" content=\"1 minute\" \/>\n<script type=\"application\/ld+json\" class=\"yoast-schema-graph\">{\"@context\":\"https:\\\/\\\/schema.org\",\"@graph\":[{\"@type\":\"Article\",\"@id\":\"https:\\\/\\\/wamabi.be\\\/site\\\/linformation-a-limage-par-verviers-ville-des-mots-2011\\\/#article\",\"isPartOf\":{\"@id\":\"https:\\\/\\\/wamabi.be\\\/site\\\/linformation-a-limage-par-verviers-ville-des-mots-2011\\\/\"},\"author\":{\"name\":\"Kevin\",\"@id\":\"https:\\\/\\\/wamabi.be\\\/site\\\/#\\\/schema\\\/person\\\/de35ac5b7a6c2063786805e42724e4fe\"},\"headline\":\"\u00ab\u00a0L&rsquo;information \u00e0 l&rsquo;image\u00a0\u00bb par Verviers, ville des mots 2011\",\"datePublished\":\"2011-10-11T07:30:18+00:00\",\"mainEntityOfPage\":{\"@id\":\"https:\\\/\\\/wamabi.be\\\/site\\\/linformation-a-limage-par-verviers-ville-des-mots-2011\\\/\"},\"wordCount\":233,\"commentCount\":2,\"publisher\":{\"@id\":\"https:\\\/\\\/wamabi.be\\\/site\\\/#organization\"},\"image\":{\"@id\":\"https:\\\/\\\/wamabi.be\\\/site\\\/linformation-a-limage-par-verviers-ville-des-mots-2011\\\/#primaryimage\"},\"thumbnailUrl\":\"http:\\\/\\\/wamabi.be\\\/site\\\/wp-content\\\/DSC_0005.jpg\",\"keywords\":[\"Atelier\",\"Conf\u00e9rences\",\"Expositions\",\"Partenaires\"],\"inLanguage\":\"fr-FR\",\"potentialAction\":[{\"@type\":\"CommentAction\",\"name\":\"Comment\",\"target\":[\"https:\\\/\\\/wamabi.be\\\/site\\\/linformation-a-limage-par-verviers-ville-des-mots-2011\\\/#respond\"]}]},{\"@type\":\"WebPage\",\"@id\":\"https:\\\/\\\/wamabi.be\\\/site\\\/linformation-a-limage-par-verviers-ville-des-mots-2011\\\/\",\"url\":\"https:\\\/\\\/wamabi.be\\\/site\\\/linformation-a-limage-par-verviers-ville-des-mots-2011\\\/\",\"name\":\"\\\"L'information \u00e0 l'image\\\" par Verviers, ville des mots 2011 - Wamabi\",\"isPartOf\":{\"@id\":\"https:\\\/\\\/wamabi.be\\\/site\\\/#website\"},\"primaryImageOfPage\":{\"@id\":\"https:\\\/\\\/wamabi.be\\\/site\\\/linformation-a-limage-par-verviers-ville-des-mots-2011\\\/#primaryimage\"},\"image\":{\"@id\":\"https:\\\/\\\/wamabi.be\\\/site\\\/linformation-a-limage-par-verviers-ville-des-mots-2011\\\/#primaryimage\"},\"thumbnailUrl\":\"http:\\\/\\\/wamabi.be\\\/site\\\/wp-content\\\/DSC_0005.jpg\",\"datePublished\":\"2011-10-11T07:30:18+00:00\",\"breadcrumb\":{\"@id\":\"https:\\\/\\\/wamabi.be\\\/site\\\/linformation-a-limage-par-verviers-ville-des-mots-2011\\\/#breadcrumb\"},\"inLanguage\":\"fr-FR\",\"potentialAction\":[{\"@type\":\"ReadAction\",\"target\":[\"https:\\\/\\\/wamabi.be\\\/site\\\/linformation-a-limage-par-verviers-ville-des-mots-2011\\\/\"]}]},{\"@type\":\"ImageObject\",\"inLanguage\":\"fr-FR\",\"@id\":\"https:\\\/\\\/wamabi.be\\\/site\\\/linformation-a-limage-par-verviers-ville-des-mots-2011\\\/#primaryimage\",\"url\":\"http:\\\/\\\/wamabi.be\\\/site\\\/wp-content\\\/DSC_0005.jpg\",\"contentUrl\":\"http:\\\/\\\/wamabi.be\\\/site\\\/wp-content\\\/DSC_0005.jpg\"},{\"@type\":\"BreadcrumbList\",\"@id\":\"https:\\\/\\\/wamabi.be\\\/site\\\/linformation-a-limage-par-verviers-ville-des-mots-2011\\\/#breadcrumb\",\"itemListElement\":[{\"@type\":\"ListItem\",\"position\":1,\"name\":\"Accueil\",\"item\":\"https:\\\/\\\/wamabi.be\\\/site\\\/\"},{\"@type\":\"ListItem\",\"position\":2,\"name\":\"\u00ab\u00a0L&rsquo;information \u00e0 l&rsquo;image\u00a0\u00bb par Verviers, ville des mots 2011\"}]},{\"@type\":\"WebSite\",\"@id\":\"https:\\\/\\\/wamabi.be\\\/site\\\/#website\",\"url\":\"https:\\\/\\\/wamabi.be\\\/site\\\/\",\"name\":\"Wamabi\",\"description\":\"Wamabi - Biblioth\u00e8ques de Waimes et de Malmedy\",\"publisher\":{\"@id\":\"https:\\\/\\\/wamabi.be\\\/site\\\/#organization\"},\"potentialAction\":[{\"@type\":\"SearchAction\",\"target\":{\"@type\":\"EntryPoint\",\"urlTemplate\":\"https:\\\/\\\/wamabi.be\\\/site\\\/?s={search_term_string}\"},\"query-input\":{\"@type\":\"PropertyValueSpecification\",\"valueRequired\":true,\"valueName\":\"search_term_string\"}}],\"inLanguage\":\"fr-FR\"},{\"@type\":\"Organization\",\"@id\":\"https:\\\/\\\/wamabi.be\\\/site\\\/#organization\",\"name\":\"Wamabi\",\"url\":\"https:\\\/\\\/wamabi.be\\\/site\\\/\",\"logo\":{\"@type\":\"ImageObject\",\"inLanguage\":\"fr-FR\",\"@id\":\"https:\\\/\\\/wamabi.be\\\/site\\\/#\\\/schema\\\/logo\\\/image\\\/\",\"url\":\"https:\\\/\\\/wamabi.be\\\/site\\\/wp-content\\\/cropped-cropped-Dragon-noir-et-blanc-transparent-carre-1.png\",\"contentUrl\":\"https:\\\/\\\/wamabi.be\\\/site\\\/wp-content\\\/cropped-cropped-Dragon-noir-et-blanc-transparent-carre-1.png\",\"width\":2321,\"height\":2321,\"caption\":\"Wamabi\"},\"image\":{\"@id\":\"https:\\\/\\\/wamabi.be\\\/site\\\/#\\\/schema\\\/logo\\\/image\\\/\"}},{\"@type\":\"Person\",\"@id\":\"https:\\\/\\\/wamabi.be\\\/site\\\/#\\\/schema\\\/person\\\/de35ac5b7a6c2063786805e42724e4fe\",\"name\":\"Kevin\",\"image\":{\"@type\":\"ImageObject\",\"inLanguage\":\"fr-FR\",\"@id\":\"https:\\\/\\\/secure.gravatar.com\\\/avatar\\\/76404c1ad90a4df451029c9fe828b5653499247fdb2061ee9fbc02bd0f095d76?s=96&d=mm&r=g\",\"url\":\"https:\\\/\\\/secure.gravatar.com\\\/avatar\\\/76404c1ad90a4df451029c9fe828b5653499247fdb2061ee9fbc02bd0f095d76?s=96&d=mm&r=g\",\"contentUrl\":\"https:\\\/\\\/secure.gravatar.com\\\/avatar\\\/76404c1ad90a4df451029c9fe828b5653499247fdb2061ee9fbc02bd0f095d76?s=96&d=mm&r=g\",\"caption\":\"Kevin\"},\"sameAs\":[\"http:\\\/\\\/malmedia-epn.be\"],\"url\":\"https:\\\/\\\/wamabi.be\\\/site\\\/author\\\/kevin\\\/\"}]}<\/script>\n<!-- \/ Yoast SEO plugin. -->","yoast_head_json":{"title":"\"L'information \u00e0 l'image\" par Verviers, ville des mots 2011 - Wamabi","robots":{"index":"index","follow":"follow","max-snippet":"max-snippet:-1","max-image-preview":"max-image-preview:large","max-video-preview":"max-video-preview:-1"},"canonical":"https:\/\/wamabi.be\/site\/linformation-a-limage-par-verviers-ville-des-mots-2011\/","og_locale":"fr_FR","og_type":"article","og_title":"\"L'information \u00e0 l'image\" par Verviers, ville des mots 2011 - Wamabi","og_description":"L&rsquo;information \u00e0 l&rsquo;image est un th\u00e8me propos\u00e9 par Verviers, ville des mots 2011. Les visuels plac\u00e9s lors de la semaine consacr\u00e9e \u00e0 la Langue Fran\u00e7aise ont interpell\u00e9, fait l&rsquo;objet de commentaires, &#8230; Ils ont donc d\u00e9cid\u00e9 de poursuivre l&rsquo;action par un programme d\u2019information \u00e0 l\u2019image : Conf\u00e9rence Jean-Marie Klinkenberg, le jeudi 10 novembre 2011 \u00e0 [&hellip;]","og_url":"https:\/\/wamabi.be\/site\/linformation-a-limage-par-verviers-ville-des-mots-2011\/","og_site_name":"Wamabi","article_published_time":"2011-10-11T07:30:18+00:00","og_image":[{"url":"http:\/\/wamabi.be\/site\/wp-content\/DSC_0005.jpg","type":"","width":"","height":""}],"author":"Kevin","twitter_card":"summary_large_image","twitter_misc":{"\u00c9crit par":"Kevin","Dur\u00e9e de lecture estim\u00e9e":"1 minute"},"schema":{"@context":"https:\/\/schema.org","@graph":[{"@type":"Article","@id":"https:\/\/wamabi.be\/site\/linformation-a-limage-par-verviers-ville-des-mots-2011\/#article","isPartOf":{"@id":"https:\/\/wamabi.be\/site\/linformation-a-limage-par-verviers-ville-des-mots-2011\/"},"author":{"name":"Kevin","@id":"https:\/\/wamabi.be\/site\/#\/schema\/person\/de35ac5b7a6c2063786805e42724e4fe"},"headline":"\u00ab\u00a0L&rsquo;information \u00e0 l&rsquo;image\u00a0\u00bb par Verviers, ville des mots 2011","datePublished":"2011-10-11T07:30:18+00:00","mainEntityOfPage":{"@id":"https:\/\/wamabi.be\/site\/linformation-a-limage-par-verviers-ville-des-mots-2011\/"},"wordCount":233,"commentCount":2,"publisher":{"@id":"https:\/\/wamabi.be\/site\/#organization"},"image":{"@id":"https:\/\/wamabi.be\/site\/linformation-a-limage-par-verviers-ville-des-mots-2011\/#primaryimage"},"thumbnailUrl":"http:\/\/wamabi.be\/site\/wp-content\/DSC_0005.jpg","keywords":["Atelier","Conf\u00e9rences","Expositions","Partenaires"],"inLanguage":"fr-FR","potentialAction":[{"@type":"CommentAction","name":"Comment","target":["https:\/\/wamabi.be\/site\/linformation-a-limage-par-verviers-ville-des-mots-2011\/#respond"]}]},{"@type":"WebPage","@id":"https:\/\/wamabi.be\/site\/linformation-a-limage-par-verviers-ville-des-mots-2011\/","url":"https:\/\/wamabi.be\/site\/linformation-a-limage-par-verviers-ville-des-mots-2011\/","name":"\"L'information \u00e0 l'image\" par Verviers, ville des mots 2011 - Wamabi","isPartOf":{"@id":"https:\/\/wamabi.be\/site\/#website"},"primaryImageOfPage":{"@id":"https:\/\/wamabi.be\/site\/linformation-a-limage-par-verviers-ville-des-mots-2011\/#primaryimage"},"image":{"@id":"https:\/\/wamabi.be\/site\/linformation-a-limage-par-verviers-ville-des-mots-2011\/#primaryimage"},"thumbnailUrl":"http:\/\/wamabi.be\/site\/wp-content\/DSC_0005.jpg","datePublished":"2011-10-11T07:30:18+00:00","breadcrumb":{"@id":"https:\/\/wamabi.be\/site\/linformation-a-limage-par-verviers-ville-des-mots-2011\/#breadcrumb"},"inLanguage":"fr-FR","potentialAction":[{"@type":"ReadAction","target":["https:\/\/wamabi.be\/site\/linformation-a-limage-par-verviers-ville-des-mots-2011\/"]}]},{"@type":"ImageObject","inLanguage":"fr-FR","@id":"https:\/\/wamabi.be\/site\/linformation-a-limage-par-verviers-ville-des-mots-2011\/#primaryimage","url":"http:\/\/wamabi.be\/site\/wp-content\/DSC_0005.jpg","contentUrl":"http:\/\/wamabi.be\/site\/wp-content\/DSC_0005.jpg"},{"@type":"BreadcrumbList","@id":"https:\/\/wamabi.be\/site\/linformation-a-limage-par-verviers-ville-des-mots-2011\/#breadcrumb","itemListElement":[{"@type":"ListItem","position":1,"name":"Accueil","item":"https:\/\/wamabi.be\/site\/"},{"@type":"ListItem","position":2,"name":"\u00ab\u00a0L&rsquo;information \u00e0 l&rsquo;image\u00a0\u00bb par Verviers, ville des mots 2011"}]},{"@type":"WebSite","@id":"https:\/\/wamabi.be\/site\/#website","url":"https:\/\/wamabi.be\/site\/","name":"Wamabi","description":"Wamabi - Biblioth\u00e8ques de Waimes et de Malmedy","publisher":{"@id":"https:\/\/wamabi.be\/site\/#organization"},"potentialAction":[{"@type":"SearchAction","target":{"@type":"EntryPoint","urlTemplate":"https:\/\/wamabi.be\/site\/?s={search_term_string}"},"query-input":{"@type":"PropertyValueSpecification","valueRequired":true,"valueName":"search_term_string"}}],"inLanguage":"fr-FR"},{"@type":"Organization","@id":"https:\/\/wamabi.be\/site\/#organization","name":"Wamabi","url":"https:\/\/wamabi.be\/site\/","logo":{"@type":"ImageObject","inLanguage":"fr-FR","@id":"https:\/\/wamabi.be\/site\/#\/schema\/logo\/image\/","url":"https:\/\/wamabi.be\/site\/wp-content\/cropped-cropped-Dragon-noir-et-blanc-transparent-carre-1.png","contentUrl":"https:\/\/wamabi.be\/site\/wp-content\/cropped-cropped-Dragon-noir-et-blanc-transparent-carre-1.png","width":2321,"height":2321,"caption":"Wamabi"},"image":{"@id":"https:\/\/wamabi.be\/site\/#\/schema\/logo\/image\/"}},{"@type":"Person","@id":"https:\/\/wamabi.be\/site\/#\/schema\/person\/de35ac5b7a6c2063786805e42724e4fe","name":"Kevin","image":{"@type":"ImageObject","inLanguage":"fr-FR","@id":"https:\/\/secure.gravatar.com\/avatar\/76404c1ad90a4df451029c9fe828b5653499247fdb2061ee9fbc02bd0f095d76?s=96&d=mm&r=g","url":"https:\/\/secure.gravatar.com\/avatar\/76404c1ad90a4df451029c9fe828b5653499247fdb2061ee9fbc02bd0f095d76?s=96&d=mm&r=g","contentUrl":"https:\/\/secure.gravatar.com\/avatar\/76404c1ad90a4df451029c9fe828b5653499247fdb2061ee9fbc02bd0f095d76?s=96&d=mm&r=g","caption":"Kevin"},"sameAs":["http:\/\/malmedia-epn.be"],"url":"https:\/\/wamabi.be\/site\/author\/kevin\/"}]}},"_links":{"self":[{"href":"https:\/\/wamabi.be\/site\/wp-json\/wp\/v2\/posts\/2616","targetHints":{"allow":["GET"]}}],"collection":[{"href":"https:\/\/wamabi.be\/site\/wp-json\/wp\/v2\/posts"}],"about":[{"href":"https:\/\/wamabi.be\/site\/wp-json\/wp\/v2\/types\/post"}],"author":[{"embeddable":true,"href":"https:\/\/wamabi.be\/site\/wp-json\/wp\/v2\/users\/6"}],"replies":[{"embeddable":true,"href":"https:\/\/wamabi.be\/site\/wp-json\/wp\/v2\/comments?post=2616"}],"version-history":[{"count":0,"href":"https:\/\/wamabi.be\/site\/wp-json\/wp\/v2\/posts\/2616\/revisions"}],"wp:attachment":[{"href":"https:\/\/wamabi.be\/site\/wp-json\/wp\/v2\/media?parent=2616"}],"wp:term":[{"taxonomy":"category","embeddable":true,"href":"https:\/\/wamabi.be\/site\/wp-json\/wp\/v2\/categories?post=2616"},{"taxonomy":"post_tag","embeddable":true,"href":"https:\/\/wamabi.be\/site\/wp-json\/wp\/v2\/tags?post=2616"}],"curies":[{"name":"wp","href":"https:\/\/api.w.org\/{rel}","templated":true}]}}