{"id":15448,"date":"2026-09-01T13:10:13","date_gmt":"2026-09-01T12:10:13","guid":{"rendered":"https:\/\/wamabi.be\/site\/?p=15448"},"modified":"2026-09-01T13:59:07","modified_gmt":"2026-09-01T12:59:07","slug":"spectacle-une-histoire-de-ble","status":"publish","type":"post","link":"https:\/\/wamabi.be\/site\/spectacle-une-histoire-de-ble\/","title":{"rendered":"SPECTACLE &#8211; Une histoire de bl\u00e9"},"content":{"rendered":"<div class=\"x14z9mp xat24cr x1lziwak x1vvkbs xtlvy1s\">\n<p class=\"isSelectedEnd\"><strong>Dans le cadre de l\u2019<a href=\"https:\/\/www.facebook.com\/events\/1009483805431224\" target=\"_blank\" rel=\"noopener\">inauguration de L\u2019\u00c9picentre<\/a>, le nouveau moulin et la conserverie de <a href=\"https:\/\/capterre.be\/\" target=\"_blank\" rel=\"noopener\">Cap Terre<\/a> \u00e0 Meiz, la biblioth\u00e8que vous invite \u00e0 d\u00e9couvrir \u00ab <a href=\"https:\/\/www.facebook.com\/events\/1018683574537882\/?acontext=%7B%22event_action_history%22%3A[%7B%22mechanism%22%3A%22your_upcoming_events_unit%22%2C%22surface%22%3A%22bookmark%22%7D]%2C%22ref_notif_type%22%3Anull%7D\" target=\"_blank\" rel=\"noopener\">Une histoire de bl\u00e9<\/a> \u00bb de Simon Fiasse, un spectacle familial qui retrace avec humour et po\u00e9sie l\u2019\u00e9volution de notre rapport \u00e0 l\u2019alimentation et au monde paysan.<\/strong><\/p>\n<figure id=\"attachment_15449\" aria-describedby=\"caption-attachment-15449\" style=\"width: 1024px\" class=\"wp-caption alignnone\"><a href=\"https:\/\/wamabi.be\/site\/wp-content\/Histoire-de-ble-Credit-Photo-Helene-Rase-scaled-1.jpg\"><img loading=\"lazy\" decoding=\"async\" class=\"wp-image-15449 size-large\" src=\"https:\/\/wamabi.be\/site\/wp-content\/Histoire-de-ble-Credit-Photo-Helene-Rase-scaled-1-1024x681.jpg\" alt=\"\" width=\"1024\" height=\"681\" srcset=\"https:\/\/wamabi.be\/site\/wp-content\/Histoire-de-ble-Credit-Photo-Helene-Rase-scaled-1-1024x681.jpg 1024w, https:\/\/wamabi.be\/site\/wp-content\/Histoire-de-ble-Credit-Photo-Helene-Rase-scaled-1-300x200.jpg 300w, https:\/\/wamabi.be\/site\/wp-content\/Histoire-de-ble-Credit-Photo-Helene-Rase-scaled-1-768x511.jpg 768w, https:\/\/wamabi.be\/site\/wp-content\/Histoire-de-ble-Credit-Photo-Helene-Rase-scaled-1-1536x1022.jpg 1536w, https:\/\/wamabi.be\/site\/wp-content\/Histoire-de-ble-Credit-Photo-Helene-Rase-scaled-1-2048x1362.jpg 2048w\" sizes=\"auto, (max-width: 1024px) 100vw, 1024px\" \/><\/a><figcaption id=\"caption-attachment-15449\" class=\"wp-caption-text\">Et si, pour comprendre notre assiette d\u2019aujourd\u2019hui, il fallait remonter le fil de notre histoire paysanne ?<\/figcaption><\/figure>\n<p class=\"isSelectedEnd\">\u00c0 travers un \u00e9tonnant m\u00e9lange de th\u00e9\u00e2tre d\u2019objets, de fruits et de l\u00e9gumes et de marionnettes, Une histoire de bl\u00e9 raconte la transformation de notre rapport \u00e0 la terre, \u00e0 l\u2019alimentation et \u00e0 celles et ceux qui la produisent.<\/p>\n<p class=\"isSelectedEnd\">Guillaume est le dernier d\u2019une longue lign\u00e9e de paysans. Son p\u00e8re \u00e9tait paysan, son grand-p\u00e8re aussi, son arri\u00e8re-grand-p\u00e8re \u00e9galement\u2026 Sa famille cultive la terre depuis pr\u00e8s de 10 000 ans.<\/p>\n<p class=\"isSelectedEnd\">Mais Guillaume, lui, travaille dans la grande distribution et ne sait pas planter une carotte. Son grand-p\u00e8re nourrissait tout un village avec un sac de bl\u00e9 ; Guillaume, aujourd\u2019hui, noue ses sacs-poubelles et mange seul devant la t\u00e9l\u00e9vision.<\/p>\n<p class=\"isSelectedEnd\">Que s\u2019est-il pass\u00e9 ? Comment sommes-nous pass\u00e9s d\u2019une soci\u00e9t\u00e9 o\u00f9 la terre et ceux qui la cultivent occupaient une place centrale \u00e0 un monde o\u00f9 les paysans semblent peu \u00e0 peu dispara\u00eetre ? Et surtout, quel avenir voulons-nous pour notre alimentation et notre agriculture ?<\/p>\n<p class=\"isSelectedEnd\">Une pi\u00e8ce sensible, dr\u00f4le et accessible, qui questionne notre histoire et notre avenir tout en faisant \u00e9cho aux enjeux de L\u2019\u00c9picentre : produire, transformer et manger local.<\/p>\n<p class=\"isSelectedEnd\">Un spectacle \u00ab circuit court \u00bb \u00e0 d\u00e9couvrir en famille !<\/p>\n<p><em>Tout public d\u00e8s 7 ans \u2013 de 7 \u00e0 107 ans<\/em><br \/>\n<em>Dur\u00e9e : 45 minutes<\/em><br \/>\n<em>Gratuit \u2013 Infos : <span data-olk-copy-source=\"MessageBody\">080\/51.73.11<\/span><\/em><br \/>\n<em>Chez Cap Terre \u2013 Meiz 9, Stavelot<\/em><\/p>\n<\/div>\n<p><a href=\"https:\/\/wamabi.be\/site\/wp-content\/visu-inauguration-600x359-1.jpg\"><img loading=\"lazy\" decoding=\"async\" class=\"alignnone wp-image-15450 size-full\" src=\"https:\/\/wamabi.be\/site\/wp-content\/visu-inauguration-600x359-1.jpg\" alt=\"\" width=\"600\" height=\"359\" srcset=\"https:\/\/wamabi.be\/site\/wp-content\/visu-inauguration-600x359-1.jpg 600w, https:\/\/wamabi.be\/site\/wp-content\/visu-inauguration-600x359-1-300x180.jpg 300w\" sizes=\"auto, (max-width: 600px) 100vw, 600px\" \/><\/a><\/p>\n","protected":false},"excerpt":{"rendered":"<p>Dans le cadre de l\u2019inauguration de L\u2019\u00c9picentre, le nouveau moulin et la conserverie de Cap Terre \u00e0 Meiz, la biblioth\u00e8que vous invite \u00e0 d\u00e9couvrir \u00ab Une histoire de bl\u00e9 \u00bb de Simon Fiasse, un spectacle familial qui retrace avec humour et po\u00e9sie l\u2019\u00e9volution de notre rapport \u00e0 l\u2019alimentation et au monde paysan. \u00c0 travers un [&hellip;]<\/p>\n","protected":false},"author":14,"featured_media":0,"comment_status":"open","ping_status":"open","sticky":false,"template":"","format":"standard","meta":{"_seopress_titles_title":"","_seopress_titles_desc":"","_seopress_robots_index":"","_seopress_robots_follow":"","_seopress_robots_imageindex":"","_seopress_robots_snippet":"","_seopress_robots_primary_cat":"","_seopress_robots_breadcrumbs":"","_seopress_robots_freeze_modified_date":"","_seopress_robots_custom_modified_date":"","_seopress_robots_canonical":"","_seopress_social_fb_title":"","_seopress_social_fb_desc":"","_seopress_social_fb_img":"","_seopress_social_fb_img_attachment_id":0,"_seopress_social_fb_img_width":0,"_seopress_social_fb_img_height":0,"_seopress_social_twitter_title":"","_seopress_social_twitter_desc":"","_seopress_social_twitter_img":"","_seopress_social_twitter_img_attachment_id":0,"_seopress_social_twitter_img_width":0,"_seopress_social_twitter_img_height":0,"_seopress_redirections_value":"","_seopress_redirections_enabled":"","_seopress_redirections_enabled_regex":"","_seopress_redirections_logged_status":"","_seopress_redirections_param":"","_seopress_redirections_type":0,"_seopress_analysis_target_kw":"","footnotes":""},"categories":[1],"tags":[],"class_list":["post-15448","post","type-post","status-publish","format-standard","category-non-classe","czr-hentry"],"yoast_head":"<!-- This site is optimized with the Yoast SEO plugin v28.4 - https:\/\/yoast.com\/product\/yoast-seo-wordpress\/ -->\n<title>SPECTACLE - Une histoire de bl\u00e9 - Wamabi<\/title>\n<meta name=\"robots\" content=\"index, follow, max-snippet:-1, max-image-preview:large, max-video-preview:-1\" \/>\n<link rel=\"canonical\" href=\"https:\/\/wamabi.be\/site\/spectacle-une-histoire-de-ble\/\" \/>\n<meta property=\"og:locale\" content=\"fr_FR\" \/>\n<meta property=\"og:type\" content=\"article\" \/>\n<meta property=\"og:title\" content=\"SPECTACLE - Une histoire de bl\u00e9 - Wamabi\" \/>\n<meta property=\"og:description\" content=\"Dans le cadre de l\u2019inauguration de L\u2019\u00c9picentre, le nouveau moulin et la conserverie de Cap Terre \u00e0 Meiz, la biblioth\u00e8que vous invite \u00e0 d\u00e9couvrir \u00ab Une histoire de bl\u00e9 \u00bb de Simon Fiasse, un spectacle familial qui retrace avec humour et po\u00e9sie l\u2019\u00e9volution de notre rapport \u00e0 l\u2019alimentation et au monde paysan. \u00c0 travers un [&hellip;]\" \/>\n<meta property=\"og:url\" content=\"https:\/\/wamabi.be\/site\/spectacle-une-histoire-de-ble\/\" \/>\n<meta property=\"og:site_name\" content=\"Wamabi\" \/>\n<meta property=\"article:published_time\" content=\"2026-09-01T12:10:13+00:00\" \/>\n<meta property=\"article:modified_time\" content=\"2026-09-01T12:59:07+00:00\" \/>\n<meta property=\"og:image\" content=\"https:\/\/wamabi.be\/site\/wp-content\/Histoire-de-ble-Credit-Photo-Helene-Rase-scaled-1.jpg\" \/>\n\t<meta property=\"og:image:width\" content=\"2560\" \/>\n\t<meta property=\"og:image:height\" content=\"1703\" \/>\n\t<meta property=\"og:image:type\" content=\"image\/jpeg\" \/>\n<meta name=\"author\" content=\"Fred\" \/>\n<meta name=\"twitter:card\" content=\"summary_large_image\" \/>\n<meta name=\"twitter:label1\" content=\"\u00c9crit par\" \/>\n\t<meta name=\"twitter:data1\" content=\"Fred\" \/>\n\t<meta name=\"twitter:label2\" content=\"Dur\u00e9e de lecture estim\u00e9e\" \/>\n\t<meta name=\"twitter:data2\" content=\"2 minutes\" \/>\n<script type=\"application\/ld+json\" class=\"yoast-schema-graph\">{\"@context\":\"https:\\\/\\\/schema.org\",\"@graph\":[{\"@type\":\"Article\",\"@id\":\"https:\\\/\\\/wamabi.be\\\/site\\\/spectacle-une-histoire-de-ble\\\/#article\",\"isPartOf\":{\"@id\":\"https:\\\/\\\/wamabi.be\\\/site\\\/spectacle-une-histoire-de-ble\\\/\"},\"author\":{\"name\":\"Fred\",\"@id\":\"https:\\\/\\\/wamabi.be\\\/site\\\/#\\\/schema\\\/person\\\/d215542c812823ee78920d76e619749c\"},\"headline\":\"SPECTACLE &#8211; Une histoire de bl\u00e9\",\"datePublished\":\"2026-09-01T12:10:13+00:00\",\"dateModified\":\"2026-09-01T12:59:07+00:00\",\"mainEntityOfPage\":{\"@id\":\"https:\\\/\\\/wamabi.be\\\/site\\\/spectacle-une-histoire-de-ble\\\/\"},\"wordCount\":300,\"commentCount\":0,\"publisher\":{\"@id\":\"https:\\\/\\\/wamabi.be\\\/site\\\/#organization\"},\"image\":{\"@id\":\"https:\\\/\\\/wamabi.be\\\/site\\\/spectacle-une-histoire-de-ble\\\/#primaryimage\"},\"thumbnailUrl\":\"https:\\\/\\\/wamabi.be\\\/site\\\/wp-content\\\/Histoire-de-ble-Credit-Photo-Helene-Rase-scaled-1-1024x681.jpg\",\"inLanguage\":\"fr-FR\",\"potentialAction\":[{\"@type\":\"CommentAction\",\"name\":\"Comment\",\"target\":[\"https:\\\/\\\/wamabi.be\\\/site\\\/spectacle-une-histoire-de-ble\\\/#respond\"]}]},{\"@type\":\"WebPage\",\"@id\":\"https:\\\/\\\/wamabi.be\\\/site\\\/spectacle-une-histoire-de-ble\\\/\",\"url\":\"https:\\\/\\\/wamabi.be\\\/site\\\/spectacle-une-histoire-de-ble\\\/\",\"name\":\"SPECTACLE - Une histoire de bl\u00e9 - Wamabi\",\"isPartOf\":{\"@id\":\"https:\\\/\\\/wamabi.be\\\/site\\\/#website\"},\"primaryImageOfPage\":{\"@id\":\"https:\\\/\\\/wamabi.be\\\/site\\\/spectacle-une-histoire-de-ble\\\/#primaryimage\"},\"image\":{\"@id\":\"https:\\\/\\\/wamabi.be\\\/site\\\/spectacle-une-histoire-de-ble\\\/#primaryimage\"},\"thumbnailUrl\":\"https:\\\/\\\/wamabi.be\\\/site\\\/wp-content\\\/Histoire-de-ble-Credit-Photo-Helene-Rase-scaled-1-1024x681.jpg\",\"datePublished\":\"2026-09-01T12:10:13+00:00\",\"dateModified\":\"2026-09-01T12:59:07+00:00\",\"breadcrumb\":{\"@id\":\"https:\\\/\\\/wamabi.be\\\/site\\\/spectacle-une-histoire-de-ble\\\/#breadcrumb\"},\"inLanguage\":\"fr-FR\",\"potentialAction\":[{\"@type\":\"ReadAction\",\"target\":[\"https:\\\/\\\/wamabi.be\\\/site\\\/spectacle-une-histoire-de-ble\\\/\"]}]},{\"@type\":\"ImageObject\",\"inLanguage\":\"fr-FR\",\"@id\":\"https:\\\/\\\/wamabi.be\\\/site\\\/spectacle-une-histoire-de-ble\\\/#primaryimage\",\"url\":\"https:\\\/\\\/wamabi.be\\\/site\\\/wp-content\\\/Histoire-de-ble-Credit-Photo-Helene-Rase-scaled-1.jpg\",\"contentUrl\":\"https:\\\/\\\/wamabi.be\\\/site\\\/wp-content\\\/Histoire-de-ble-Credit-Photo-Helene-Rase-scaled-1.jpg\",\"width\":2560,\"height\":1703},{\"@type\":\"BreadcrumbList\",\"@id\":\"https:\\\/\\\/wamabi.be\\\/site\\\/spectacle-une-histoire-de-ble\\\/#breadcrumb\",\"itemListElement\":[{\"@type\":\"ListItem\",\"position\":1,\"name\":\"Accueil\",\"item\":\"https:\\\/\\\/wamabi.be\\\/site\\\/\"},{\"@type\":\"ListItem\",\"position\":2,\"name\":\"SPECTACLE &#8211; Une histoire de bl\u00e9\"}]},{\"@type\":\"WebSite\",\"@id\":\"https:\\\/\\\/wamabi.be\\\/site\\\/#website\",\"url\":\"https:\\\/\\\/wamabi.be\\\/site\\\/\",\"name\":\"Wamabi\",\"description\":\"Wamabi - Biblioth\u00e8ques de Waimes et de Malmedy\",\"publisher\":{\"@id\":\"https:\\\/\\\/wamabi.be\\\/site\\\/#organization\"},\"potentialAction\":[{\"@type\":\"SearchAction\",\"target\":{\"@type\":\"EntryPoint\",\"urlTemplate\":\"https:\\\/\\\/wamabi.be\\\/site\\\/?s={search_term_string}\"},\"query-input\":{\"@type\":\"PropertyValueSpecification\",\"valueRequired\":true,\"valueName\":\"search_term_string\"}}],\"inLanguage\":\"fr-FR\"},{\"@type\":\"Organization\",\"@id\":\"https:\\\/\\\/wamabi.be\\\/site\\\/#organization\",\"name\":\"Wamabi\",\"url\":\"https:\\\/\\\/wamabi.be\\\/site\\\/\",\"logo\":{\"@type\":\"ImageObject\",\"inLanguage\":\"fr-FR\",\"@id\":\"https:\\\/\\\/wamabi.be\\\/site\\\/#\\\/schema\\\/logo\\\/image\\\/\",\"url\":\"https:\\\/\\\/wamabi.be\\\/site\\\/wp-content\\\/cropped-cropped-Dragon-noir-et-blanc-transparent-carre-1.png\",\"contentUrl\":\"https:\\\/\\\/wamabi.be\\\/site\\\/wp-content\\\/cropped-cropped-Dragon-noir-et-blanc-transparent-carre-1.png\",\"width\":2321,\"height\":2321,\"caption\":\"Wamabi\"},\"image\":{\"@id\":\"https:\\\/\\\/wamabi.be\\\/site\\\/#\\\/schema\\\/logo\\\/image\\\/\"}},{\"@type\":\"Person\",\"@id\":\"https:\\\/\\\/wamabi.be\\\/site\\\/#\\\/schema\\\/person\\\/d215542c812823ee78920d76e619749c\",\"name\":\"Fred\",\"image\":{\"@type\":\"ImageObject\",\"inLanguage\":\"fr-FR\",\"@id\":\"https:\\\/\\\/secure.gravatar.com\\\/avatar\\\/fc672c5d32dec8b323e48becfe5a966d7d87b500bc73ae1712919ac83cddfea3?s=96&d=mm&r=g\",\"url\":\"https:\\\/\\\/secure.gravatar.com\\\/avatar\\\/fc672c5d32dec8b323e48becfe5a966d7d87b500bc73ae1712919ac83cddfea3?s=96&d=mm&r=g\",\"contentUrl\":\"https:\\\/\\\/secure.gravatar.com\\\/avatar\\\/fc672c5d32dec8b323e48becfe5a966d7d87b500bc73ae1712919ac83cddfea3?s=96&d=mm&r=g\",\"caption\":\"Fred\"},\"sameAs\":[\"http:\\\/\\\/www.wamabi.be\\\/\"],\"url\":\"https:\\\/\\\/wamabi.be\\\/site\\\/author\\\/fred\\\/\"}]}<\/script>\n<!-- \/ Yoast SEO plugin. -->","yoast_head_json":{"title":"SPECTACLE - Une histoire de bl\u00e9 - Wamabi","robots":{"index":"index","follow":"follow","max-snippet":"max-snippet:-1","max-image-preview":"max-image-preview:large","max-video-preview":"max-video-preview:-1"},"canonical":"https:\/\/wamabi.be\/site\/spectacle-une-histoire-de-ble\/","og_locale":"fr_FR","og_type":"article","og_title":"SPECTACLE - Une histoire de bl\u00e9 - Wamabi","og_description":"Dans le cadre de l\u2019inauguration de L\u2019\u00c9picentre, le nouveau moulin et la conserverie de Cap Terre \u00e0 Meiz, la biblioth\u00e8que vous invite \u00e0 d\u00e9couvrir \u00ab Une histoire de bl\u00e9 \u00bb de Simon Fiasse, un spectacle familial qui retrace avec humour et po\u00e9sie l\u2019\u00e9volution de notre rapport \u00e0 l\u2019alimentation et au monde paysan. \u00c0 travers un [&hellip;]","og_url":"https:\/\/wamabi.be\/site\/spectacle-une-histoire-de-ble\/","og_site_name":"Wamabi","article_published_time":"2026-09-01T12:10:13+00:00","article_modified_time":"2026-09-01T12:59:07+00:00","og_image":[{"width":2560,"height":1703,"url":"https:\/\/wamabi.be\/site\/wp-content\/Histoire-de-ble-Credit-Photo-Helene-Rase-scaled-1.jpg","type":"image\/jpeg"}],"author":"Fred","twitter_card":"summary_large_image","twitter_misc":{"\u00c9crit par":"Fred","Dur\u00e9e de lecture estim\u00e9e":"2 minutes"},"schema":{"@context":"https:\/\/schema.org","@graph":[{"@type":"Article","@id":"https:\/\/wamabi.be\/site\/spectacle-une-histoire-de-ble\/#article","isPartOf":{"@id":"https:\/\/wamabi.be\/site\/spectacle-une-histoire-de-ble\/"},"author":{"name":"Fred","@id":"https:\/\/wamabi.be\/site\/#\/schema\/person\/d215542c812823ee78920d76e619749c"},"headline":"SPECTACLE &#8211; Une histoire de bl\u00e9","datePublished":"2026-09-01T12:10:13+00:00","dateModified":"2026-09-01T12:59:07+00:00","mainEntityOfPage":{"@id":"https:\/\/wamabi.be\/site\/spectacle-une-histoire-de-ble\/"},"wordCount":300,"commentCount":0,"publisher":{"@id":"https:\/\/wamabi.be\/site\/#organization"},"image":{"@id":"https:\/\/wamabi.be\/site\/spectacle-une-histoire-de-ble\/#primaryimage"},"thumbnailUrl":"https:\/\/wamabi.be\/site\/wp-content\/Histoire-de-ble-Credit-Photo-Helene-Rase-scaled-1-1024x681.jpg","inLanguage":"fr-FR","potentialAction":[{"@type":"CommentAction","name":"Comment","target":["https:\/\/wamabi.be\/site\/spectacle-une-histoire-de-ble\/#respond"]}]},{"@type":"WebPage","@id":"https:\/\/wamabi.be\/site\/spectacle-une-histoire-de-ble\/","url":"https:\/\/wamabi.be\/site\/spectacle-une-histoire-de-ble\/","name":"SPECTACLE - Une histoire de bl\u00e9 - Wamabi","isPartOf":{"@id":"https:\/\/wamabi.be\/site\/#website"},"primaryImageOfPage":{"@id":"https:\/\/wamabi.be\/site\/spectacle-une-histoire-de-ble\/#primaryimage"},"image":{"@id":"https:\/\/wamabi.be\/site\/spectacle-une-histoire-de-ble\/#primaryimage"},"thumbnailUrl":"https:\/\/wamabi.be\/site\/wp-content\/Histoire-de-ble-Credit-Photo-Helene-Rase-scaled-1-1024x681.jpg","datePublished":"2026-09-01T12:10:13+00:00","dateModified":"2026-09-01T12:59:07+00:00","breadcrumb":{"@id":"https:\/\/wamabi.be\/site\/spectacle-une-histoire-de-ble\/#breadcrumb"},"inLanguage":"fr-FR","potentialAction":[{"@type":"ReadAction","target":["https:\/\/wamabi.be\/site\/spectacle-une-histoire-de-ble\/"]}]},{"@type":"ImageObject","inLanguage":"fr-FR","@id":"https:\/\/wamabi.be\/site\/spectacle-une-histoire-de-ble\/#primaryimage","url":"https:\/\/wamabi.be\/site\/wp-content\/Histoire-de-ble-Credit-Photo-Helene-Rase-scaled-1.jpg","contentUrl":"https:\/\/wamabi.be\/site\/wp-content\/Histoire-de-ble-Credit-Photo-Helene-Rase-scaled-1.jpg","width":2560,"height":1703},{"@type":"BreadcrumbList","@id":"https:\/\/wamabi.be\/site\/spectacle-une-histoire-de-ble\/#breadcrumb","itemListElement":[{"@type":"ListItem","position":1,"name":"Accueil","item":"https:\/\/wamabi.be\/site\/"},{"@type":"ListItem","position":2,"name":"SPECTACLE &#8211; Une histoire de bl\u00e9"}]},{"@type":"WebSite","@id":"https:\/\/wamabi.be\/site\/#website","url":"https:\/\/wamabi.be\/site\/","name":"Wamabi","description":"Wamabi - Biblioth\u00e8ques de Waimes et de Malmedy","publisher":{"@id":"https:\/\/wamabi.be\/site\/#organization"},"potentialAction":[{"@type":"SearchAction","target":{"@type":"EntryPoint","urlTemplate":"https:\/\/wamabi.be\/site\/?s={search_term_string}"},"query-input":{"@type":"PropertyValueSpecification","valueRequired":true,"valueName":"search_term_string"}}],"inLanguage":"fr-FR"},{"@type":"Organization","@id":"https:\/\/wamabi.be\/site\/#organization","name":"Wamabi","url":"https:\/\/wamabi.be\/site\/","logo":{"@type":"ImageObject","inLanguage":"fr-FR","@id":"https:\/\/wamabi.be\/site\/#\/schema\/logo\/image\/","url":"https:\/\/wamabi.be\/site\/wp-content\/cropped-cropped-Dragon-noir-et-blanc-transparent-carre-1.png","contentUrl":"https:\/\/wamabi.be\/site\/wp-content\/cropped-cropped-Dragon-noir-et-blanc-transparent-carre-1.png","width":2321,"height":2321,"caption":"Wamabi"},"image":{"@id":"https:\/\/wamabi.be\/site\/#\/schema\/logo\/image\/"}},{"@type":"Person","@id":"https:\/\/wamabi.be\/site\/#\/schema\/person\/d215542c812823ee78920d76e619749c","name":"Fred","image":{"@type":"ImageObject","inLanguage":"fr-FR","@id":"https:\/\/secure.gravatar.com\/avatar\/fc672c5d32dec8b323e48becfe5a966d7d87b500bc73ae1712919ac83cddfea3?s=96&d=mm&r=g","url":"https:\/\/secure.gravatar.com\/avatar\/fc672c5d32dec8b323e48becfe5a966d7d87b500bc73ae1712919ac83cddfea3?s=96&d=mm&r=g","contentUrl":"https:\/\/secure.gravatar.com\/avatar\/fc672c5d32dec8b323e48becfe5a966d7d87b500bc73ae1712919ac83cddfea3?s=96&d=mm&r=g","caption":"Fred"},"sameAs":["http:\/\/www.wamabi.be\/"],"url":"https:\/\/wamabi.be\/site\/author\/fred\/"}]}},"_links":{"self":[{"href":"https:\/\/wamabi.be\/site\/wp-json\/wp\/v2\/posts\/15448","targetHints":{"allow":["GET"]}}],"collection":[{"href":"https:\/\/wamabi.be\/site\/wp-json\/wp\/v2\/posts"}],"about":[{"href":"https:\/\/wamabi.be\/site\/wp-json\/wp\/v2\/types\/post"}],"author":[{"embeddable":true,"href":"https:\/\/wamabi.be\/site\/wp-json\/wp\/v2\/users\/14"}],"replies":[{"embeddable":true,"href":"https:\/\/wamabi.be\/site\/wp-json\/wp\/v2\/comments?post=15448"}],"version-history":[{"count":2,"href":"https:\/\/wamabi.be\/site\/wp-json\/wp\/v2\/posts\/15448\/revisions"}],"predecessor-version":[{"id":15452,"href":"https:\/\/wamabi.be\/site\/wp-json\/wp\/v2\/posts\/15448\/revisions\/15452"}],"wp:attachment":[{"href":"https:\/\/wamabi.be\/site\/wp-json\/wp\/v2\/media?parent=15448"}],"wp:term":[{"taxonomy":"category","embeddable":true,"href":"https:\/\/wamabi.be\/site\/wp-json\/wp\/v2\/categories?post=15448"},{"taxonomy":"post_tag","embeddable":true,"href":"https:\/\/wamabi.be\/site\/wp-json\/wp\/v2\/tags?post=15448"}],"curies":[{"name":"wp","href":"https:\/\/api.w.org\/{rel}","templated":true}]}}