{"id":14898,"date":"2025-11-18T15:54:00","date_gmt":"2025-11-18T14:54:00","guid":{"rendered":"https:\/\/wamabi.be\/site\/?p=14898"},"modified":"2025-11-18T15:54:00","modified_gmt":"2025-11-18T14:54:00","slug":"spectacle-allo-la-mer-par-luc-baiwir-et-patrick-donnay","status":"publish","type":"post","link":"https:\/\/wamabi.be\/site\/spectacle-allo-la-mer-par-luc-baiwir-et-patrick-donnay\/","title":{"rendered":"SPECTACLE &#8211; \u00ab All\u00f4 la mer \u00bb par Luc Baiwir et Patrick Donnay"},"content":{"rendered":"<p><strong>Rejoignez la salle Oberbayern \u00e0 Waimes le mardi 27 janvier 2026 \u00e0 20h pour assister au spectacle musical \u00ab\u00a0All\u00f4 la mer\u00a0\u00bb de <a href=\"https:\/\/fr.wikipedia.org\/wiki\/Luc_Baiwir\" target=\"_blank\" rel=\"noopener\">Luc Baiwir<\/a> et Patrick Donnay. Un spectacle visuel et sonore, po\u00e9tique et sensible organis\u00e9 dans le cadre de la 25e \u00e9dition du festival Paroles d&rsquo;Humains (d\u00e9couvrez toute la programmation <a href=\"https:\/\/parolesdhumains.be\/la-programmation\/\" target=\"_blank\" rel=\"noopener\">ICI<\/a>).<\/strong><\/p>\n<p><a href=\"https:\/\/wamabi.be\/site\/wp-content\/08.1-Allo-la-mer.jpeg\"><img loading=\"lazy\" decoding=\"async\" class=\"alignnone wp-image-14901\" src=\"https:\/\/wamabi.be\/site\/wp-content\/08.1-Allo-la-mer-1024x768.jpeg\" alt=\"\" width=\"452\" height=\"339\" srcset=\"https:\/\/wamabi.be\/site\/wp-content\/08.1-Allo-la-mer-1024x768.jpeg 1024w, https:\/\/wamabi.be\/site\/wp-content\/08.1-Allo-la-mer-300x225.jpeg 300w, https:\/\/wamabi.be\/site\/wp-content\/08.1-Allo-la-mer-768x576.jpeg 768w, https:\/\/wamabi.be\/site\/wp-content\/08.1-Allo-la-mer-1536x1152.jpeg 1536w, https:\/\/wamabi.be\/site\/wp-content\/08.1-Allo-la-mer.jpeg 1920w\" sizes=\"auto, (max-width: 452px) 100vw, 452px\" \/><\/a><\/p>\n<p>Vous vous installez face \u00e0 la mer. Le roulis des vagues vous envo\u00fbte. Que de merveilleux souvenirs ! Le sable, ses jeux, les plages, les bateaux\u2026<br \/>\nLa mer porte aussi d\u2019autres r\u00e9cits. Ceux des naufrages, des \u00e9paves oubli\u00e9es, des phares veillant dans la brume, des l\u00e9gendes anciennes, des chants et de la po\u00e9sie.<br \/>\nEt parfois, la mer pleure. Elle pleure les exil\u00e9s, la surp\u00eache, les plastiques qui l\u2019\u00e9tranglent.<br \/>\nSur grand \u00e9cran, de magnifiques images dialoguent avec la musique originale de Luc Baiwir pour accompagner les textes port\u00e9s par la voix de Patrick Donnay.<br \/>\nPr\u00e9sent\u00e9 pour la premi\u00e8re fois en Belgique, All\u00f4 la mer est leur septi\u00e8me collaboration artistique.<\/p>\n<p><em><strong>Infos et r\u00e9servations : 087\/78 62 09 ou\u00a0<a href=\"mailto:reservation@parolesdhumains.be\">reservation@parolesdhumains.be<\/a>\u00a0| Retrouvez toute la programmation sur\u00a0<\/strong><\/em><a class=\"broken_link\" href=\"https:\/\/parolesdhumains.be\/\" target=\"_blank\" rel=\"noopener\"><em><strong>www.parolesdhumains.be<\/strong><\/em><\/a><\/p>\n","protected":false},"excerpt":{"rendered":"<p>Rejoignez la salle Oberbayern \u00e0 Waimes le mardi 27 janvier 2026 \u00e0 20h pour assister au spectacle musical \u00ab\u00a0All\u00f4 la mer\u00a0\u00bb de Luc Baiwir et Patrick Donnay. Un spectacle visuel et sonore, po\u00e9tique et sensible organis\u00e9 dans le cadre de la 25e \u00e9dition du festival Paroles d&rsquo;Humains (d\u00e9couvrez toute la programmation ICI). Vous vous installez [&hellip;]<\/p>\n","protected":false},"author":14,"featured_media":0,"comment_status":"open","ping_status":"open","sticky":false,"template":"","format":"standard","meta":{"_seopress_robots_primary_cat":"none","_seopress_titles_title":"","_seopress_titles_desc":"","_seopress_robots_index":"","footnotes":""},"categories":[1],"tags":[],"class_list":{"0":"post-14898","1":"post","2":"type-post","3":"status-publish","4":"format-standard","6":"category-non-classe","7":"czr-hentry"},"yoast_head":"<!-- This site is optimized with the Yoast SEO plugin v27.5 - https:\/\/yoast.com\/product\/yoast-seo-wordpress\/ -->\n<title>SPECTACLE - \u00ab All\u00f4 la mer \u00bb par Luc Baiwir et Patrick Donnay - Wamabi<\/title>\n<meta name=\"robots\" content=\"index, follow, max-snippet:-1, max-image-preview:large, max-video-preview:-1\" \/>\n<link rel=\"canonical\" href=\"https:\/\/wamabi.be\/site\/spectacle-allo-la-mer-par-luc-baiwir-et-patrick-donnay\/\" \/>\n<meta property=\"og:locale\" content=\"fr_FR\" \/>\n<meta property=\"og:type\" content=\"article\" \/>\n<meta property=\"og:title\" content=\"SPECTACLE - \u00ab All\u00f4 la mer \u00bb par Luc Baiwir et Patrick Donnay - Wamabi\" \/>\n<meta property=\"og:description\" content=\"Rejoignez la salle Oberbayern \u00e0 Waimes le mardi 27 janvier 2026 \u00e0 20h pour assister au spectacle musical \u00ab\u00a0All\u00f4 la mer\u00a0\u00bb de Luc Baiwir et Patrick Donnay. Un spectacle visuel et sonore, po\u00e9tique et sensible organis\u00e9 dans le cadre de la 25e \u00e9dition du festival Paroles d&rsquo;Humains (d\u00e9couvrez toute la programmation ICI). Vous vous installez [&hellip;]\" \/>\n<meta property=\"og:url\" content=\"https:\/\/wamabi.be\/site\/spectacle-allo-la-mer-par-luc-baiwir-et-patrick-donnay\/\" \/>\n<meta property=\"og:site_name\" content=\"Wamabi\" \/>\n<meta property=\"article:published_time\" content=\"2025-11-18T14:54:00+00:00\" \/>\n<meta property=\"og:image\" content=\"https:\/\/wamabi.be\/site\/wp-content\/08.1-Allo-la-mer.jpeg\" \/>\n\t<meta property=\"og:image:width\" content=\"1920\" \/>\n\t<meta property=\"og:image:height\" content=\"1440\" \/>\n\t<meta property=\"og:image:type\" content=\"image\/jpeg\" \/>\n<meta name=\"author\" content=\"Fred\" \/>\n<meta name=\"twitter:card\" content=\"summary_large_image\" \/>\n<meta name=\"twitter:label1\" content=\"\u00c9crit par\" \/>\n\t<meta name=\"twitter:data1\" content=\"Fred\" \/>\n\t<meta name=\"twitter:label2\" content=\"Dur\u00e9e de lecture estim\u00e9e\" \/>\n\t<meta name=\"twitter:data2\" content=\"2 minutes\" \/>\n<script type=\"application\/ld+json\" class=\"yoast-schema-graph\">{\"@context\":\"https:\\\/\\\/schema.org\",\"@graph\":[{\"@type\":\"Article\",\"@id\":\"https:\\\/\\\/wamabi.be\\\/site\\\/spectacle-allo-la-mer-par-luc-baiwir-et-patrick-donnay\\\/#article\",\"isPartOf\":{\"@id\":\"https:\\\/\\\/wamabi.be\\\/site\\\/spectacle-allo-la-mer-par-luc-baiwir-et-patrick-donnay\\\/\"},\"author\":{\"name\":\"Fred\",\"@id\":\"https:\\\/\\\/wamabi.be\\\/site\\\/#\\\/schema\\\/person\\\/d215542c812823ee78920d76e619749c\"},\"headline\":\"SPECTACLE &#8211; \u00ab All\u00f4 la mer \u00bb par Luc Baiwir et Patrick Donnay\",\"datePublished\":\"2025-11-18T14:54:00+00:00\",\"mainEntityOfPage\":{\"@id\":\"https:\\\/\\\/wamabi.be\\\/site\\\/spectacle-allo-la-mer-par-luc-baiwir-et-patrick-donnay\\\/\"},\"wordCount\":197,\"commentCount\":0,\"publisher\":{\"@id\":\"https:\\\/\\\/wamabi.be\\\/site\\\/#organization\"},\"image\":{\"@id\":\"https:\\\/\\\/wamabi.be\\\/site\\\/spectacle-allo-la-mer-par-luc-baiwir-et-patrick-donnay\\\/#primaryimage\"},\"thumbnailUrl\":\"https:\\\/\\\/wamabi.be\\\/site\\\/wp-content\\\/08.1-Allo-la-mer-1024x768.jpeg\",\"inLanguage\":\"fr-FR\",\"potentialAction\":[{\"@type\":\"CommentAction\",\"name\":\"Comment\",\"target\":[\"https:\\\/\\\/wamabi.be\\\/site\\\/spectacle-allo-la-mer-par-luc-baiwir-et-patrick-donnay\\\/#respond\"]}]},{\"@type\":\"WebPage\",\"@id\":\"https:\\\/\\\/wamabi.be\\\/site\\\/spectacle-allo-la-mer-par-luc-baiwir-et-patrick-donnay\\\/\",\"url\":\"https:\\\/\\\/wamabi.be\\\/site\\\/spectacle-allo-la-mer-par-luc-baiwir-et-patrick-donnay\\\/\",\"name\":\"SPECTACLE - \u00ab All\u00f4 la mer \u00bb par Luc Baiwir et Patrick Donnay - Wamabi\",\"isPartOf\":{\"@id\":\"https:\\\/\\\/wamabi.be\\\/site\\\/#website\"},\"primaryImageOfPage\":{\"@id\":\"https:\\\/\\\/wamabi.be\\\/site\\\/spectacle-allo-la-mer-par-luc-baiwir-et-patrick-donnay\\\/#primaryimage\"},\"image\":{\"@id\":\"https:\\\/\\\/wamabi.be\\\/site\\\/spectacle-allo-la-mer-par-luc-baiwir-et-patrick-donnay\\\/#primaryimage\"},\"thumbnailUrl\":\"https:\\\/\\\/wamabi.be\\\/site\\\/wp-content\\\/08.1-Allo-la-mer-1024x768.jpeg\",\"datePublished\":\"2025-11-18T14:54:00+00:00\",\"breadcrumb\":{\"@id\":\"https:\\\/\\\/wamabi.be\\\/site\\\/spectacle-allo-la-mer-par-luc-baiwir-et-patrick-donnay\\\/#breadcrumb\"},\"inLanguage\":\"fr-FR\",\"potentialAction\":[{\"@type\":\"ReadAction\",\"target\":[\"https:\\\/\\\/wamabi.be\\\/site\\\/spectacle-allo-la-mer-par-luc-baiwir-et-patrick-donnay\\\/\"]}]},{\"@type\":\"ImageObject\",\"inLanguage\":\"fr-FR\",\"@id\":\"https:\\\/\\\/wamabi.be\\\/site\\\/spectacle-allo-la-mer-par-luc-baiwir-et-patrick-donnay\\\/#primaryimage\",\"url\":\"https:\\\/\\\/wamabi.be\\\/site\\\/wp-content\\\/08.1-Allo-la-mer.jpeg\",\"contentUrl\":\"https:\\\/\\\/wamabi.be\\\/site\\\/wp-content\\\/08.1-Allo-la-mer.jpeg\",\"width\":1920,\"height\":1440},{\"@type\":\"BreadcrumbList\",\"@id\":\"https:\\\/\\\/wamabi.be\\\/site\\\/spectacle-allo-la-mer-par-luc-baiwir-et-patrick-donnay\\\/#breadcrumb\",\"itemListElement\":[{\"@type\":\"ListItem\",\"position\":1,\"name\":\"Accueil\",\"item\":\"https:\\\/\\\/wamabi.be\\\/site\\\/\"},{\"@type\":\"ListItem\",\"position\":2,\"name\":\"SPECTACLE &#8211; \u00ab All\u00f4 la mer \u00bb par Luc Baiwir et Patrick Donnay\"}]},{\"@type\":\"WebSite\",\"@id\":\"https:\\\/\\\/wamabi.be\\\/site\\\/#website\",\"url\":\"https:\\\/\\\/wamabi.be\\\/site\\\/\",\"name\":\"Wamabi\",\"description\":\"Wamabi - Biblioth\u00e8ques de Waimes et de Malmedy\",\"publisher\":{\"@id\":\"https:\\\/\\\/wamabi.be\\\/site\\\/#organization\"},\"potentialAction\":[{\"@type\":\"SearchAction\",\"target\":{\"@type\":\"EntryPoint\",\"urlTemplate\":\"https:\\\/\\\/wamabi.be\\\/site\\\/?s={search_term_string}\"},\"query-input\":{\"@type\":\"PropertyValueSpecification\",\"valueRequired\":true,\"valueName\":\"search_term_string\"}}],\"inLanguage\":\"fr-FR\"},{\"@type\":\"Organization\",\"@id\":\"https:\\\/\\\/wamabi.be\\\/site\\\/#organization\",\"name\":\"Wamabi\",\"url\":\"https:\\\/\\\/wamabi.be\\\/site\\\/\",\"logo\":{\"@type\":\"ImageObject\",\"inLanguage\":\"fr-FR\",\"@id\":\"https:\\\/\\\/wamabi.be\\\/site\\\/#\\\/schema\\\/logo\\\/image\\\/\",\"url\":\"https:\\\/\\\/wamabi.be\\\/site\\\/wp-content\\\/cropped-cropped-Dragon-noir-et-blanc-transparent-carre-1.png\",\"contentUrl\":\"https:\\\/\\\/wamabi.be\\\/site\\\/wp-content\\\/cropped-cropped-Dragon-noir-et-blanc-transparent-carre-1.png\",\"width\":2321,\"height\":2321,\"caption\":\"Wamabi\"},\"image\":{\"@id\":\"https:\\\/\\\/wamabi.be\\\/site\\\/#\\\/schema\\\/logo\\\/image\\\/\"}},{\"@type\":\"Person\",\"@id\":\"https:\\\/\\\/wamabi.be\\\/site\\\/#\\\/schema\\\/person\\\/d215542c812823ee78920d76e619749c\",\"name\":\"Fred\",\"image\":{\"@type\":\"ImageObject\",\"inLanguage\":\"fr-FR\",\"@id\":\"https:\\\/\\\/secure.gravatar.com\\\/avatar\\\/fc672c5d32dec8b323e48becfe5a966d7d87b500bc73ae1712919ac83cddfea3?s=96&d=mm&r=g\",\"url\":\"https:\\\/\\\/secure.gravatar.com\\\/avatar\\\/fc672c5d32dec8b323e48becfe5a966d7d87b500bc73ae1712919ac83cddfea3?s=96&d=mm&r=g\",\"contentUrl\":\"https:\\\/\\\/secure.gravatar.com\\\/avatar\\\/fc672c5d32dec8b323e48becfe5a966d7d87b500bc73ae1712919ac83cddfea3?s=96&d=mm&r=g\",\"caption\":\"Fred\"},\"sameAs\":[\"http:\\\/\\\/www.wamabi.be\\\/\"],\"url\":\"https:\\\/\\\/wamabi.be\\\/site\\\/author\\\/fred\\\/\"}]}<\/script>\n<!-- \/ Yoast SEO plugin. -->","yoast_head_json":{"title":"SPECTACLE - \u00ab All\u00f4 la mer \u00bb par Luc Baiwir et Patrick Donnay - Wamabi","robots":{"index":"index","follow":"follow","max-snippet":"max-snippet:-1","max-image-preview":"max-image-preview:large","max-video-preview":"max-video-preview:-1"},"canonical":"https:\/\/wamabi.be\/site\/spectacle-allo-la-mer-par-luc-baiwir-et-patrick-donnay\/","og_locale":"fr_FR","og_type":"article","og_title":"SPECTACLE - \u00ab All\u00f4 la mer \u00bb par Luc Baiwir et Patrick Donnay - Wamabi","og_description":"Rejoignez la salle Oberbayern \u00e0 Waimes le mardi 27 janvier 2026 \u00e0 20h pour assister au spectacle musical \u00ab\u00a0All\u00f4 la mer\u00a0\u00bb de Luc Baiwir et Patrick Donnay. Un spectacle visuel et sonore, po\u00e9tique et sensible organis\u00e9 dans le cadre de la 25e \u00e9dition du festival Paroles d&rsquo;Humains (d\u00e9couvrez toute la programmation ICI). Vous vous installez [&hellip;]","og_url":"https:\/\/wamabi.be\/site\/spectacle-allo-la-mer-par-luc-baiwir-et-patrick-donnay\/","og_site_name":"Wamabi","article_published_time":"2025-11-18T14:54:00+00:00","og_image":[{"width":1920,"height":1440,"url":"https:\/\/wamabi.be\/site\/wp-content\/08.1-Allo-la-mer.jpeg","type":"image\/jpeg"}],"author":"Fred","twitter_card":"summary_large_image","twitter_misc":{"\u00c9crit par":"Fred","Dur\u00e9e de lecture estim\u00e9e":"2 minutes"},"schema":{"@context":"https:\/\/schema.org","@graph":[{"@type":"Article","@id":"https:\/\/wamabi.be\/site\/spectacle-allo-la-mer-par-luc-baiwir-et-patrick-donnay\/#article","isPartOf":{"@id":"https:\/\/wamabi.be\/site\/spectacle-allo-la-mer-par-luc-baiwir-et-patrick-donnay\/"},"author":{"name":"Fred","@id":"https:\/\/wamabi.be\/site\/#\/schema\/person\/d215542c812823ee78920d76e619749c"},"headline":"SPECTACLE &#8211; \u00ab All\u00f4 la mer \u00bb par Luc Baiwir et Patrick Donnay","datePublished":"2025-11-18T14:54:00+00:00","mainEntityOfPage":{"@id":"https:\/\/wamabi.be\/site\/spectacle-allo-la-mer-par-luc-baiwir-et-patrick-donnay\/"},"wordCount":197,"commentCount":0,"publisher":{"@id":"https:\/\/wamabi.be\/site\/#organization"},"image":{"@id":"https:\/\/wamabi.be\/site\/spectacle-allo-la-mer-par-luc-baiwir-et-patrick-donnay\/#primaryimage"},"thumbnailUrl":"https:\/\/wamabi.be\/site\/wp-content\/08.1-Allo-la-mer-1024x768.jpeg","inLanguage":"fr-FR","potentialAction":[{"@type":"CommentAction","name":"Comment","target":["https:\/\/wamabi.be\/site\/spectacle-allo-la-mer-par-luc-baiwir-et-patrick-donnay\/#respond"]}]},{"@type":"WebPage","@id":"https:\/\/wamabi.be\/site\/spectacle-allo-la-mer-par-luc-baiwir-et-patrick-donnay\/","url":"https:\/\/wamabi.be\/site\/spectacle-allo-la-mer-par-luc-baiwir-et-patrick-donnay\/","name":"SPECTACLE - \u00ab All\u00f4 la mer \u00bb par Luc Baiwir et Patrick Donnay - Wamabi","isPartOf":{"@id":"https:\/\/wamabi.be\/site\/#website"},"primaryImageOfPage":{"@id":"https:\/\/wamabi.be\/site\/spectacle-allo-la-mer-par-luc-baiwir-et-patrick-donnay\/#primaryimage"},"image":{"@id":"https:\/\/wamabi.be\/site\/spectacle-allo-la-mer-par-luc-baiwir-et-patrick-donnay\/#primaryimage"},"thumbnailUrl":"https:\/\/wamabi.be\/site\/wp-content\/08.1-Allo-la-mer-1024x768.jpeg","datePublished":"2025-11-18T14:54:00+00:00","breadcrumb":{"@id":"https:\/\/wamabi.be\/site\/spectacle-allo-la-mer-par-luc-baiwir-et-patrick-donnay\/#breadcrumb"},"inLanguage":"fr-FR","potentialAction":[{"@type":"ReadAction","target":["https:\/\/wamabi.be\/site\/spectacle-allo-la-mer-par-luc-baiwir-et-patrick-donnay\/"]}]},{"@type":"ImageObject","inLanguage":"fr-FR","@id":"https:\/\/wamabi.be\/site\/spectacle-allo-la-mer-par-luc-baiwir-et-patrick-donnay\/#primaryimage","url":"https:\/\/wamabi.be\/site\/wp-content\/08.1-Allo-la-mer.jpeg","contentUrl":"https:\/\/wamabi.be\/site\/wp-content\/08.1-Allo-la-mer.jpeg","width":1920,"height":1440},{"@type":"BreadcrumbList","@id":"https:\/\/wamabi.be\/site\/spectacle-allo-la-mer-par-luc-baiwir-et-patrick-donnay\/#breadcrumb","itemListElement":[{"@type":"ListItem","position":1,"name":"Accueil","item":"https:\/\/wamabi.be\/site\/"},{"@type":"ListItem","position":2,"name":"SPECTACLE &#8211; \u00ab All\u00f4 la mer \u00bb par Luc Baiwir et Patrick Donnay"}]},{"@type":"WebSite","@id":"https:\/\/wamabi.be\/site\/#website","url":"https:\/\/wamabi.be\/site\/","name":"Wamabi","description":"Wamabi - Biblioth\u00e8ques de Waimes et de Malmedy","publisher":{"@id":"https:\/\/wamabi.be\/site\/#organization"},"potentialAction":[{"@type":"SearchAction","target":{"@type":"EntryPoint","urlTemplate":"https:\/\/wamabi.be\/site\/?s={search_term_string}"},"query-input":{"@type":"PropertyValueSpecification","valueRequired":true,"valueName":"search_term_string"}}],"inLanguage":"fr-FR"},{"@type":"Organization","@id":"https:\/\/wamabi.be\/site\/#organization","name":"Wamabi","url":"https:\/\/wamabi.be\/site\/","logo":{"@type":"ImageObject","inLanguage":"fr-FR","@id":"https:\/\/wamabi.be\/site\/#\/schema\/logo\/image\/","url":"https:\/\/wamabi.be\/site\/wp-content\/cropped-cropped-Dragon-noir-et-blanc-transparent-carre-1.png","contentUrl":"https:\/\/wamabi.be\/site\/wp-content\/cropped-cropped-Dragon-noir-et-blanc-transparent-carre-1.png","width":2321,"height":2321,"caption":"Wamabi"},"image":{"@id":"https:\/\/wamabi.be\/site\/#\/schema\/logo\/image\/"}},{"@type":"Person","@id":"https:\/\/wamabi.be\/site\/#\/schema\/person\/d215542c812823ee78920d76e619749c","name":"Fred","image":{"@type":"ImageObject","inLanguage":"fr-FR","@id":"https:\/\/secure.gravatar.com\/avatar\/fc672c5d32dec8b323e48becfe5a966d7d87b500bc73ae1712919ac83cddfea3?s=96&d=mm&r=g","url":"https:\/\/secure.gravatar.com\/avatar\/fc672c5d32dec8b323e48becfe5a966d7d87b500bc73ae1712919ac83cddfea3?s=96&d=mm&r=g","contentUrl":"https:\/\/secure.gravatar.com\/avatar\/fc672c5d32dec8b323e48becfe5a966d7d87b500bc73ae1712919ac83cddfea3?s=96&d=mm&r=g","caption":"Fred"},"sameAs":["http:\/\/www.wamabi.be\/"],"url":"https:\/\/wamabi.be\/site\/author\/fred\/"}]}},"_links":{"self":[{"href":"https:\/\/wamabi.be\/site\/wp-json\/wp\/v2\/posts\/14898","targetHints":{"allow":["GET"]}}],"collection":[{"href":"https:\/\/wamabi.be\/site\/wp-json\/wp\/v2\/posts"}],"about":[{"href":"https:\/\/wamabi.be\/site\/wp-json\/wp\/v2\/types\/post"}],"author":[{"embeddable":true,"href":"https:\/\/wamabi.be\/site\/wp-json\/wp\/v2\/users\/14"}],"replies":[{"embeddable":true,"href":"https:\/\/wamabi.be\/site\/wp-json\/wp\/v2\/comments?post=14898"}],"version-history":[{"count":1,"href":"https:\/\/wamabi.be\/site\/wp-json\/wp\/v2\/posts\/14898\/revisions"}],"predecessor-version":[{"id":14902,"href":"https:\/\/wamabi.be\/site\/wp-json\/wp\/v2\/posts\/14898\/revisions\/14902"}],"wp:attachment":[{"href":"https:\/\/wamabi.be\/site\/wp-json\/wp\/v2\/media?parent=14898"}],"wp:term":[{"taxonomy":"category","embeddable":true,"href":"https:\/\/wamabi.be\/site\/wp-json\/wp\/v2\/categories?post=14898"},{"taxonomy":"post_tag","embeddable":true,"href":"https:\/\/wamabi.be\/site\/wp-json\/wp\/v2\/tags?post=14898"}],"curies":[{"name":"wp","href":"https:\/\/api.w.org\/{rel}","templated":true}]}}