{"id":13938,"date":"2024-12-03T14:25:08","date_gmt":"2024-12-03T13:25:08","guid":{"rendered":"https:\/\/wamabi.be\/site\/?p=13938"},"modified":"2025-09-10T12:37:27","modified_gmt":"2025-09-10T11:37:27","slug":"ateliers-le-calendrier-consommaverti-2025","status":"publish","type":"post","link":"https:\/\/wamabi.be\/site\/ateliers-le-calendrier-consommaverti-2025\/","title":{"rendered":"ATELIERS \u2013 Le calendrier \u00ab Consommaverti \u00bb [2025]"},"content":{"rendered":"<p><strong>\u00ab Consommaverti \u00bb propose des animations p\u00e9dagogiques qui ont pour objectifs d\u2019informer, d\u2019avertir les participants et leur permettre de poser des choix responsables dans leur consommation et la gestion du budget. <\/strong><strong>Une initiative du <a class=\"broken_link\" href=\"https:\/\/www.malmedy.be\/\" target=\"_blank\" rel=\"noopener noreferrer\">CPAS de Malmedy<\/a><\/strong> <strong>avec le soutien de la R\u00e9gion Wallonne.<\/strong><\/p>\n<p>Les animations se d\u00e9roulent le mercredi de 9 \u00e0 12h \u00e0 la biblioth\u00e8que de Malmedy. Voici le programme :<\/p>\n<ul>\n<li><strong>19\/02 : Les bons plans \u00ab culture \u00bb (avec la biblioth\u00e8que et la cellule Article 27)<\/strong><\/li>\n<\/ul>\n<p>D\u00e9couvrons les propositions culturelles int\u00e9ressantes et \u00e0 bas prix dans notre r\u00e9gion.<\/p>\n<p>Biblioth\u00e8que, cin\u00e9ma, th\u00e9\u00e2tre, mus\u00e9e&#8230; Ces institutions culturelles sont bien connues, mais certaines personnes h\u00e9sitent \u00e0 les fr\u00e9quenter, par manque d&rsquo;information ou par crainte des prix affich\u00e9s. Pourtant, il existe une vari\u00e9t\u00e9 de divertissements, de m\u00e9dias et de services utiles, accessibles gratuitement ou \u00e0 bas co\u00fbt. Durant cette animation, la biblioth\u00e8que et la cellule article 27 nous pr\u00e9senterons ces propositions culturelles (notamment le soutien de l&rsquo;\u00e9crivain public, le pr\u00eat de m\u00e9dias, ainsi que l&rsquo;acc\u00e8s gratuit aux abonnements num\u00e9riques, \u2026), ainsi que les avantages offerts par la billetterie article 27.<\/p>\n<ul>\n<li><strong>19\/03 : Les soutiens de la r\u00e9gion Wallonne en mati\u00e8re de logement et d&rsquo;\u00e9nergie (avec l&rsquo;Espace Wallonie de Malmedy)<br \/>\n<\/strong><\/li>\n<\/ul>\n<p>Savez-vous que la R\u00e9gion Wallonne peut vous aider dans votre acc\u00e8s \u00e0 un logement par le biais d\u2019octroi d\u2019un pr\u00eat, d\u2019une caution, de primes pour r\u00e9aliser des \u00e9conomies d\u2019\u00e9nergie, \u2026 Venez d\u00e9couvrir une partie des comp\u00e9tences de la r\u00e9gion wallonne et ses services aux\u00a0 citoyens.<\/p>\n<ul>\n<li><strong>16\/04 : L&rsquo;utilisation rationnelle de l&rsquo;eau (avec l&rsquo;asbl Revers de Verviers)<\/strong><\/li>\n<\/ul>\n<p>Savez-vous qu\u2019un robinet qui goutte, c\u2019est 208\u20ac \u00e0 payer en plus par an ? Venez \u00e9changer vos trucs et astuces pour consommer l\u2019eau de mani\u00e8re raisonnable et surtout pour rester ma\u00eetre de vos factures. En fin d\u2019animation, vous recevrez un cadeau vous permettant de faire des \u00e9conomies d&rsquo;eau.<\/p>\n<ul>\n<li><strong>21\/05 : Une petite dette peut devenir une grosse dette (avec le Gils)<\/strong><\/li>\n<\/ul>\n<p>Cette animation retracera le parcours d\u2019une simple facture qui devient une dette (d\u00e9lais de paiement, rappel, mise en demeure, \u2026). Quel est le bon comportement \u00e0 adopter lorsque l\u2019on ne sait pas payer une facture dans les temps?<\/p>\n<ul>\n<li><strong>18\/06 : Les diff\u00e9rentes fa\u00e7ons de conserver les aliments (avec l&rsquo;asbl Li Cramignon)<\/strong><\/li>\n<\/ul>\n<p>Cette animation permettra de mesurer l\u2019impact sur la sant\u00e9 et sur le portefeuille de la consommation de fruits et l\u00e9gumes de saison, de minimiser les pertes et pouvoir les savourer tout l\u2019hiver. D\u00e9couvrons quelles sont les m\u00e9thodes de conservation pratiques et \u00e9conomiques ?<\/p>\n<ul>\n<li><strong>02\/07 : J&rsquo;adopte la banque en ligne (avec Febelfin &#8211; R\u00e9gion Wallonne)<\/strong><\/li>\n<\/ul>\n<p>Toute une s\u00e9rie de personnes n\u2019ont pas acc\u00e8s aux services bancaires en ligne. Cette animation s\u2019adresse \u00e0 elles et comporte 2 temps d\u2019animation : une partie th\u00e9orique assur\u00e9e par Febelfin et une partie pratique en pr\u00e9sence de repr\u00e9sentants des banques.<\/p>\n<ul>\n<li><strong>24\/09 : Bonnes et mauvaises graisses. Qua faut-il savoir ? (avec l&rsquo;asbl Li Cramignon)<\/strong><\/li>\n<\/ul>\n<p>Qu&rsquo;est-ce qui est le plus int\u00e9ressant pour le bon fonctionnement de notre corps ? Om\u00e9ga 6, om\u00e9ga 9, acides gras, polyinsatur\u00e9s, \u2026 A travers quelques outils, nous vous proposons de mettre de l\u2019ordre dans tout cela et d\u2019appr\u00e9cier \u00e0 nouveau les graisses v\u00e9g\u00e9tales si longtemps d\u00e9laiss\u00e9es de nos assiettes di\u00e9t\u00e9tiques ! Voyons \u00e9galement le prix de ces diff\u00e9rentes graisses et comparons !<\/p>\n<p>&nbsp;<\/p>\n<p><strong><em>Infos et inscriptions : <a href=\"mailto:barbara.grodent@cpasmalmedy.be\">barbara.grodent@cpasmalmedy.be<\/a> ou 080\/799730<\/em><\/strong><\/p>\n","protected":false},"excerpt":{"rendered":"<p>\u00ab Consommaverti \u00bb propose des animations p\u00e9dagogiques qui ont pour objectifs d\u2019informer, d\u2019avertir les participants et leur permettre de poser des choix responsables dans leur consommation et la gestion du budget. Une initiative du CPAS de Malmedy avec le soutien de la R\u00e9gion Wallonne. Les animations se d\u00e9roulent le mercredi de 9 \u00e0 12h \u00e0 [&hellip;]<\/p>\n","protected":false},"author":14,"featured_media":0,"comment_status":"open","ping_status":"open","sticky":false,"template":"","format":"standard","meta":{"_seopress_robots_primary_cat":"none","_seopress_titles_title":"","_seopress_titles_desc":"","_seopress_robots_index":"","footnotes":""},"categories":[1],"tags":[],"class_list":{"0":"post-13938","1":"post","2":"type-post","3":"status-publish","4":"format-standard","6":"category-non-classe","7":"czr-hentry"},"yoast_head":"<!-- This site is optimized with the Yoast SEO plugin v27.5 - https:\/\/yoast.com\/product\/yoast-seo-wordpress\/ -->\n<title>ATELIERS \u2013 Le calendrier \u00ab Consommaverti \u00bb [2025] - Wamabi<\/title>\n<meta name=\"robots\" content=\"index, follow, max-snippet:-1, max-image-preview:large, max-video-preview:-1\" \/>\n<link rel=\"canonical\" href=\"https:\/\/wamabi.be\/site\/ateliers-le-calendrier-consommaverti-2025\/\" \/>\n<meta property=\"og:locale\" content=\"fr_FR\" \/>\n<meta property=\"og:type\" content=\"article\" \/>\n<meta property=\"og:title\" content=\"ATELIERS \u2013 Le calendrier \u00ab Consommaverti \u00bb [2025] - Wamabi\" \/>\n<meta property=\"og:description\" content=\"\u00ab Consommaverti \u00bb propose des animations p\u00e9dagogiques qui ont pour objectifs d\u2019informer, d\u2019avertir les participants et leur permettre de poser des choix responsables dans leur consommation et la gestion du budget. Une initiative du CPAS de Malmedy avec le soutien de la R\u00e9gion Wallonne. Les animations se d\u00e9roulent le mercredi de 9 \u00e0 12h \u00e0 [&hellip;]\" \/>\n<meta property=\"og:url\" content=\"https:\/\/wamabi.be\/site\/ateliers-le-calendrier-consommaverti-2025\/\" \/>\n<meta property=\"og:site_name\" content=\"Wamabi\" \/>\n<meta property=\"article:published_time\" content=\"2024-12-03T13:25:08+00:00\" \/>\n<meta property=\"article:modified_time\" content=\"2025-09-10T11:37:27+00:00\" \/>\n<meta name=\"author\" content=\"Fred\" \/>\n<meta name=\"twitter:card\" content=\"summary_large_image\" \/>\n<meta name=\"twitter:label1\" content=\"\u00c9crit par\" \/>\n\t<meta name=\"twitter:data1\" content=\"Fred\" \/>\n\t<meta name=\"twitter:label2\" content=\"Dur\u00e9e de lecture estim\u00e9e\" \/>\n\t<meta name=\"twitter:data2\" content=\"3 minutes\" \/>\n<script type=\"application\/ld+json\" class=\"yoast-schema-graph\">{\"@context\":\"https:\\\/\\\/schema.org\",\"@graph\":[{\"@type\":\"Article\",\"@id\":\"https:\\\/\\\/wamabi.be\\\/site\\\/ateliers-le-calendrier-consommaverti-2025\\\/#article\",\"isPartOf\":{\"@id\":\"https:\\\/\\\/wamabi.be\\\/site\\\/ateliers-le-calendrier-consommaverti-2025\\\/\"},\"author\":{\"name\":\"Fred\",\"@id\":\"https:\\\/\\\/wamabi.be\\\/site\\\/#\\\/schema\\\/person\\\/d215542c812823ee78920d76e619749c\"},\"headline\":\"ATELIERS \u2013 Le calendrier \u00ab Consommaverti \u00bb [2025]\",\"datePublished\":\"2024-12-03T13:25:08+00:00\",\"dateModified\":\"2025-09-10T11:37:27+00:00\",\"mainEntityOfPage\":{\"@id\":\"https:\\\/\\\/wamabi.be\\\/site\\\/ateliers-le-calendrier-consommaverti-2025\\\/\"},\"wordCount\":594,\"commentCount\":0,\"publisher\":{\"@id\":\"https:\\\/\\\/wamabi.be\\\/site\\\/#organization\"},\"inLanguage\":\"fr-FR\",\"potentialAction\":[{\"@type\":\"CommentAction\",\"name\":\"Comment\",\"target\":[\"https:\\\/\\\/wamabi.be\\\/site\\\/ateliers-le-calendrier-consommaverti-2025\\\/#respond\"]}]},{\"@type\":\"WebPage\",\"@id\":\"https:\\\/\\\/wamabi.be\\\/site\\\/ateliers-le-calendrier-consommaverti-2025\\\/\",\"url\":\"https:\\\/\\\/wamabi.be\\\/site\\\/ateliers-le-calendrier-consommaverti-2025\\\/\",\"name\":\"ATELIERS \u2013 Le calendrier \u00ab Consommaverti \u00bb [2025] - Wamabi\",\"isPartOf\":{\"@id\":\"https:\\\/\\\/wamabi.be\\\/site\\\/#website\"},\"datePublished\":\"2024-12-03T13:25:08+00:00\",\"dateModified\":\"2025-09-10T11:37:27+00:00\",\"breadcrumb\":{\"@id\":\"https:\\\/\\\/wamabi.be\\\/site\\\/ateliers-le-calendrier-consommaverti-2025\\\/#breadcrumb\"},\"inLanguage\":\"fr-FR\",\"potentialAction\":[{\"@type\":\"ReadAction\",\"target\":[\"https:\\\/\\\/wamabi.be\\\/site\\\/ateliers-le-calendrier-consommaverti-2025\\\/\"]}]},{\"@type\":\"BreadcrumbList\",\"@id\":\"https:\\\/\\\/wamabi.be\\\/site\\\/ateliers-le-calendrier-consommaverti-2025\\\/#breadcrumb\",\"itemListElement\":[{\"@type\":\"ListItem\",\"position\":1,\"name\":\"Accueil\",\"item\":\"https:\\\/\\\/wamabi.be\\\/site\\\/\"},{\"@type\":\"ListItem\",\"position\":2,\"name\":\"ATELIERS \u2013 Le calendrier \u00ab Consommaverti \u00bb [2025]\"}]},{\"@type\":\"WebSite\",\"@id\":\"https:\\\/\\\/wamabi.be\\\/site\\\/#website\",\"url\":\"https:\\\/\\\/wamabi.be\\\/site\\\/\",\"name\":\"Wamabi\",\"description\":\"Wamabi - Biblioth\u00e8ques de Waimes et de Malmedy\",\"publisher\":{\"@id\":\"https:\\\/\\\/wamabi.be\\\/site\\\/#organization\"},\"potentialAction\":[{\"@type\":\"SearchAction\",\"target\":{\"@type\":\"EntryPoint\",\"urlTemplate\":\"https:\\\/\\\/wamabi.be\\\/site\\\/?s={search_term_string}\"},\"query-input\":{\"@type\":\"PropertyValueSpecification\",\"valueRequired\":true,\"valueName\":\"search_term_string\"}}],\"inLanguage\":\"fr-FR\"},{\"@type\":\"Organization\",\"@id\":\"https:\\\/\\\/wamabi.be\\\/site\\\/#organization\",\"name\":\"Wamabi\",\"url\":\"https:\\\/\\\/wamabi.be\\\/site\\\/\",\"logo\":{\"@type\":\"ImageObject\",\"inLanguage\":\"fr-FR\",\"@id\":\"https:\\\/\\\/wamabi.be\\\/site\\\/#\\\/schema\\\/logo\\\/image\\\/\",\"url\":\"https:\\\/\\\/wamabi.be\\\/site\\\/wp-content\\\/cropped-cropped-Dragon-noir-et-blanc-transparent-carre-1.png\",\"contentUrl\":\"https:\\\/\\\/wamabi.be\\\/site\\\/wp-content\\\/cropped-cropped-Dragon-noir-et-blanc-transparent-carre-1.png\",\"width\":2321,\"height\":2321,\"caption\":\"Wamabi\"},\"image\":{\"@id\":\"https:\\\/\\\/wamabi.be\\\/site\\\/#\\\/schema\\\/logo\\\/image\\\/\"}},{\"@type\":\"Person\",\"@id\":\"https:\\\/\\\/wamabi.be\\\/site\\\/#\\\/schema\\\/person\\\/d215542c812823ee78920d76e619749c\",\"name\":\"Fred\",\"image\":{\"@type\":\"ImageObject\",\"inLanguage\":\"fr-FR\",\"@id\":\"https:\\\/\\\/secure.gravatar.com\\\/avatar\\\/fc672c5d32dec8b323e48becfe5a966d7d87b500bc73ae1712919ac83cddfea3?s=96&d=mm&r=g\",\"url\":\"https:\\\/\\\/secure.gravatar.com\\\/avatar\\\/fc672c5d32dec8b323e48becfe5a966d7d87b500bc73ae1712919ac83cddfea3?s=96&d=mm&r=g\",\"contentUrl\":\"https:\\\/\\\/secure.gravatar.com\\\/avatar\\\/fc672c5d32dec8b323e48becfe5a966d7d87b500bc73ae1712919ac83cddfea3?s=96&d=mm&r=g\",\"caption\":\"Fred\"},\"sameAs\":[\"http:\\\/\\\/www.wamabi.be\\\/\"],\"url\":\"https:\\\/\\\/wamabi.be\\\/site\\\/author\\\/fred\\\/\"}]}<\/script>\n<!-- \/ Yoast SEO plugin. -->","yoast_head_json":{"title":"ATELIERS \u2013 Le calendrier \u00ab Consommaverti \u00bb [2025] - Wamabi","robots":{"index":"index","follow":"follow","max-snippet":"max-snippet:-1","max-image-preview":"max-image-preview:large","max-video-preview":"max-video-preview:-1"},"canonical":"https:\/\/wamabi.be\/site\/ateliers-le-calendrier-consommaverti-2025\/","og_locale":"fr_FR","og_type":"article","og_title":"ATELIERS \u2013 Le calendrier \u00ab Consommaverti \u00bb [2025] - Wamabi","og_description":"\u00ab Consommaverti \u00bb propose des animations p\u00e9dagogiques qui ont pour objectifs d\u2019informer, d\u2019avertir les participants et leur permettre de poser des choix responsables dans leur consommation et la gestion du budget. Une initiative du CPAS de Malmedy avec le soutien de la R\u00e9gion Wallonne. Les animations se d\u00e9roulent le mercredi de 9 \u00e0 12h \u00e0 [&hellip;]","og_url":"https:\/\/wamabi.be\/site\/ateliers-le-calendrier-consommaverti-2025\/","og_site_name":"Wamabi","article_published_time":"2024-12-03T13:25:08+00:00","article_modified_time":"2025-09-10T11:37:27+00:00","author":"Fred","twitter_card":"summary_large_image","twitter_misc":{"\u00c9crit par":"Fred","Dur\u00e9e de lecture estim\u00e9e":"3 minutes"},"schema":{"@context":"https:\/\/schema.org","@graph":[{"@type":"Article","@id":"https:\/\/wamabi.be\/site\/ateliers-le-calendrier-consommaverti-2025\/#article","isPartOf":{"@id":"https:\/\/wamabi.be\/site\/ateliers-le-calendrier-consommaverti-2025\/"},"author":{"name":"Fred","@id":"https:\/\/wamabi.be\/site\/#\/schema\/person\/d215542c812823ee78920d76e619749c"},"headline":"ATELIERS \u2013 Le calendrier \u00ab Consommaverti \u00bb [2025]","datePublished":"2024-12-03T13:25:08+00:00","dateModified":"2025-09-10T11:37:27+00:00","mainEntityOfPage":{"@id":"https:\/\/wamabi.be\/site\/ateliers-le-calendrier-consommaverti-2025\/"},"wordCount":594,"commentCount":0,"publisher":{"@id":"https:\/\/wamabi.be\/site\/#organization"},"inLanguage":"fr-FR","potentialAction":[{"@type":"CommentAction","name":"Comment","target":["https:\/\/wamabi.be\/site\/ateliers-le-calendrier-consommaverti-2025\/#respond"]}]},{"@type":"WebPage","@id":"https:\/\/wamabi.be\/site\/ateliers-le-calendrier-consommaverti-2025\/","url":"https:\/\/wamabi.be\/site\/ateliers-le-calendrier-consommaverti-2025\/","name":"ATELIERS \u2013 Le calendrier \u00ab Consommaverti \u00bb [2025] - Wamabi","isPartOf":{"@id":"https:\/\/wamabi.be\/site\/#website"},"datePublished":"2024-12-03T13:25:08+00:00","dateModified":"2025-09-10T11:37:27+00:00","breadcrumb":{"@id":"https:\/\/wamabi.be\/site\/ateliers-le-calendrier-consommaverti-2025\/#breadcrumb"},"inLanguage":"fr-FR","potentialAction":[{"@type":"ReadAction","target":["https:\/\/wamabi.be\/site\/ateliers-le-calendrier-consommaverti-2025\/"]}]},{"@type":"BreadcrumbList","@id":"https:\/\/wamabi.be\/site\/ateliers-le-calendrier-consommaverti-2025\/#breadcrumb","itemListElement":[{"@type":"ListItem","position":1,"name":"Accueil","item":"https:\/\/wamabi.be\/site\/"},{"@type":"ListItem","position":2,"name":"ATELIERS \u2013 Le calendrier \u00ab Consommaverti \u00bb [2025]"}]},{"@type":"WebSite","@id":"https:\/\/wamabi.be\/site\/#website","url":"https:\/\/wamabi.be\/site\/","name":"Wamabi","description":"Wamabi - Biblioth\u00e8ques de Waimes et de Malmedy","publisher":{"@id":"https:\/\/wamabi.be\/site\/#organization"},"potentialAction":[{"@type":"SearchAction","target":{"@type":"EntryPoint","urlTemplate":"https:\/\/wamabi.be\/site\/?s={search_term_string}"},"query-input":{"@type":"PropertyValueSpecification","valueRequired":true,"valueName":"search_term_string"}}],"inLanguage":"fr-FR"},{"@type":"Organization","@id":"https:\/\/wamabi.be\/site\/#organization","name":"Wamabi","url":"https:\/\/wamabi.be\/site\/","logo":{"@type":"ImageObject","inLanguage":"fr-FR","@id":"https:\/\/wamabi.be\/site\/#\/schema\/logo\/image\/","url":"https:\/\/wamabi.be\/site\/wp-content\/cropped-cropped-Dragon-noir-et-blanc-transparent-carre-1.png","contentUrl":"https:\/\/wamabi.be\/site\/wp-content\/cropped-cropped-Dragon-noir-et-blanc-transparent-carre-1.png","width":2321,"height":2321,"caption":"Wamabi"},"image":{"@id":"https:\/\/wamabi.be\/site\/#\/schema\/logo\/image\/"}},{"@type":"Person","@id":"https:\/\/wamabi.be\/site\/#\/schema\/person\/d215542c812823ee78920d76e619749c","name":"Fred","image":{"@type":"ImageObject","inLanguage":"fr-FR","@id":"https:\/\/secure.gravatar.com\/avatar\/fc672c5d32dec8b323e48becfe5a966d7d87b500bc73ae1712919ac83cddfea3?s=96&d=mm&r=g","url":"https:\/\/secure.gravatar.com\/avatar\/fc672c5d32dec8b323e48becfe5a966d7d87b500bc73ae1712919ac83cddfea3?s=96&d=mm&r=g","contentUrl":"https:\/\/secure.gravatar.com\/avatar\/fc672c5d32dec8b323e48becfe5a966d7d87b500bc73ae1712919ac83cddfea3?s=96&d=mm&r=g","caption":"Fred"},"sameAs":["http:\/\/www.wamabi.be\/"],"url":"https:\/\/wamabi.be\/site\/author\/fred\/"}]}},"_links":{"self":[{"href":"https:\/\/wamabi.be\/site\/wp-json\/wp\/v2\/posts\/13938","targetHints":{"allow":["GET"]}}],"collection":[{"href":"https:\/\/wamabi.be\/site\/wp-json\/wp\/v2\/posts"}],"about":[{"href":"https:\/\/wamabi.be\/site\/wp-json\/wp\/v2\/types\/post"}],"author":[{"embeddable":true,"href":"https:\/\/wamabi.be\/site\/wp-json\/wp\/v2\/users\/14"}],"replies":[{"embeddable":true,"href":"https:\/\/wamabi.be\/site\/wp-json\/wp\/v2\/comments?post=13938"}],"version-history":[{"count":2,"href":"https:\/\/wamabi.be\/site\/wp-json\/wp\/v2\/posts\/13938\/revisions"}],"predecessor-version":[{"id":14392,"href":"https:\/\/wamabi.be\/site\/wp-json\/wp\/v2\/posts\/13938\/revisions\/14392"}],"wp:attachment":[{"href":"https:\/\/wamabi.be\/site\/wp-json\/wp\/v2\/media?parent=13938"}],"wp:term":[{"taxonomy":"category","embeddable":true,"href":"https:\/\/wamabi.be\/site\/wp-json\/wp\/v2\/categories?post=13938"},{"taxonomy":"post_tag","embeddable":true,"href":"https:\/\/wamabi.be\/site\/wp-json\/wp\/v2\/tags?post=13938"}],"curies":[{"name":"wp","href":"https:\/\/api.w.org\/{rel}","templated":true}]}}