{"id":13888,"date":"2024-10-21T11:09:29","date_gmt":"2024-10-21T10:09:29","guid":{"rendered":"https:\/\/wamabi.be\/site\/?p=13888"},"modified":"2024-10-24T10:55:29","modified_gmt":"2024-10-24T09:55:29","slug":"reportage-la-fureur-de-lire-a-waimes-et-malmedy","status":"publish","type":"post","link":"https:\/\/wamabi.be\/site\/reportage-la-fureur-de-lire-a-waimes-et-malmedy\/","title":{"rendered":"REPORTAGE \u2013 La Fureur de Lire \u00e0 Waimes et Malmedy"},"content":{"rendered":"<div class=\"x1iyjqo2\">\n<div class=\"x78zum5 xdt5ytf xz62fqu x16ldp7u\">\n<div class=\"xu06os2 x1ok221b\">\n<div class=\"html-div xdj266r x11i5rnm xat24cr x1mh8g0r xexx8yu x4uap5 x18d9i69 xkhd6sd x1q0g3np\"><span class=\"x193iq5w xeuugli x13faqbe x1vvkbs x1xmvt09 x1lliihq x1s928wv xhkezso x1gmr53x x1cpjm7i x1fgarty x1943h6x xudqn12 x3x7a5m x6prxxf xvq8zen xo1l8bm xzsf02u\" dir=\"auto\"><strong>Du 16 au 20 octobre, se d\u00e9roulait <span class=\"html-span xdj266r x11i5rnm xat24cr x1mh8g0r xexx8yu x4uap5 x18d9i69 xkhd6sd x1hl2dhg x16tdsg8 x1vvkbs\"><a class=\"x1i10hfl xjbqb8w x1ejq31n xd10rxx x1sy0etr x17r0tee x972fbf xcfux6l x1qhh985 xm0m39n x9f619 x1ypdohk xt0psk2 xe8uvvx xdj266r x11i5rnm xat24cr x1mh8g0r xexx8yu x4uap5 x18d9i69 xkhd6sd x16tdsg8 x1hl2dhg xggy1nq x1a2a7pz x1sur9pj xkrqix3 xzsf02u x1s688f\" tabindex=\"0\" role=\"link\" href=\"https:\/\/www.facebook.com\/groups\/29296587412\/?__tn__=-UK*F\"><span class=\"xt0psk2\">La Fureur de lire<\/span><\/a><\/span> \u00e0 travers toute la <span class=\"html-span xdj266r x11i5rnm xat24cr x1mh8g0r xexx8yu x4uap5 x18d9i69 xkhd6sd x1hl2dhg x16tdsg8 x1vvkbs\"><a class=\"x1i10hfl xjbqb8w x1ejq31n xd10rxx x1sy0etr x17r0tee x972fbf xcfux6l x1qhh985 xm0m39n x9f619 x1ypdohk xt0psk2 xe8uvvx xdj266r x11i5rnm xat24cr x1mh8g0r xexx8yu x4uap5 x18d9i69 xkhd6sd x16tdsg8 x1hl2dhg xggy1nq x1a2a7pz x1sur9pj xkrqix3 xzsf02u x1s688f\" tabindex=\"0\" role=\"link\" href=\"https:\/\/www.facebook.com\/fedewalloniebruxelles?__tn__=-]K*F\"><span class=\"xt0psk2\">F\u00e9d\u00e9ration Wallonie-Bruxelles\/Officiel<\/span><\/a><\/span>. Focus en mots et en images sur cette \u00e9dition 2024, plac\u00e9e sous le th\u00e8me de la vitesse et du mouvement, dans nos biblioth\u00e8ques de Waimes et Malmedy.<\/strong><\/span><\/div>\n<figure id=\"attachment_13720\" aria-describedby=\"caption-attachment-13720\" style=\"width: 210px\" class=\"wp-caption alignnone\"><a href=\"https:\/\/wamabi.be\/site\/wp-content\/FureurDeLire2024_affiche_def_web-scaled.jpg\"><img loading=\"lazy\" decoding=\"async\" class=\"wp-image-13720 size-medium\" src=\"https:\/\/wamabi.be\/site\/wp-content\/FureurDeLire2024_affiche_def_web-210x300.jpg\" alt=\"\u00a9 Dina Melnikova.\" width=\"210\" height=\"300\" srcset=\"https:\/\/wamabi.be\/site\/wp-content\/FureurDeLire2024_affiche_def_web-210x300.jpg 210w, https:\/\/wamabi.be\/site\/wp-content\/FureurDeLire2024_affiche_def_web-717x1024.jpg 717w, https:\/\/wamabi.be\/site\/wp-content\/FureurDeLire2024_affiche_def_web-768x1097.jpg 768w, https:\/\/wamabi.be\/site\/wp-content\/FureurDeLire2024_affiche_def_web-1075x1536.jpg 1075w, https:\/\/wamabi.be\/site\/wp-content\/FureurDeLire2024_affiche_def_web-1434x2048.jpg 1434w, https:\/\/wamabi.be\/site\/wp-content\/FureurDeLire2024_affiche_def_web-scaled.jpg 1792w\" sizes=\"auto, (max-width: 210px) 100vw, 210px\" \/><\/a><figcaption id=\"caption-attachment-13720\" class=\"wp-caption-text\">\u00a9 Dina Melnikova.<\/figcaption><\/figure>\n<pre><strong>Les animations<\/strong><\/pre>\n<ul>\n<li class=\"html-div xdj266r x11i5rnm xat24cr x1mh8g0r xexx8yu x4uap5 x18d9i69 xkhd6sd x1q0g3np\"><span class=\"x193iq5w xeuugli x13faqbe x1vvkbs x1xmvt09 x1lliihq x1s928wv xhkezso x1gmr53x x1cpjm7i x1fgarty x1943h6x xudqn12 x3x7a5m x6prxxf xvq8zen xo1l8bm xzsf02u\" dir=\"auto\"><strong>17 octobre | \u00ab\u00a0De Malmedy \u00e0 Saint-Jacques de Compostelle : le fabuleux voyage de <span class=\"html-span xdj266r x11i5rnm xat24cr x1mh8g0r xexx8yu x4uap5 x18d9i69 xkhd6sd x1hl2dhg x16tdsg8 x1vvkbs\"><a class=\"x1i10hfl xjbqb8w x1ejq31n xd10rxx x1sy0etr x17r0tee x972fbf xcfux6l x1qhh985 xm0m39n x9f619 x1ypdohk xt0psk2 xe8uvvx xdj266r x11i5rnm xat24cr x1mh8g0r xexx8yu x4uap5 x18d9i69 xkhd6sd x16tdsg8 x1hl2dhg xggy1nq x1a2a7pz x1sur9pj xkrqix3 xzsf02u x1s688f\" tabindex=\"0\" role=\"link\" href=\"https:\/\/www.facebook.com\/wolfgang.hermann2?__tn__=-]K*F\"><span class=\"xt0psk2\">Wolfgang Hermann<\/span><\/a><\/span>\u00a0\u00bb [conf\u00e9rence &#8211; \u00e9changes]<\/strong><\/span><\/li>\n<\/ul>\n<\/div>\n<\/div>\n<\/div>\n<p><a href=\"https:\/\/wamabi.be\/site\/wp-content\/20241017_200647.jpg\"><img loading=\"lazy\" decoding=\"async\" class=\"alignnone size-medium wp-image-13892\" src=\"https:\/\/wamabi.be\/site\/wp-content\/20241017_200647-300x225.jpg\" alt=\"\" width=\"300\" height=\"225\" srcset=\"https:\/\/wamabi.be\/site\/wp-content\/20241017_200647-300x225.jpg 300w, https:\/\/wamabi.be\/site\/wp-content\/20241017_200647-1024x768.jpg 1024w, https:\/\/wamabi.be\/site\/wp-content\/20241017_200647-768x576.jpg 768w, https:\/\/wamabi.be\/site\/wp-content\/20241017_200647.jpg 1145w\" sizes=\"auto, (max-width: 300px) 100vw, 300px\" \/><\/a><\/p>\n<p><span class=\"x193iq5w xeuugli x13faqbe x1vvkbs x1xmvt09 x1lliihq x1s928wv xhkezso x1gmr53x x1cpjm7i x1fgarty x1943h6x xudqn12 x3x7a5m x6prxxf xvq8zen xo1l8bm xzsf02u\" dir=\"auto\">La salle du Chapitre \u00e0 Malmedy \u00e9tait comble pour accueillir Wolfgang Hermann, \u00e9galement connu sous le nom de \u00ab\u00a0Pas-de-loup\u00a0\u00bb. C&rsquo;\u00e9tait d\u00e9j\u00e0 la 19e fois qu&rsquo;il venait partager son exp\u00e9rience de voyage, entam\u00e9 en 2022, reliant Malmedy \u00e0 Saint-Jacques-de-Compostelle. \u00c0 travers de nombreuses illustrations, des anecdotes \u00e0 la fois touchantes et divertissantes, ainsi que des explications historiques, il a captiv\u00e9 l&rsquo;auditoire, qui n&rsquo;a pas vu le temps passer. L&rsquo;\u00e9v\u00e9nement s&rsquo;est prolong\u00e9 par des \u00e9changes informels au bar. Et pour la suite ? Une publication retra\u00e7ant son p\u00e9riple est en r\u00e9flexion. A suivre donc.<br class=\"html-br\" \/><\/span><\/p>\n<ul>\n<li><span class=\"x193iq5w xeuugli x13faqbe x1vvkbs x1xmvt09 x1lliihq x1s928wv xhkezso x1gmr53x x1cpjm7i x1fgarty x1943h6x xudqn12 x3x7a5m x6prxxf xvq8zen xo1l8bm xzsf02u\" dir=\"auto\"><strong>18 octobre | \u00ab\u00a0Le grand tumulte\u00a0\u00bb de <span class=\"html-span xdj266r x11i5rnm xat24cr x1mh8g0r xexx8yu x4uap5 x18d9i69 xkhd6sd x1hl2dhg x16tdsg8 x1vvkbs\"><a class=\"x1i10hfl xjbqb8w x1ejq31n xd10rxx x1sy0etr x17r0tee x972fbf xcfux6l x1qhh985 xm0m39n x9f619 x1ypdohk xt0psk2 xe8uvvx xdj266r x11i5rnm xat24cr x1mh8g0r xexx8yu x4uap5 x18d9i69 xkhd6sd x16tdsg8 x1hl2dhg xggy1nq x1a2a7pz x1sur9pj xkrqix3 xzsf02u x1s688f\" tabindex=\"0\" role=\"link\" href=\"https:\/\/www.facebook.com\/Anneautheatre?__tn__=-]K*F\"><span class=\"xt0psk2\">L&rsquo;Anneau Th\u00e9\u00e2tre<\/span><\/a><\/span> [th\u00e9\u00e2tre jeune public]<\/strong><br class=\"html-br\" \/><\/span><\/li>\n<\/ul>\n<p><a href=\"https:\/\/wamabi.be\/site\/wp-content\/Tumulte-1-1-scaled.jpg\"><img loading=\"lazy\" decoding=\"async\" class=\"alignleft wp-image-13904\" src=\"https:\/\/wamabi.be\/site\/wp-content\/Tumulte-1-1-300x271.jpg\" alt=\"\" width=\"277\" height=\"250\" srcset=\"https:\/\/wamabi.be\/site\/wp-content\/Tumulte-1-1-300x271.jpg 300w, https:\/\/wamabi.be\/site\/wp-content\/Tumulte-1-1-1024x927.jpg 1024w, https:\/\/wamabi.be\/site\/wp-content\/Tumulte-1-1-768x695.jpg 768w, https:\/\/wamabi.be\/site\/wp-content\/Tumulte-1-1-1536x1390.jpg 1536w, https:\/\/wamabi.be\/site\/wp-content\/Tumulte-1-1-2048x1853.jpg 2048w\" sizes=\"auto, (max-width: 277px) 100vw, 277px\" \/><\/a><\/p>\n<p>&nbsp;<\/p>\n<p>&nbsp;<\/p>\n<p>&nbsp;<\/p>\n<p>&nbsp;<\/p>\n<p>&nbsp;<\/p>\n<p>&nbsp;<\/p>\n<blockquote><p><em>\u00a0\u00bb C\u2019est l\u2019histoire de Sa Majest\u00e9 Le Grand Tumulte 1er. Un roi qui ne parvient pas \u00e0 trouver le sommeil car il entend un toc, toc, toc\u2026 Et si le roi ne dort pas, personne ne dort ! Alors le Petit Chambranlant tend l\u2019oreille et multiplie les surveillances. Mais il a beau faire inspecter, calfeutrer le Palais et en appeler aux experts, personne ne parvient \u00e0 identifier l\u2019origine sonore de cette royale insomnie. Du Nord au Sud du pays, chacun s\u2019accuse et \u00e7a d\u00e9g\u00e9n\u00e8re\u2026 \u00ab\u00a0<\/em><\/p><\/blockquote>\n<p>\u00c0 Waimes, l&rsquo;acteur Sacha Kremer a enchant\u00e9 petits et grands en interpr\u00e9tant le livre \u00e9ponyme d&rsquo;Ariane Buhbinder. Gr\u00e2ce \u00e0 une mise en sc\u00e8ne ing\u00e9nieuse, o\u00f9 un superbe livre pop-up g\u00e9ant s&rsquo;illumine au c\u0153ur d&rsquo;un d\u00e9cor minimaliste, l&rsquo;acteur a transport\u00e9 le public \u00e0 travers un r\u00e9cit riche en p\u00e9rip\u00e9ties. Avec humour et d\u00e9licatesse, il a mis en lumi\u00e8re nos petits travers et ceux de notre soci\u00e9t\u00e9. Ce fut un moment \u00e0 la fois dr\u00f4le et \u00e9mouvant, partag\u00e9 en(tre) famille(s).<\/p>\n<ul>\n<li><span class=\"x193iq5w xeuugli x13faqbe x1vvkbs x1xmvt09 x1lliihq x1s928wv xhkezso x1gmr53x x1cpjm7i x1fgarty x1943h6x xudqn12 x3x7a5m x6prxxf xvq8zen xo1l8bm xzsf02u\" dir=\"auto\"><strong>19 octobre | \u00ab\u00a0R\u00e9cits de voyage\u00a0\u00bb [atelier d&rsquo;\u00e9criture]<\/strong><br \/>\n<\/span><\/li>\n<\/ul>\n<div dir=\"auto\"><a href=\"https:\/\/wamabi.be\/site\/wp-content\/pppauq.jpg\"><img loading=\"lazy\" decoding=\"async\" class=\"alignnone size-medium wp-image-13891\" src=\"https:\/\/wamabi.be\/site\/wp-content\/pppauq-225x300.jpg\" alt=\"\" width=\"225\" height=\"300\" srcset=\"https:\/\/wamabi.be\/site\/wp-content\/pppauq-225x300.jpg 225w, https:\/\/wamabi.be\/site\/wp-content\/pppauq.jpg 644w\" sizes=\"auto, (max-width: 225px) 100vw, 225px\" \/><\/a><\/div>\n<div dir=\"auto\">A Malmedy, le journaliste Pierre Pauquay\u00a0 a partag\u00e9 son savoir-faire et a guid\u00e9s les participants \u00e0 travers des exercices d&rsquo;\u00e9criture passionnants, notamment :<\/div>\n<div dir=\"auto\"><span class=\"html-span xexx8yu x4uap5 x18d9i69 xkhd6sd x1hl2dhg x16tdsg8 x1vvkbs x3nfvp2 x1j61x8r x1fcty0u xdj266r xat24cr xgzva0m xhhsvwb xxymvpz xlup9mm x1kky2od\"><img loading=\"lazy\" decoding=\"async\" class=\"xz74otr\" src=\"https:\/\/static.xx.fbcdn.net\/images\/emoji.php\/v9\/t38\/1\/16\/1f58c.png\" alt=\"\ufe0f\" width=\"16\" height=\"16\" \/><\/span> Le portrait chinois du voyageur<\/div>\n<div dir=\"auto\"><span class=\"html-span xexx8yu x4uap5 x18d9i69 xkhd6sd x1hl2dhg x16tdsg8 x1vvkbs x3nfvp2 x1j61x8r x1fcty0u xdj266r xat24cr xgzva0m xhhsvwb xxymvpz xlup9mm x1kky2od\"><img loading=\"lazy\" decoding=\"async\" class=\"xz74otr\" src=\"https:\/\/static.xx.fbcdn.net\/images\/emoji.php\/v9\/tf7\/1\/16\/1f48c.png\" alt=\"\" width=\"16\" height=\"16\" \/><\/span> La carte postale imaginaire<\/div>\n<div dir=\"auto\"><span class=\"html-span xexx8yu x4uap5 x18d9i69 xkhd6sd x1hl2dhg x16tdsg8 x1vvkbs x3nfvp2 x1j61x8r x1fcty0u xdj266r xat24cr xgzva0m xhhsvwb xxymvpz xlup9mm x1kky2od\"><img loading=\"lazy\" decoding=\"async\" class=\"xz74otr\" src=\"https:\/\/static.xx.fbcdn.net\/images\/emoji.php\/v9\/t1b\/1\/16\/1f3b2.png\" alt=\"\" width=\"16\" height=\"16\" \/><\/span> Le cadavre exquis collectif<\/div>\n<div dir=\"auto\">R\u00e9sultat ? Des histoires inspirantes et une bonne dose de cr\u00e9ativit\u00e9 collective.<\/div>\n<p><span class=\"x193iq5w xeuugli x13faqbe x1vvkbs x1xmvt09 x1lliihq x1s928wv xhkezso x1gmr53x x1cpjm7i x1fgarty x1943h6x xudqn12 x3x7a5m x6prxxf xvq8zen xo1l8bm xzsf02u\" dir=\"auto\">En parall\u00e8le, s&rsquo;est \u00e9galement d\u00e9roul\u00e9 le Salon du jeune bourlingueur organis\u00e9 par <span class=\"html-span xdj266r x11i5rnm xat24cr x1mh8g0r xexx8yu x4uap5 x18d9i69 xkhd6sd x1hl2dhg x16tdsg8 x1vvkbs\"><a class=\"x1i10hfl xjbqb8w x1ejq31n xd10rxx x1sy0etr x17r0tee x972fbf xcfux6l x1qhh985 xm0m39n x9f619 x1ypdohk xt0psk2 xe8uvvx xdj266r x11i5rnm xat24cr x1mh8g0r xexx8yu x4uap5 x18d9i69 xkhd6sd x16tdsg8 x1hl2dhg xggy1nq x1a2a7pz x1sur9pj xkrqix3 xzsf02u x1s688f\" tabindex=\"0\" role=\"link\" href=\"https:\/\/www.facebook.com\/inforjeunesmalmedy?__tn__=-]K*F\"><span class=\"xt0psk2\">Infor Jeunes Malmedy<\/span><\/a><\/span> le 19 octobre. Plus de 130 jeunes ont r\u00e9pondu pr\u00e9sents.<\/span><\/p>\n<pre><strong>\r\nLa Fureur comme point de d\u00e9part de l'action du planisph\u00e8re \u00e0 365 mains\r\n<\/strong><\/pre>\n<pre><strong><a href=\"https:\/\/wamabi.be\/site\/wp-content\/Flyers-1_page-0001.jpg\"><img loading=\"lazy\" decoding=\"async\" class=\"alignnone size-medium wp-image-13895\" src=\"https:\/\/wamabi.be\/site\/wp-content\/Flyers-1_page-0001-300x212.jpg\" alt=\"\" width=\"300\" height=\"212\" srcset=\"https:\/\/wamabi.be\/site\/wp-content\/Flyers-1_page-0001-300x212.jpg 300w, https:\/\/wamabi.be\/site\/wp-content\/Flyers-1_page-0001-1024x724.jpg 1024w, https:\/\/wamabi.be\/site\/wp-content\/Flyers-1_page-0001-768x543.jpg 768w, https:\/\/wamabi.be\/site\/wp-content\/Flyers-1_page-0001-1536x1085.jpg 1536w, https:\/\/wamabi.be\/site\/wp-content\/Flyers-1_page-0001.jpg 1755w\" sizes=\"auto, (max-width: 300px) 100vw, 300px\" \/><\/a>\r\n<\/strong><\/pre>\n<p>Les lecteurs sont invit\u00e9s \u00e0 nous faire voyager en r\u00e9digeant une carte postale depuis leur(s) prochaine(s) destination(s). Chaque carte vient enrichir ce planisph\u00e8re g\u00e9ant pr\u00e9sent au sein de la biblioth\u00e8que de Malmedy, cr\u00e9ant ainsi un voyage collectif \u00e0 travers le monde.<\/p>\n<pre><strong>\r\nLes plaquettes<\/strong><\/pre>\n<p><span class=\"x193iq5w xeuugli x13faqbe x1vvkbs x1xmvt09 x1lliihq x1s928wv xhkezso x1gmr53x x1cpjm7i x1fgarty x1943h6x xudqn12 x3x7a5m x6prxxf xvq8zen xo1l8bm xzsf02u\" dir=\"auto\">Plusieurs s\u00e9lections d\u2019\u0153uvres d\u2019auteurs de la F\u00e9d\u00e9ration Wallonie-Bruxelles sont toujours disponibles dans les biblioth\u00e8ques, \u00e0 savoir:<br class=\"html-br\" \/>\u2022 Delinte \u2013 Bande dessin\u00e9e : \u00ab\u00a0La Saint-Gr\u00e9goire\u00a0\u00bb, une guerre des bonbons \u00e0 Gouy-Lez-Pi\u00e9ton.<br class=\"html-br\" \/>\u2022 Lisbeth Renardy \u2013 Album : \u00ab\u00a0La chanson des ours\u00a0\u00bb, l&rsquo;efficacit\u00e9 relative d\u2019un spray anti-grizzli.<br class=\"html-br\" \/>\u2022 Charlotte Bourlard \u2013 Nouvelle : \u00ab\u00a0Derri\u00e8re les fagots\u00a0\u00bb, la disparition intrigante d\u2019un cercueil.<br class=\"html-br\" \/>\u2022 Ina Siel \u2013 Nouvelle : \u00ab\u00a0Cir\u00e9 jaune\u00a0\u00bb, une mal\u00e9diction qui flotte dans l&rsquo;air.<br class=\"html-br\" \/>\u2022 Marcel Thiry \u2013 Po\u00e9sies : \u00ab\u00a0Travers\u00e9es\u00a0\u00bb, des r\u00e9cits de voyages mobiles et immobiles.<br class=\"html-br\" \/>\u2022 C\u00e9lestin de Mee\u00fbs \u2013 Po\u00e9sies : \u00ab\u00a0Treize treizains\u00a0\u00bb, un parcours philosophique et amoureux.<br class=\"html-br\" \/>\u2022 Nicolas Defrecheux \u2013 Po\u00e9sies en wallon, traduites en fran\u00e7ais : \u00ab\u00a0Laissez nos \u00e2mes bien chaudes\u00a0\u00bb, textes lyriques du XIXe si\u00e8cle, dont un chant\u00e9 par \u00c9dith Piaf.<br class=\"html-br\" \/><br class=\"html-br\" \/><\/span><\/p>\n<pre><strong>Le concours de la Petite Fureur<\/strong><\/pre>\n<p><a href=\"https:\/\/wamabi.be\/site\/wp-content\/e684d4ac06.png\"><img loading=\"lazy\" decoding=\"async\" class=\"alignnone size-medium wp-image-13897\" src=\"https:\/\/wamabi.be\/site\/wp-content\/e684d4ac06-300x157.png\" alt=\"\" width=\"300\" height=\"157\" srcset=\"https:\/\/wamabi.be\/site\/wp-content\/e684d4ac06-300x157.png 300w, https:\/\/wamabi.be\/site\/wp-content\/e684d4ac06-768x401.png 768w, https:\/\/wamabi.be\/site\/wp-content\/e684d4ac06.png 800w\" sizes=\"auto, (max-width: 300px) 100vw, 300px\" \/><\/a><\/p>\n<p>Le concours s&rsquo;adresse aux \u00e9coles de la F\u00e9d\u00e9ration Wallonie-Bruxelles. Il invite les jeunes de 3 \u00e0 15 ans \u00e0 laisser libre cours \u00e0 leur imagination en cr\u00e9ant une \u0153uvre originale (texte, vid\u00e9o, chanson, montage photo, etc.) inspir\u00e9e de l&rsquo;un des 15 livres s\u00e9lectionn\u00e9s. L\u2019objectif est de d\u00e9velopper une id\u00e9e \u00e0 partir du livre choisi : imaginer une nouvelle fin, d\u00e9velopper un personnage, ou m\u00eame r\u00e9inventer l&rsquo;histoire. NB : il y a 350 ch\u00e8ques de 45\u20ac disponibles pour l&rsquo;achat de livres de la s\u00e9lection afin de participer au concours et d&rsquo;autres r\u00e9compenses \u00e0 la cl\u00e9.<\/p>\n<p><span class=\"x193iq5w xeuugli x13faqbe x1vvkbs x1xmvt09 x1lliihq x1s928wv xhkezso x1gmr53x x1cpjm7i x1fgarty x1943h6x xudqn12 x3x7a5m x6prxxf xvq8zen xo1l8bm xzsf02u\" dir=\"auto\"><br class=\"html-br\" \/>Informations : \u2022 Malmedy : 080 799 930 | malmedy@wamabi.be \u2022 Waimes : 080 448 054 | waimes@wamabi.be<br \/>\n<\/span><\/p>\n","protected":false},"excerpt":{"rendered":"<p>Du 16 au 20 octobre, se d\u00e9roulait La Fureur de lire \u00e0 travers toute la F\u00e9d\u00e9ration Wallonie-Bruxelles\/Officiel. Focus en mots et en images sur cette \u00e9dition 2024, plac\u00e9e sous le th\u00e8me de la vitesse et du mouvement, dans nos biblioth\u00e8ques de Waimes et Malmedy. Les animations 17 octobre | \u00ab\u00a0De Malmedy \u00e0 Saint-Jacques de Compostelle [&hellip;]<\/p>\n","protected":false},"author":14,"featured_media":13720,"comment_status":"open","ping_status":"open","sticky":false,"template":"","format":"standard","meta":{"_seopress_robots_primary_cat":"none","_seopress_titles_title":"","_seopress_titles_desc":"","_seopress_robots_index":"","footnotes":""},"categories":[1],"tags":[],"class_list":{"0":"post-13888","1":"post","2":"type-post","3":"status-publish","4":"format-standard","5":"has-post-thumbnail","7":"category-non-classe","8":"czr-hentry"},"yoast_head":"<!-- This site is optimized with the Yoast SEO plugin v27.4 - https:\/\/yoast.com\/product\/yoast-seo-wordpress\/ -->\n<title>REPORTAGE \u2013 La Fureur de Lire \u00e0 Waimes et Malmedy - Wamabi<\/title>\n<meta name=\"robots\" content=\"index, follow, max-snippet:-1, max-image-preview:large, max-video-preview:-1\" \/>\n<link rel=\"canonical\" href=\"https:\/\/wamabi.be\/site\/reportage-la-fureur-de-lire-a-waimes-et-malmedy\/\" \/>\n<meta property=\"og:locale\" content=\"fr_FR\" \/>\n<meta property=\"og:type\" content=\"article\" \/>\n<meta property=\"og:title\" content=\"REPORTAGE \u2013 La Fureur de Lire \u00e0 Waimes et Malmedy - Wamabi\" \/>\n<meta property=\"og:description\" content=\"Du 16 au 20 octobre, se d\u00e9roulait La Fureur de lire \u00e0 travers toute la F\u00e9d\u00e9ration Wallonie-Bruxelles\/Officiel. Focus en mots et en images sur cette \u00e9dition 2024, plac\u00e9e sous le th\u00e8me de la vitesse et du mouvement, dans nos biblioth\u00e8ques de Waimes et Malmedy. Les animations 17 octobre | \u00ab\u00a0De Malmedy \u00e0 Saint-Jacques de Compostelle [&hellip;]\" \/>\n<meta property=\"og:url\" content=\"https:\/\/wamabi.be\/site\/reportage-la-fureur-de-lire-a-waimes-et-malmedy\/\" \/>\n<meta property=\"og:site_name\" content=\"Wamabi\" \/>\n<meta property=\"article:published_time\" content=\"2024-10-21T10:09:29+00:00\" \/>\n<meta property=\"article:modified_time\" content=\"2024-10-24T09:55:29+00:00\" \/>\n<meta property=\"og:image\" content=\"https:\/\/wamabi.be\/site\/wp-content\/FureurDeLire2024_affiche_def_web-scaled.jpg\" \/>\n\t<meta property=\"og:image:width\" content=\"1792\" \/>\n\t<meta property=\"og:image:height\" content=\"2560\" \/>\n\t<meta property=\"og:image:type\" content=\"image\/jpeg\" \/>\n<meta name=\"author\" content=\"Fred\" \/>\n<meta name=\"twitter:card\" content=\"summary_large_image\" \/>\n<meta name=\"twitter:label1\" content=\"\u00c9crit par\" \/>\n\t<meta name=\"twitter:data1\" content=\"Fred\" \/>\n\t<meta name=\"twitter:label2\" content=\"Dur\u00e9e de lecture estim\u00e9e\" \/>\n\t<meta name=\"twitter:data2\" content=\"5 minutes\" \/>\n<script type=\"application\/ld+json\" class=\"yoast-schema-graph\">{\"@context\":\"https:\\\/\\\/schema.org\",\"@graph\":[{\"@type\":\"Article\",\"@id\":\"https:\\\/\\\/wamabi.be\\\/site\\\/reportage-la-fureur-de-lire-a-waimes-et-malmedy\\\/#article\",\"isPartOf\":{\"@id\":\"https:\\\/\\\/wamabi.be\\\/site\\\/reportage-la-fureur-de-lire-a-waimes-et-malmedy\\\/\"},\"author\":{\"name\":\"Fred\",\"@id\":\"https:\\\/\\\/wamabi.be\\\/site\\\/#\\\/schema\\\/person\\\/d215542c812823ee78920d76e619749c\"},\"headline\":\"REPORTAGE \u2013 La Fureur de Lire \u00e0 Waimes et Malmedy\",\"datePublished\":\"2024-10-21T10:09:29+00:00\",\"dateModified\":\"2024-10-24T09:55:29+00:00\",\"mainEntityOfPage\":{\"@id\":\"https:\\\/\\\/wamabi.be\\\/site\\\/reportage-la-fureur-de-lire-a-waimes-et-malmedy\\\/\"},\"wordCount\":755,\"commentCount\":0,\"publisher\":{\"@id\":\"https:\\\/\\\/wamabi.be\\\/site\\\/#organization\"},\"image\":{\"@id\":\"https:\\\/\\\/wamabi.be\\\/site\\\/reportage-la-fureur-de-lire-a-waimes-et-malmedy\\\/#primaryimage\"},\"thumbnailUrl\":\"https:\\\/\\\/wamabi.be\\\/site\\\/wp-content\\\/FureurDeLire2024_affiche_def_web-scaled.jpg\",\"inLanguage\":\"fr-FR\",\"potentialAction\":[{\"@type\":\"CommentAction\",\"name\":\"Comment\",\"target\":[\"https:\\\/\\\/wamabi.be\\\/site\\\/reportage-la-fureur-de-lire-a-waimes-et-malmedy\\\/#respond\"]}]},{\"@type\":\"WebPage\",\"@id\":\"https:\\\/\\\/wamabi.be\\\/site\\\/reportage-la-fureur-de-lire-a-waimes-et-malmedy\\\/\",\"url\":\"https:\\\/\\\/wamabi.be\\\/site\\\/reportage-la-fureur-de-lire-a-waimes-et-malmedy\\\/\",\"name\":\"REPORTAGE \u2013 La Fureur de Lire \u00e0 Waimes et Malmedy - Wamabi\",\"isPartOf\":{\"@id\":\"https:\\\/\\\/wamabi.be\\\/site\\\/#website\"},\"primaryImageOfPage\":{\"@id\":\"https:\\\/\\\/wamabi.be\\\/site\\\/reportage-la-fureur-de-lire-a-waimes-et-malmedy\\\/#primaryimage\"},\"image\":{\"@id\":\"https:\\\/\\\/wamabi.be\\\/site\\\/reportage-la-fureur-de-lire-a-waimes-et-malmedy\\\/#primaryimage\"},\"thumbnailUrl\":\"https:\\\/\\\/wamabi.be\\\/site\\\/wp-content\\\/FureurDeLire2024_affiche_def_web-scaled.jpg\",\"datePublished\":\"2024-10-21T10:09:29+00:00\",\"dateModified\":\"2024-10-24T09:55:29+00:00\",\"breadcrumb\":{\"@id\":\"https:\\\/\\\/wamabi.be\\\/site\\\/reportage-la-fureur-de-lire-a-waimes-et-malmedy\\\/#breadcrumb\"},\"inLanguage\":\"fr-FR\",\"potentialAction\":[{\"@type\":\"ReadAction\",\"target\":[\"https:\\\/\\\/wamabi.be\\\/site\\\/reportage-la-fureur-de-lire-a-waimes-et-malmedy\\\/\"]}]},{\"@type\":\"ImageObject\",\"inLanguage\":\"fr-FR\",\"@id\":\"https:\\\/\\\/wamabi.be\\\/site\\\/reportage-la-fureur-de-lire-a-waimes-et-malmedy\\\/#primaryimage\",\"url\":\"https:\\\/\\\/wamabi.be\\\/site\\\/wp-content\\\/FureurDeLire2024_affiche_def_web-scaled.jpg\",\"contentUrl\":\"https:\\\/\\\/wamabi.be\\\/site\\\/wp-content\\\/FureurDeLire2024_affiche_def_web-scaled.jpg\",\"width\":1792,\"height\":2560},{\"@type\":\"BreadcrumbList\",\"@id\":\"https:\\\/\\\/wamabi.be\\\/site\\\/reportage-la-fureur-de-lire-a-waimes-et-malmedy\\\/#breadcrumb\",\"itemListElement\":[{\"@type\":\"ListItem\",\"position\":1,\"name\":\"Accueil\",\"item\":\"https:\\\/\\\/wamabi.be\\\/site\\\/\"},{\"@type\":\"ListItem\",\"position\":2,\"name\":\"REPORTAGE \u2013 La Fureur de Lire \u00e0 Waimes et Malmedy\"}]},{\"@type\":\"WebSite\",\"@id\":\"https:\\\/\\\/wamabi.be\\\/site\\\/#website\",\"url\":\"https:\\\/\\\/wamabi.be\\\/site\\\/\",\"name\":\"Wamabi\",\"description\":\"Wamabi - Biblioth\u00e8ques de Waimes et de Malmedy\",\"publisher\":{\"@id\":\"https:\\\/\\\/wamabi.be\\\/site\\\/#organization\"},\"potentialAction\":[{\"@type\":\"SearchAction\",\"target\":{\"@type\":\"EntryPoint\",\"urlTemplate\":\"https:\\\/\\\/wamabi.be\\\/site\\\/?s={search_term_string}\"},\"query-input\":{\"@type\":\"PropertyValueSpecification\",\"valueRequired\":true,\"valueName\":\"search_term_string\"}}],\"inLanguage\":\"fr-FR\"},{\"@type\":\"Organization\",\"@id\":\"https:\\\/\\\/wamabi.be\\\/site\\\/#organization\",\"name\":\"Wamabi\",\"url\":\"https:\\\/\\\/wamabi.be\\\/site\\\/\",\"logo\":{\"@type\":\"ImageObject\",\"inLanguage\":\"fr-FR\",\"@id\":\"https:\\\/\\\/wamabi.be\\\/site\\\/#\\\/schema\\\/logo\\\/image\\\/\",\"url\":\"https:\\\/\\\/wamabi.be\\\/site\\\/wp-content\\\/cropped-cropped-Dragon-noir-et-blanc-transparent-carre-1.png\",\"contentUrl\":\"https:\\\/\\\/wamabi.be\\\/site\\\/wp-content\\\/cropped-cropped-Dragon-noir-et-blanc-transparent-carre-1.png\",\"width\":2321,\"height\":2321,\"caption\":\"Wamabi\"},\"image\":{\"@id\":\"https:\\\/\\\/wamabi.be\\\/site\\\/#\\\/schema\\\/logo\\\/image\\\/\"}},{\"@type\":\"Person\",\"@id\":\"https:\\\/\\\/wamabi.be\\\/site\\\/#\\\/schema\\\/person\\\/d215542c812823ee78920d76e619749c\",\"name\":\"Fred\",\"image\":{\"@type\":\"ImageObject\",\"inLanguage\":\"fr-FR\",\"@id\":\"https:\\\/\\\/secure.gravatar.com\\\/avatar\\\/fc672c5d32dec8b323e48becfe5a966d7d87b500bc73ae1712919ac83cddfea3?s=96&d=mm&r=g\",\"url\":\"https:\\\/\\\/secure.gravatar.com\\\/avatar\\\/fc672c5d32dec8b323e48becfe5a966d7d87b500bc73ae1712919ac83cddfea3?s=96&d=mm&r=g\",\"contentUrl\":\"https:\\\/\\\/secure.gravatar.com\\\/avatar\\\/fc672c5d32dec8b323e48becfe5a966d7d87b500bc73ae1712919ac83cddfea3?s=96&d=mm&r=g\",\"caption\":\"Fred\"},\"sameAs\":[\"http:\\\/\\\/www.wamabi.be\\\/\"],\"url\":\"https:\\\/\\\/wamabi.be\\\/site\\\/author\\\/fred\\\/\"}]}<\/script>\n<!-- \/ Yoast SEO plugin. -->","yoast_head_json":{"title":"REPORTAGE \u2013 La Fureur de Lire \u00e0 Waimes et Malmedy - Wamabi","robots":{"index":"index","follow":"follow","max-snippet":"max-snippet:-1","max-image-preview":"max-image-preview:large","max-video-preview":"max-video-preview:-1"},"canonical":"https:\/\/wamabi.be\/site\/reportage-la-fureur-de-lire-a-waimes-et-malmedy\/","og_locale":"fr_FR","og_type":"article","og_title":"REPORTAGE \u2013 La Fureur de Lire \u00e0 Waimes et Malmedy - Wamabi","og_description":"Du 16 au 20 octobre, se d\u00e9roulait La Fureur de lire \u00e0 travers toute la F\u00e9d\u00e9ration Wallonie-Bruxelles\/Officiel. Focus en mots et en images sur cette \u00e9dition 2024, plac\u00e9e sous le th\u00e8me de la vitesse et du mouvement, dans nos biblioth\u00e8ques de Waimes et Malmedy. Les animations 17 octobre | \u00ab\u00a0De Malmedy \u00e0 Saint-Jacques de Compostelle [&hellip;]","og_url":"https:\/\/wamabi.be\/site\/reportage-la-fureur-de-lire-a-waimes-et-malmedy\/","og_site_name":"Wamabi","article_published_time":"2024-10-21T10:09:29+00:00","article_modified_time":"2024-10-24T09:55:29+00:00","og_image":[{"width":1792,"height":2560,"url":"https:\/\/wamabi.be\/site\/wp-content\/FureurDeLire2024_affiche_def_web-scaled.jpg","type":"image\/jpeg"}],"author":"Fred","twitter_card":"summary_large_image","twitter_misc":{"\u00c9crit par":"Fred","Dur\u00e9e de lecture estim\u00e9e":"5 minutes"},"schema":{"@context":"https:\/\/schema.org","@graph":[{"@type":"Article","@id":"https:\/\/wamabi.be\/site\/reportage-la-fureur-de-lire-a-waimes-et-malmedy\/#article","isPartOf":{"@id":"https:\/\/wamabi.be\/site\/reportage-la-fureur-de-lire-a-waimes-et-malmedy\/"},"author":{"name":"Fred","@id":"https:\/\/wamabi.be\/site\/#\/schema\/person\/d215542c812823ee78920d76e619749c"},"headline":"REPORTAGE \u2013 La Fureur de Lire \u00e0 Waimes et Malmedy","datePublished":"2024-10-21T10:09:29+00:00","dateModified":"2024-10-24T09:55:29+00:00","mainEntityOfPage":{"@id":"https:\/\/wamabi.be\/site\/reportage-la-fureur-de-lire-a-waimes-et-malmedy\/"},"wordCount":755,"commentCount":0,"publisher":{"@id":"https:\/\/wamabi.be\/site\/#organization"},"image":{"@id":"https:\/\/wamabi.be\/site\/reportage-la-fureur-de-lire-a-waimes-et-malmedy\/#primaryimage"},"thumbnailUrl":"https:\/\/wamabi.be\/site\/wp-content\/FureurDeLire2024_affiche_def_web-scaled.jpg","inLanguage":"fr-FR","potentialAction":[{"@type":"CommentAction","name":"Comment","target":["https:\/\/wamabi.be\/site\/reportage-la-fureur-de-lire-a-waimes-et-malmedy\/#respond"]}]},{"@type":"WebPage","@id":"https:\/\/wamabi.be\/site\/reportage-la-fureur-de-lire-a-waimes-et-malmedy\/","url":"https:\/\/wamabi.be\/site\/reportage-la-fureur-de-lire-a-waimes-et-malmedy\/","name":"REPORTAGE \u2013 La Fureur de Lire \u00e0 Waimes et Malmedy - Wamabi","isPartOf":{"@id":"https:\/\/wamabi.be\/site\/#website"},"primaryImageOfPage":{"@id":"https:\/\/wamabi.be\/site\/reportage-la-fureur-de-lire-a-waimes-et-malmedy\/#primaryimage"},"image":{"@id":"https:\/\/wamabi.be\/site\/reportage-la-fureur-de-lire-a-waimes-et-malmedy\/#primaryimage"},"thumbnailUrl":"https:\/\/wamabi.be\/site\/wp-content\/FureurDeLire2024_affiche_def_web-scaled.jpg","datePublished":"2024-10-21T10:09:29+00:00","dateModified":"2024-10-24T09:55:29+00:00","breadcrumb":{"@id":"https:\/\/wamabi.be\/site\/reportage-la-fureur-de-lire-a-waimes-et-malmedy\/#breadcrumb"},"inLanguage":"fr-FR","potentialAction":[{"@type":"ReadAction","target":["https:\/\/wamabi.be\/site\/reportage-la-fureur-de-lire-a-waimes-et-malmedy\/"]}]},{"@type":"ImageObject","inLanguage":"fr-FR","@id":"https:\/\/wamabi.be\/site\/reportage-la-fureur-de-lire-a-waimes-et-malmedy\/#primaryimage","url":"https:\/\/wamabi.be\/site\/wp-content\/FureurDeLire2024_affiche_def_web-scaled.jpg","contentUrl":"https:\/\/wamabi.be\/site\/wp-content\/FureurDeLire2024_affiche_def_web-scaled.jpg","width":1792,"height":2560},{"@type":"BreadcrumbList","@id":"https:\/\/wamabi.be\/site\/reportage-la-fureur-de-lire-a-waimes-et-malmedy\/#breadcrumb","itemListElement":[{"@type":"ListItem","position":1,"name":"Accueil","item":"https:\/\/wamabi.be\/site\/"},{"@type":"ListItem","position":2,"name":"REPORTAGE \u2013 La Fureur de Lire \u00e0 Waimes et Malmedy"}]},{"@type":"WebSite","@id":"https:\/\/wamabi.be\/site\/#website","url":"https:\/\/wamabi.be\/site\/","name":"Wamabi","description":"Wamabi - Biblioth\u00e8ques de Waimes et de Malmedy","publisher":{"@id":"https:\/\/wamabi.be\/site\/#organization"},"potentialAction":[{"@type":"SearchAction","target":{"@type":"EntryPoint","urlTemplate":"https:\/\/wamabi.be\/site\/?s={search_term_string}"},"query-input":{"@type":"PropertyValueSpecification","valueRequired":true,"valueName":"search_term_string"}}],"inLanguage":"fr-FR"},{"@type":"Organization","@id":"https:\/\/wamabi.be\/site\/#organization","name":"Wamabi","url":"https:\/\/wamabi.be\/site\/","logo":{"@type":"ImageObject","inLanguage":"fr-FR","@id":"https:\/\/wamabi.be\/site\/#\/schema\/logo\/image\/","url":"https:\/\/wamabi.be\/site\/wp-content\/cropped-cropped-Dragon-noir-et-blanc-transparent-carre-1.png","contentUrl":"https:\/\/wamabi.be\/site\/wp-content\/cropped-cropped-Dragon-noir-et-blanc-transparent-carre-1.png","width":2321,"height":2321,"caption":"Wamabi"},"image":{"@id":"https:\/\/wamabi.be\/site\/#\/schema\/logo\/image\/"}},{"@type":"Person","@id":"https:\/\/wamabi.be\/site\/#\/schema\/person\/d215542c812823ee78920d76e619749c","name":"Fred","image":{"@type":"ImageObject","inLanguage":"fr-FR","@id":"https:\/\/secure.gravatar.com\/avatar\/fc672c5d32dec8b323e48becfe5a966d7d87b500bc73ae1712919ac83cddfea3?s=96&d=mm&r=g","url":"https:\/\/secure.gravatar.com\/avatar\/fc672c5d32dec8b323e48becfe5a966d7d87b500bc73ae1712919ac83cddfea3?s=96&d=mm&r=g","contentUrl":"https:\/\/secure.gravatar.com\/avatar\/fc672c5d32dec8b323e48becfe5a966d7d87b500bc73ae1712919ac83cddfea3?s=96&d=mm&r=g","caption":"Fred"},"sameAs":["http:\/\/www.wamabi.be\/"],"url":"https:\/\/wamabi.be\/site\/author\/fred\/"}]}},"_links":{"self":[{"href":"https:\/\/wamabi.be\/site\/wp-json\/wp\/v2\/posts\/13888","targetHints":{"allow":["GET"]}}],"collection":[{"href":"https:\/\/wamabi.be\/site\/wp-json\/wp\/v2\/posts"}],"about":[{"href":"https:\/\/wamabi.be\/site\/wp-json\/wp\/v2\/types\/post"}],"author":[{"embeddable":true,"href":"https:\/\/wamabi.be\/site\/wp-json\/wp\/v2\/users\/14"}],"replies":[{"embeddable":true,"href":"https:\/\/wamabi.be\/site\/wp-json\/wp\/v2\/comments?post=13888"}],"version-history":[{"count":9,"href":"https:\/\/wamabi.be\/site\/wp-json\/wp\/v2\/posts\/13888\/revisions"}],"predecessor-version":[{"id":13907,"href":"https:\/\/wamabi.be\/site\/wp-json\/wp\/v2\/posts\/13888\/revisions\/13907"}],"wp:featuredmedia":[{"embeddable":true,"href":"https:\/\/wamabi.be\/site\/wp-json\/wp\/v2\/media\/13720"}],"wp:attachment":[{"href":"https:\/\/wamabi.be\/site\/wp-json\/wp\/v2\/media?parent=13888"}],"wp:term":[{"taxonomy":"category","embeddable":true,"href":"https:\/\/wamabi.be\/site\/wp-json\/wp\/v2\/categories?post=13888"},{"taxonomy":"post_tag","embeddable":true,"href":"https:\/\/wamabi.be\/site\/wp-json\/wp\/v2\/tags?post=13888"}],"curies":[{"name":"wp","href":"https:\/\/api.w.org\/{rel}","templated":true}]}}