{"id":13869,"date":"2024-10-11T10:41:00","date_gmt":"2024-10-11T09:41:00","guid":{"rendered":"https:\/\/wamabi.be\/site\/?p=13869"},"modified":"2024-10-11T12:00:57","modified_gmt":"2024-10-11T11:00:57","slug":"conference-gesticulee-mais-barre-toi-par-audrey-depresseux","status":"publish","type":"post","link":"https:\/\/wamabi.be\/site\/conference-gesticulee-mais-barre-toi-par-audrey-depresseux\/","title":{"rendered":"CONF\u00c9RENCE GESTICUL\u00c9E &#8211; \u00ab Mais barre-toi ! \u00bb par Audrey Depresseux"},"content":{"rendered":"<p><strong>Dans le cadre de son projet de sensibilisation contre les violences faites aux femmes, le collectif \u00ab\u00a0Ruban blanc\u00a0\u00bb de Malmedy vous invite \u00e0 assister \u00e0 la conf\u00e9rence gesticul\u00e9e intitul\u00e9e \u00ab <a href=\"https:\/\/www.facebook.com\/profile.php?id=61558241475005\">Mais barre-toi !<\/a> \u00bb, pr\u00e9sent\u00e9e par Audrey Depresseux. Cet \u00e9v\u00e9nement aura lieu le 5 d\u00e9cembre \u00e0 20h au Malmundarium et vise \u00e0 mieux comprendre les m\u00e9canismes de l&#8217;emprise et de la violence conjugale.<br \/>\n<\/strong><\/p>\n<p><a href=\"https:\/\/wamabi.be\/site\/wp-content\/images.jpeg\"><img loading=\"lazy\" decoding=\"async\" class=\"alignnone wp-image-13875\" src=\"https:\/\/wamabi.be\/site\/wp-content\/images.jpeg\" alt=\"\" width=\"319\" height=\"239\" \/><\/a><\/p>\n<p>\u00ab\u00a0Mais barre-toi !\u00a0\u00bb Ces mots-l\u00e0\u2026 entendus souvent, maintes fois m\u00eame, avant de trouver le courage de le faire\u2026\u00a0Ce premier NON, ce petit pas si difficile, vers la libert\u00e9 puis la longue reconstruction.\u00a0On ne sort pas indemne d\u2019une relation teint\u00e9e de violence, nos proches non plus.<\/p>\n<p>Aujourd\u2019hui ? \u00c7a va ! Il y a une vie apr\u00e8s la violence conjugale. Il y a une vie possible quand on n\u2019est plus une victime\u2026<\/p>\n<p>\u00c0 travers cette conf\u00e9rence gesticul\u00e9e, Audrey Depresseux propose un partage de son exp\u00e9rience personnelle. Elle met des mots sur cette culpabilit\u00e9 ressentie par les victimes et l\u2019impuissance des proches (voire des professionnels) qui l\u2019entourent. Elle y d\u00e9veloppe certains concepts th\u00e9oriques permettant de mieux comprendre ce qui se joue dans une relation toxique : contr\u00f4le coercitif, strat\u00e9gies d\u2019adaptation, micro-r\u00e9gulation du quotidien, injonctions paradoxales, dissonance cognitive\u2026 Vous connaissez ?<\/p>\n<p>75 minutes pour tenter de mieux comprendre les femmes victimes de violences conjugales\u2026 et le courage invisible dont elles font preuve !<br \/>\n75 minutes pour faire tomber les \u00e9tiquettes et nos pr\u00e9jug\u00e9s sur les victimes.<br \/>\n75 minutes pour d\u00e9tricoter, fil par fil, la toile dans laquelle ces femmes sont enferm\u00e9es\u2026<\/p>\n<p><a href=\"https:\/\/wamabi.be\/site\/wp-content\/461182737_122151329798274715_2982107246626024186_n.jpg\"><img loading=\"lazy\" decoding=\"async\" class=\"alignnone size-medium wp-image-13874\" src=\"https:\/\/wamabi.be\/site\/wp-content\/461182737_122151329798274715_2982107246626024186_n-300x255.jpg\" alt=\"\" width=\"300\" height=\"255\" srcset=\"https:\/\/wamabi.be\/site\/wp-content\/461182737_122151329798274715_2982107246626024186_n-300x255.jpg 300w, https:\/\/wamabi.be\/site\/wp-content\/461182737_122151329798274715_2982107246626024186_n.jpg 600w\" sizes=\"auto, (max-width: 300px) 100vw, 300px\" \/><\/a><\/p>\n<p><em>Mise en sc\u00e8ne : Genevi\u00e8ve Cabodi. &#8211; <\/em><em>Co-production : Centre culturel de Verviers et Centre de <a href=\"https:\/\/www.sofelia.be\/nos-centres\/cpf-verviers\/\" target=\"_blank\" rel=\"noopener\">Planning familial Soralia de Verviers<\/a><\/em><br \/>\n<em>Participation libre &#8211; Inscriptions aupr\u00e8s de la biblioth\u00e8que (080\/799930 ou malmedy@wamabi.be) &#8211; A partir de 14 ans &#8211; Dur\u00e9e : 1h15\u2019<\/em><\/p>\n","protected":false},"excerpt":{"rendered":"<p>Dans le cadre de son projet de sensibilisation contre les violences faites aux femmes, le collectif \u00ab\u00a0Ruban blanc\u00a0\u00bb de Malmedy vous invite \u00e0 assister \u00e0 la conf\u00e9rence gesticul\u00e9e intitul\u00e9e \u00ab Mais barre-toi ! \u00bb, pr\u00e9sent\u00e9e par Audrey Depresseux. Cet \u00e9v\u00e9nement aura lieu le 5 d\u00e9cembre \u00e0 20h au Malmundarium et vise \u00e0 mieux comprendre les [&hellip;]<\/p>\n","protected":false},"author":14,"featured_media":13874,"comment_status":"open","ping_status":"open","sticky":false,"template":"","format":"standard","meta":{"_seopress_robots_primary_cat":"none","_seopress_titles_title":"","_seopress_titles_desc":"","_seopress_robots_index":"","footnotes":""},"categories":[1],"tags":[],"class_list":{"0":"post-13869","1":"post","2":"type-post","3":"status-publish","4":"format-standard","5":"has-post-thumbnail","7":"category-non-classe","8":"czr-hentry"},"yoast_head":"<!-- This site is optimized with the Yoast SEO plugin v27.5 - https:\/\/yoast.com\/product\/yoast-seo-wordpress\/ -->\n<title>CONF\u00c9RENCE GESTICUL\u00c9E - \u00ab Mais barre-toi ! \u00bb par Audrey Depresseux - Wamabi<\/title>\n<meta name=\"robots\" content=\"index, follow, max-snippet:-1, max-image-preview:large, max-video-preview:-1\" \/>\n<link rel=\"canonical\" href=\"https:\/\/wamabi.be\/site\/conference-gesticulee-mais-barre-toi-par-audrey-depresseux\/\" \/>\n<meta property=\"og:locale\" content=\"fr_FR\" \/>\n<meta property=\"og:type\" content=\"article\" \/>\n<meta property=\"og:title\" content=\"CONF\u00c9RENCE GESTICUL\u00c9E - \u00ab Mais barre-toi ! \u00bb par Audrey Depresseux - Wamabi\" \/>\n<meta property=\"og:description\" content=\"Dans le cadre de son projet de sensibilisation contre les violences faites aux femmes, le collectif \u00ab\u00a0Ruban blanc\u00a0\u00bb de Malmedy vous invite \u00e0 assister \u00e0 la conf\u00e9rence gesticul\u00e9e intitul\u00e9e \u00ab Mais barre-toi ! \u00bb, pr\u00e9sent\u00e9e par Audrey Depresseux. Cet \u00e9v\u00e9nement aura lieu le 5 d\u00e9cembre \u00e0 20h au Malmundarium et vise \u00e0 mieux comprendre les [&hellip;]\" \/>\n<meta property=\"og:url\" content=\"https:\/\/wamabi.be\/site\/conference-gesticulee-mais-barre-toi-par-audrey-depresseux\/\" \/>\n<meta property=\"og:site_name\" content=\"Wamabi\" \/>\n<meta property=\"article:published_time\" content=\"2024-10-11T09:41:00+00:00\" \/>\n<meta property=\"article:modified_time\" content=\"2024-10-11T11:00:57+00:00\" \/>\n<meta property=\"og:image\" content=\"https:\/\/wamabi.be\/site\/wp-content\/461182737_122151329798274715_2982107246626024186_n.jpg\" \/>\n\t<meta property=\"og:image:width\" content=\"600\" \/>\n\t<meta property=\"og:image:height\" content=\"510\" \/>\n\t<meta property=\"og:image:type\" content=\"image\/jpeg\" \/>\n<meta name=\"author\" content=\"Fred\" \/>\n<meta name=\"twitter:card\" content=\"summary_large_image\" \/>\n<meta name=\"twitter:label1\" content=\"\u00c9crit par\" \/>\n\t<meta name=\"twitter:data1\" content=\"Fred\" \/>\n\t<meta name=\"twitter:label2\" content=\"Dur\u00e9e de lecture estim\u00e9e\" \/>\n\t<meta name=\"twitter:data2\" content=\"3 minutes\" \/>\n<script type=\"application\/ld+json\" class=\"yoast-schema-graph\">{\"@context\":\"https:\\\/\\\/schema.org\",\"@graph\":[{\"@type\":\"Article\",\"@id\":\"https:\\\/\\\/wamabi.be\\\/site\\\/conference-gesticulee-mais-barre-toi-par-audrey-depresseux\\\/#article\",\"isPartOf\":{\"@id\":\"https:\\\/\\\/wamabi.be\\\/site\\\/conference-gesticulee-mais-barre-toi-par-audrey-depresseux\\\/\"},\"author\":{\"name\":\"Fred\",\"@id\":\"https:\\\/\\\/wamabi.be\\\/site\\\/#\\\/schema\\\/person\\\/d215542c812823ee78920d76e619749c\"},\"headline\":\"CONF\u00c9RENCE GESTICUL\u00c9E &#8211; \u00ab Mais barre-toi ! \u00bb par Audrey Depresseux\",\"datePublished\":\"2024-10-11T09:41:00+00:00\",\"dateModified\":\"2024-10-11T11:00:57+00:00\",\"mainEntityOfPage\":{\"@id\":\"https:\\\/\\\/wamabi.be\\\/site\\\/conference-gesticulee-mais-barre-toi-par-audrey-depresseux\\\/\"},\"wordCount\":319,\"commentCount\":2,\"publisher\":{\"@id\":\"https:\\\/\\\/wamabi.be\\\/site\\\/#organization\"},\"image\":{\"@id\":\"https:\\\/\\\/wamabi.be\\\/site\\\/conference-gesticulee-mais-barre-toi-par-audrey-depresseux\\\/#primaryimage\"},\"thumbnailUrl\":\"https:\\\/\\\/wamabi.be\\\/site\\\/wp-content\\\/461182737_122151329798274715_2982107246626024186_n.jpg\",\"inLanguage\":\"fr-FR\",\"potentialAction\":[{\"@type\":\"CommentAction\",\"name\":\"Comment\",\"target\":[\"https:\\\/\\\/wamabi.be\\\/site\\\/conference-gesticulee-mais-barre-toi-par-audrey-depresseux\\\/#respond\"]}]},{\"@type\":\"WebPage\",\"@id\":\"https:\\\/\\\/wamabi.be\\\/site\\\/conference-gesticulee-mais-barre-toi-par-audrey-depresseux\\\/\",\"url\":\"https:\\\/\\\/wamabi.be\\\/site\\\/conference-gesticulee-mais-barre-toi-par-audrey-depresseux\\\/\",\"name\":\"CONF\u00c9RENCE GESTICUL\u00c9E - \u00ab Mais barre-toi ! \u00bb par Audrey Depresseux - Wamabi\",\"isPartOf\":{\"@id\":\"https:\\\/\\\/wamabi.be\\\/site\\\/#website\"},\"primaryImageOfPage\":{\"@id\":\"https:\\\/\\\/wamabi.be\\\/site\\\/conference-gesticulee-mais-barre-toi-par-audrey-depresseux\\\/#primaryimage\"},\"image\":{\"@id\":\"https:\\\/\\\/wamabi.be\\\/site\\\/conference-gesticulee-mais-barre-toi-par-audrey-depresseux\\\/#primaryimage\"},\"thumbnailUrl\":\"https:\\\/\\\/wamabi.be\\\/site\\\/wp-content\\\/461182737_122151329798274715_2982107246626024186_n.jpg\",\"datePublished\":\"2024-10-11T09:41:00+00:00\",\"dateModified\":\"2024-10-11T11:00:57+00:00\",\"breadcrumb\":{\"@id\":\"https:\\\/\\\/wamabi.be\\\/site\\\/conference-gesticulee-mais-barre-toi-par-audrey-depresseux\\\/#breadcrumb\"},\"inLanguage\":\"fr-FR\",\"potentialAction\":[{\"@type\":\"ReadAction\",\"target\":[\"https:\\\/\\\/wamabi.be\\\/site\\\/conference-gesticulee-mais-barre-toi-par-audrey-depresseux\\\/\"]}]},{\"@type\":\"ImageObject\",\"inLanguage\":\"fr-FR\",\"@id\":\"https:\\\/\\\/wamabi.be\\\/site\\\/conference-gesticulee-mais-barre-toi-par-audrey-depresseux\\\/#primaryimage\",\"url\":\"https:\\\/\\\/wamabi.be\\\/site\\\/wp-content\\\/461182737_122151329798274715_2982107246626024186_n.jpg\",\"contentUrl\":\"https:\\\/\\\/wamabi.be\\\/site\\\/wp-content\\\/461182737_122151329798274715_2982107246626024186_n.jpg\",\"width\":600,\"height\":510},{\"@type\":\"BreadcrumbList\",\"@id\":\"https:\\\/\\\/wamabi.be\\\/site\\\/conference-gesticulee-mais-barre-toi-par-audrey-depresseux\\\/#breadcrumb\",\"itemListElement\":[{\"@type\":\"ListItem\",\"position\":1,\"name\":\"Accueil\",\"item\":\"https:\\\/\\\/wamabi.be\\\/site\\\/\"},{\"@type\":\"ListItem\",\"position\":2,\"name\":\"CONF\u00c9RENCE GESTICUL\u00c9E &#8211; \u00ab Mais barre-toi ! \u00bb par Audrey Depresseux\"}]},{\"@type\":\"WebSite\",\"@id\":\"https:\\\/\\\/wamabi.be\\\/site\\\/#website\",\"url\":\"https:\\\/\\\/wamabi.be\\\/site\\\/\",\"name\":\"Wamabi\",\"description\":\"Wamabi - Biblioth\u00e8ques de Waimes et de Malmedy\",\"publisher\":{\"@id\":\"https:\\\/\\\/wamabi.be\\\/site\\\/#organization\"},\"potentialAction\":[{\"@type\":\"SearchAction\",\"target\":{\"@type\":\"EntryPoint\",\"urlTemplate\":\"https:\\\/\\\/wamabi.be\\\/site\\\/?s={search_term_string}\"},\"query-input\":{\"@type\":\"PropertyValueSpecification\",\"valueRequired\":true,\"valueName\":\"search_term_string\"}}],\"inLanguage\":\"fr-FR\"},{\"@type\":\"Organization\",\"@id\":\"https:\\\/\\\/wamabi.be\\\/site\\\/#organization\",\"name\":\"Wamabi\",\"url\":\"https:\\\/\\\/wamabi.be\\\/site\\\/\",\"logo\":{\"@type\":\"ImageObject\",\"inLanguage\":\"fr-FR\",\"@id\":\"https:\\\/\\\/wamabi.be\\\/site\\\/#\\\/schema\\\/logo\\\/image\\\/\",\"url\":\"https:\\\/\\\/wamabi.be\\\/site\\\/wp-content\\\/cropped-cropped-Dragon-noir-et-blanc-transparent-carre-1.png\",\"contentUrl\":\"https:\\\/\\\/wamabi.be\\\/site\\\/wp-content\\\/cropped-cropped-Dragon-noir-et-blanc-transparent-carre-1.png\",\"width\":2321,\"height\":2321,\"caption\":\"Wamabi\"},\"image\":{\"@id\":\"https:\\\/\\\/wamabi.be\\\/site\\\/#\\\/schema\\\/logo\\\/image\\\/\"}},{\"@type\":\"Person\",\"@id\":\"https:\\\/\\\/wamabi.be\\\/site\\\/#\\\/schema\\\/person\\\/d215542c812823ee78920d76e619749c\",\"name\":\"Fred\",\"image\":{\"@type\":\"ImageObject\",\"inLanguage\":\"fr-FR\",\"@id\":\"https:\\\/\\\/secure.gravatar.com\\\/avatar\\\/fc672c5d32dec8b323e48becfe5a966d7d87b500bc73ae1712919ac83cddfea3?s=96&d=mm&r=g\",\"url\":\"https:\\\/\\\/secure.gravatar.com\\\/avatar\\\/fc672c5d32dec8b323e48becfe5a966d7d87b500bc73ae1712919ac83cddfea3?s=96&d=mm&r=g\",\"contentUrl\":\"https:\\\/\\\/secure.gravatar.com\\\/avatar\\\/fc672c5d32dec8b323e48becfe5a966d7d87b500bc73ae1712919ac83cddfea3?s=96&d=mm&r=g\",\"caption\":\"Fred\"},\"sameAs\":[\"http:\\\/\\\/www.wamabi.be\\\/\"],\"url\":\"https:\\\/\\\/wamabi.be\\\/site\\\/author\\\/fred\\\/\"}]}<\/script>\n<!-- \/ Yoast SEO plugin. -->","yoast_head_json":{"title":"CONF\u00c9RENCE GESTICUL\u00c9E - \u00ab Mais barre-toi ! \u00bb par Audrey Depresseux - Wamabi","robots":{"index":"index","follow":"follow","max-snippet":"max-snippet:-1","max-image-preview":"max-image-preview:large","max-video-preview":"max-video-preview:-1"},"canonical":"https:\/\/wamabi.be\/site\/conference-gesticulee-mais-barre-toi-par-audrey-depresseux\/","og_locale":"fr_FR","og_type":"article","og_title":"CONF\u00c9RENCE GESTICUL\u00c9E - \u00ab Mais barre-toi ! \u00bb par Audrey Depresseux - Wamabi","og_description":"Dans le cadre de son projet de sensibilisation contre les violences faites aux femmes, le collectif \u00ab\u00a0Ruban blanc\u00a0\u00bb de Malmedy vous invite \u00e0 assister \u00e0 la conf\u00e9rence gesticul\u00e9e intitul\u00e9e \u00ab Mais barre-toi ! \u00bb, pr\u00e9sent\u00e9e par Audrey Depresseux. Cet \u00e9v\u00e9nement aura lieu le 5 d\u00e9cembre \u00e0 20h au Malmundarium et vise \u00e0 mieux comprendre les [&hellip;]","og_url":"https:\/\/wamabi.be\/site\/conference-gesticulee-mais-barre-toi-par-audrey-depresseux\/","og_site_name":"Wamabi","article_published_time":"2024-10-11T09:41:00+00:00","article_modified_time":"2024-10-11T11:00:57+00:00","og_image":[{"width":600,"height":510,"url":"https:\/\/wamabi.be\/site\/wp-content\/461182737_122151329798274715_2982107246626024186_n.jpg","type":"image\/jpeg"}],"author":"Fred","twitter_card":"summary_large_image","twitter_misc":{"\u00c9crit par":"Fred","Dur\u00e9e de lecture estim\u00e9e":"3 minutes"},"schema":{"@context":"https:\/\/schema.org","@graph":[{"@type":"Article","@id":"https:\/\/wamabi.be\/site\/conference-gesticulee-mais-barre-toi-par-audrey-depresseux\/#article","isPartOf":{"@id":"https:\/\/wamabi.be\/site\/conference-gesticulee-mais-barre-toi-par-audrey-depresseux\/"},"author":{"name":"Fred","@id":"https:\/\/wamabi.be\/site\/#\/schema\/person\/d215542c812823ee78920d76e619749c"},"headline":"CONF\u00c9RENCE GESTICUL\u00c9E &#8211; \u00ab Mais barre-toi ! \u00bb par Audrey Depresseux","datePublished":"2024-10-11T09:41:00+00:00","dateModified":"2024-10-11T11:00:57+00:00","mainEntityOfPage":{"@id":"https:\/\/wamabi.be\/site\/conference-gesticulee-mais-barre-toi-par-audrey-depresseux\/"},"wordCount":319,"commentCount":2,"publisher":{"@id":"https:\/\/wamabi.be\/site\/#organization"},"image":{"@id":"https:\/\/wamabi.be\/site\/conference-gesticulee-mais-barre-toi-par-audrey-depresseux\/#primaryimage"},"thumbnailUrl":"https:\/\/wamabi.be\/site\/wp-content\/461182737_122151329798274715_2982107246626024186_n.jpg","inLanguage":"fr-FR","potentialAction":[{"@type":"CommentAction","name":"Comment","target":["https:\/\/wamabi.be\/site\/conference-gesticulee-mais-barre-toi-par-audrey-depresseux\/#respond"]}]},{"@type":"WebPage","@id":"https:\/\/wamabi.be\/site\/conference-gesticulee-mais-barre-toi-par-audrey-depresseux\/","url":"https:\/\/wamabi.be\/site\/conference-gesticulee-mais-barre-toi-par-audrey-depresseux\/","name":"CONF\u00c9RENCE GESTICUL\u00c9E - \u00ab Mais barre-toi ! \u00bb par Audrey Depresseux - Wamabi","isPartOf":{"@id":"https:\/\/wamabi.be\/site\/#website"},"primaryImageOfPage":{"@id":"https:\/\/wamabi.be\/site\/conference-gesticulee-mais-barre-toi-par-audrey-depresseux\/#primaryimage"},"image":{"@id":"https:\/\/wamabi.be\/site\/conference-gesticulee-mais-barre-toi-par-audrey-depresseux\/#primaryimage"},"thumbnailUrl":"https:\/\/wamabi.be\/site\/wp-content\/461182737_122151329798274715_2982107246626024186_n.jpg","datePublished":"2024-10-11T09:41:00+00:00","dateModified":"2024-10-11T11:00:57+00:00","breadcrumb":{"@id":"https:\/\/wamabi.be\/site\/conference-gesticulee-mais-barre-toi-par-audrey-depresseux\/#breadcrumb"},"inLanguage":"fr-FR","potentialAction":[{"@type":"ReadAction","target":["https:\/\/wamabi.be\/site\/conference-gesticulee-mais-barre-toi-par-audrey-depresseux\/"]}]},{"@type":"ImageObject","inLanguage":"fr-FR","@id":"https:\/\/wamabi.be\/site\/conference-gesticulee-mais-barre-toi-par-audrey-depresseux\/#primaryimage","url":"https:\/\/wamabi.be\/site\/wp-content\/461182737_122151329798274715_2982107246626024186_n.jpg","contentUrl":"https:\/\/wamabi.be\/site\/wp-content\/461182737_122151329798274715_2982107246626024186_n.jpg","width":600,"height":510},{"@type":"BreadcrumbList","@id":"https:\/\/wamabi.be\/site\/conference-gesticulee-mais-barre-toi-par-audrey-depresseux\/#breadcrumb","itemListElement":[{"@type":"ListItem","position":1,"name":"Accueil","item":"https:\/\/wamabi.be\/site\/"},{"@type":"ListItem","position":2,"name":"CONF\u00c9RENCE GESTICUL\u00c9E &#8211; \u00ab Mais barre-toi ! \u00bb par Audrey Depresseux"}]},{"@type":"WebSite","@id":"https:\/\/wamabi.be\/site\/#website","url":"https:\/\/wamabi.be\/site\/","name":"Wamabi","description":"Wamabi - Biblioth\u00e8ques de Waimes et de Malmedy","publisher":{"@id":"https:\/\/wamabi.be\/site\/#organization"},"potentialAction":[{"@type":"SearchAction","target":{"@type":"EntryPoint","urlTemplate":"https:\/\/wamabi.be\/site\/?s={search_term_string}"},"query-input":{"@type":"PropertyValueSpecification","valueRequired":true,"valueName":"search_term_string"}}],"inLanguage":"fr-FR"},{"@type":"Organization","@id":"https:\/\/wamabi.be\/site\/#organization","name":"Wamabi","url":"https:\/\/wamabi.be\/site\/","logo":{"@type":"ImageObject","inLanguage":"fr-FR","@id":"https:\/\/wamabi.be\/site\/#\/schema\/logo\/image\/","url":"https:\/\/wamabi.be\/site\/wp-content\/cropped-cropped-Dragon-noir-et-blanc-transparent-carre-1.png","contentUrl":"https:\/\/wamabi.be\/site\/wp-content\/cropped-cropped-Dragon-noir-et-blanc-transparent-carre-1.png","width":2321,"height":2321,"caption":"Wamabi"},"image":{"@id":"https:\/\/wamabi.be\/site\/#\/schema\/logo\/image\/"}},{"@type":"Person","@id":"https:\/\/wamabi.be\/site\/#\/schema\/person\/d215542c812823ee78920d76e619749c","name":"Fred","image":{"@type":"ImageObject","inLanguage":"fr-FR","@id":"https:\/\/secure.gravatar.com\/avatar\/fc672c5d32dec8b323e48becfe5a966d7d87b500bc73ae1712919ac83cddfea3?s=96&d=mm&r=g","url":"https:\/\/secure.gravatar.com\/avatar\/fc672c5d32dec8b323e48becfe5a966d7d87b500bc73ae1712919ac83cddfea3?s=96&d=mm&r=g","contentUrl":"https:\/\/secure.gravatar.com\/avatar\/fc672c5d32dec8b323e48becfe5a966d7d87b500bc73ae1712919ac83cddfea3?s=96&d=mm&r=g","caption":"Fred"},"sameAs":["http:\/\/www.wamabi.be\/"],"url":"https:\/\/wamabi.be\/site\/author\/fred\/"}]}},"_links":{"self":[{"href":"https:\/\/wamabi.be\/site\/wp-json\/wp\/v2\/posts\/13869","targetHints":{"allow":["GET"]}}],"collection":[{"href":"https:\/\/wamabi.be\/site\/wp-json\/wp\/v2\/posts"}],"about":[{"href":"https:\/\/wamabi.be\/site\/wp-json\/wp\/v2\/types\/post"}],"author":[{"embeddable":true,"href":"https:\/\/wamabi.be\/site\/wp-json\/wp\/v2\/users\/14"}],"replies":[{"embeddable":true,"href":"https:\/\/wamabi.be\/site\/wp-json\/wp\/v2\/comments?post=13869"}],"version-history":[{"count":5,"href":"https:\/\/wamabi.be\/site\/wp-json\/wp\/v2\/posts\/13869\/revisions"}],"predecessor-version":[{"id":13881,"href":"https:\/\/wamabi.be\/site\/wp-json\/wp\/v2\/posts\/13869\/revisions\/13881"}],"wp:featuredmedia":[{"embeddable":true,"href":"https:\/\/wamabi.be\/site\/wp-json\/wp\/v2\/media\/13874"}],"wp:attachment":[{"href":"https:\/\/wamabi.be\/site\/wp-json\/wp\/v2\/media?parent=13869"}],"wp:term":[{"taxonomy":"category","embeddable":true,"href":"https:\/\/wamabi.be\/site\/wp-json\/wp\/v2\/categories?post=13869"},{"taxonomy":"post_tag","embeddable":true,"href":"https:\/\/wamabi.be\/site\/wp-json\/wp\/v2\/tags?post=13869"}],"curies":[{"name":"wp","href":"https:\/\/api.w.org\/{rel}","templated":true}]}}