{"id":13764,"date":"2024-09-08T08:33:27","date_gmt":"2024-09-08T07:33:27","guid":{"rendered":"https:\/\/wamabi.be\/site\/?p=13764"},"modified":"2024-10-17T12:10:15","modified_gmt":"2024-10-17T11:10:15","slug":"cine-debat-apres-la-pluie-par-jeremy-parotte-et-quentin-noirfalisse","status":"publish","type":"post","link":"https:\/\/wamabi.be\/site\/cine-debat-apres-la-pluie-par-jeremy-parotte-et-quentin-noirfalisse\/","title":{"rendered":"CIN\u00c9\/D\u00c9BAT \u2013 \u00ab Apr\u00e8s la pluie \u00bb par J\u00e9r\u00e9my Parotte et Quentin Noirfalisse"},"content":{"rendered":"<p><strong>La biblioth\u00e8que et la MC vous invitent \u00e0 la projection de \u00ab\u00a0<a href=\"https:\/\/www.cinergie.be\/film\/apres-la-pluie-documentaire\" target=\"_blank\" rel=\"noopener\">Apr\u00e8s la pluie<\/a>\u00ab\u00a0, un documentaire poignant sur les inondations survenues dans la vall\u00e9e de la Vesdre et de l&rsquo;Ourthe en 2021. Celle-ci se d\u00e9roule le jeudi 7 novembre \u00e0 20h au <a href=\"https:\/\/www.moviemills.be\/\" target=\"_blank\" rel=\"noopener\">cin\u00e9ma Moviemills<\/a> en pr\u00e9sence des r\u00e9alisateurs J\u00e9r\u00e9my Parotte et Quentin Noirfalisse ainsi que de Marc Elsen, psychologue de premi\u00e8re ligne du <a href=\"https:\/\/www.resme.be\/fr\/reseau-sante-mentale-de-l-est.html\" target=\"_blank\" rel=\"noopener\">R\u00e9seau sant\u00e9 mentale Est<\/a>.<br \/>\n<\/strong><\/p>\n<p><a href=\"https:\/\/wamabi.be\/site\/wp-content\/apres_la_pluie_affiche.jpg\"><img loading=\"lazy\" decoding=\"async\" class=\"alignnone wp-image-13769 size-large\" src=\"https:\/\/wamabi.be\/site\/wp-content\/apres_la_pluie_affiche-790x1024.jpg\" alt=\"\" width=\"790\" height=\"1024\" srcset=\"https:\/\/wamabi.be\/site\/wp-content\/apres_la_pluie_affiche-790x1024.jpg 790w, https:\/\/wamabi.be\/site\/wp-content\/apres_la_pluie_affiche-231x300.jpg 231w, https:\/\/wamabi.be\/site\/wp-content\/apres_la_pluie_affiche-768x996.jpg 768w, https:\/\/wamabi.be\/site\/wp-content\/apres_la_pluie_affiche.jpg 800w\" sizes=\"auto, (max-width: 790px) 100vw, 790px\" \/><\/a><\/p>\n<p><em><span class=\"ui-provider a b c d e f g h i j k l m n o p q r s t u v w x y z ab ac ae af ag ah ai aj ak\" dir=\"ltr\">C\u2019est l\u2019histoire d\u2019une crue. C\u2019est l\u2019histoire d\u2019une crise. La balafre laiss\u00e9e par les inondations de 2021 dans les vall\u00e9es de la Vesdre et de l\u2019Ourthe est encore bien l\u00e0. Quand il pleut, les gouttes rappellent les morts et les gravas. Comment se reconstruire ? Du quotidien de sinistr\u00e9s suivis au long cours aux visions d\u2019avenir d\u2019urbanistes charg\u00e9 de proposer des solutions,\u00a0Apr\u00e8s la pluie raconte les lendemains de la catastrophe climatique la plus meurtri\u00e8re de l\u2019histoire r\u00e9cente de la Belgique.<\/span><\/em><\/p>\n<p>Apr\u00e8s la projection, nous aurons l&rsquo;honneur d&rsquo;accueillir\u00a0<strong>J\u00e9r\u00e9my Parotte<\/strong>\u00a0et\u00a0<strong>Quentin Noirfalisse<\/strong>\u00a0, les r\u00e9alisateurs, ainsi que\u00a0<strong>Marc Elsen<\/strong>\u00a0, psychologue vervi\u00e9tois de premi\u00e8re ligne. Nous vous proposerons un d\u00e9bat enrichissant autour des th\u00e8mes de la r\u00e9silience, de la reconstruction et de l&rsquo;importance du lien social et du bien-\u00eatre mental. Venez poser vos questions et partager vos r\u00e9flexions !<\/p>\n<p><em><span class=\"ui-provider a b c d e f g h i j k l m n o p q r s t u v w x y z ab ac ae af ag ah ai aj ak\" dir=\"ltr\">Dur\u00e9e de la projection : 1h15 + d\u00e9bat\/\u00e9changes<\/span><\/em><\/p>\n<p>PAF : 5\u20ac &#8211; Infos et inscriptions : <a href=\"mailto:malmedy@wamabi.be\">malmedy@wamabi.be<\/a> ou 080\/799930.<\/p>\n<p>Pour rejoindre l&rsquo;<a href=\"https:\/\/www.facebook.com\/events\/1230896594602025\">\u00e9v\u00e9nement Facebook<\/a>, cliquez <a href=\"https:\/\/www.facebook.com\/events\/1230896594602025\">ICI<\/a>.<\/p>\n<p><em>Un film de J\u00e9r\u00e9my Parotte &amp; Quentin Noirfalisse<\/em><br \/>\n<em>Produit par <a href=\"https:\/\/dancingdog.be\/\" target=\"_blank\" rel=\"noopener\">Dancing Dog Productions<\/a> &amp; <a href=\"https:\/\/amerigopark.com\/\">Amerigo Park<\/a>.<\/em><br \/>\n<em>Coproduit avec la <a href=\"https:\/\/www.rtbf.be\" target=\"_blank\" rel=\"noopener\">RTBF<\/a>, <a href=\"https:\/\/www.passerelle.be\/\" target=\"_blank\" rel=\"noopener\">Les Films de la Passerelle<\/a>, <a href=\"https:\/\/www.wip.be\/\" target=\"_blank\" rel=\"noopener\">Wallonie Image Production<\/a>.<\/em><\/p>\n<p><iframe loading=\"lazy\" title=\"YouTube video player\" src=\"https:\/\/www.youtube.com\/embed\/kziq_Edc6us?si=4Y6Qge2sPqbtMVgW\" width=\"560\" height=\"315\" frameborder=\"0\" allowfullscreen=\"allowfullscreen\"><\/iframe><\/p>\n<p><em>Cette projection est organis\u00e9e en partenariat avec la Mutualit\u00e9 chr\u00e9tienne dans le cadre du <a href=\"https:\/\/www.moisdudoc.be\/\">Mois du Doc,<\/a> l&rsquo;op\u00e9ration de promotion du cin\u00e9ma belge francophone initi\u00e9e et pilot\u00e9e par le <a href=\"https:\/\/audiovisuel.cfwb.be\/\">Centre du Cin\u00e9ma et de l&rsquo;Audiovisuel<\/a> qui se d\u00e9roule tout le mois de novembre en Wallonie et \u00e0 Bruxelles. Avec le soutien de la <a href=\"https:\/\/www.scam.be\/fr\/\" target=\"_blank\" rel=\"noopener\">Scam<\/a> &#8211;\u00a0 la Soci\u00e9t\u00e9 des auteurs et autrices de litt\u00e9rature et de documentaire et du <a href=\"https:\/\/racc.be\/\">Racc<\/a>, Le R\u00e9seau d&rsquo;Action Culturelle-Cin\u00e9ma.<br \/>\n<\/em><\/p>\n","protected":false},"excerpt":{"rendered":"<p>La biblioth\u00e8que et la MC vous invitent \u00e0 la projection de \u00ab\u00a0Apr\u00e8s la pluie\u00ab\u00a0, un documentaire poignant sur les inondations survenues dans la vall\u00e9e de la Vesdre et de l&rsquo;Ourthe en 2021. Celle-ci se d\u00e9roule le jeudi 7 novembre \u00e0 20h au cin\u00e9ma Moviemills en pr\u00e9sence des r\u00e9alisateurs J\u00e9r\u00e9my Parotte et Quentin Noirfalisse ainsi que [&hellip;]<\/p>\n","protected":false},"author":14,"featured_media":13769,"comment_status":"open","ping_status":"open","sticky":false,"template":"","format":"standard","meta":{"_seopress_robots_primary_cat":"none","_seopress_titles_title":"","_seopress_titles_desc":"","_seopress_robots_index":"","footnotes":""},"categories":[1],"tags":[],"class_list":{"0":"post-13764","1":"post","2":"type-post","3":"status-publish","4":"format-standard","5":"has-post-thumbnail","7":"category-non-classe","8":"czr-hentry"},"yoast_head":"<!-- This site is optimized with the Yoast SEO plugin v27.5 - https:\/\/yoast.com\/product\/yoast-seo-wordpress\/ -->\n<title>CIN\u00c9\/D\u00c9BAT \u2013 \u00ab Apr\u00e8s la pluie \u00bb par J\u00e9r\u00e9my Parotte et Quentin Noirfalisse - Wamabi<\/title>\n<meta name=\"robots\" content=\"index, follow, max-snippet:-1, max-image-preview:large, max-video-preview:-1\" \/>\n<link rel=\"canonical\" href=\"https:\/\/wamabi.be\/site\/cine-debat-apres-la-pluie-par-jeremy-parotte-et-quentin-noirfalisse\/\" \/>\n<meta property=\"og:locale\" content=\"fr_FR\" \/>\n<meta property=\"og:type\" content=\"article\" \/>\n<meta property=\"og:title\" content=\"CIN\u00c9\/D\u00c9BAT \u2013 \u00ab Apr\u00e8s la pluie \u00bb par J\u00e9r\u00e9my Parotte et Quentin Noirfalisse - Wamabi\" \/>\n<meta property=\"og:description\" content=\"La biblioth\u00e8que et la MC vous invitent \u00e0 la projection de \u00ab\u00a0Apr\u00e8s la pluie\u00ab\u00a0, un documentaire poignant sur les inondations survenues dans la vall\u00e9e de la Vesdre et de l&rsquo;Ourthe en 2021. Celle-ci se d\u00e9roule le jeudi 7 novembre \u00e0 20h au cin\u00e9ma Moviemills en pr\u00e9sence des r\u00e9alisateurs J\u00e9r\u00e9my Parotte et Quentin Noirfalisse ainsi que [&hellip;]\" \/>\n<meta property=\"og:url\" content=\"https:\/\/wamabi.be\/site\/cine-debat-apres-la-pluie-par-jeremy-parotte-et-quentin-noirfalisse\/\" \/>\n<meta property=\"og:site_name\" content=\"Wamabi\" \/>\n<meta property=\"article:published_time\" content=\"2024-09-08T07:33:27+00:00\" \/>\n<meta property=\"article:modified_time\" content=\"2024-10-17T11:10:15+00:00\" \/>\n<meta property=\"og:image\" content=\"https:\/\/wamabi.be\/site\/wp-content\/apres_la_pluie_affiche.jpg\" \/>\n\t<meta property=\"og:image:width\" content=\"800\" \/>\n\t<meta property=\"og:image:height\" content=\"1037\" \/>\n\t<meta property=\"og:image:type\" content=\"image\/jpeg\" \/>\n<meta name=\"author\" content=\"Fred\" \/>\n<meta name=\"twitter:card\" content=\"summary_large_image\" \/>\n<meta name=\"twitter:label1\" content=\"\u00c9crit par\" \/>\n\t<meta name=\"twitter:data1\" content=\"Fred\" \/>\n\t<meta name=\"twitter:label2\" content=\"Dur\u00e9e de lecture estim\u00e9e\" \/>\n\t<meta name=\"twitter:data2\" content=\"3 minutes\" \/>\n<script type=\"application\/ld+json\" class=\"yoast-schema-graph\">{\"@context\":\"https:\\\/\\\/schema.org\",\"@graph\":[{\"@type\":\"Article\",\"@id\":\"https:\\\/\\\/wamabi.be\\\/site\\\/cine-debat-apres-la-pluie-par-jeremy-parotte-et-quentin-noirfalisse\\\/#article\",\"isPartOf\":{\"@id\":\"https:\\\/\\\/wamabi.be\\\/site\\\/cine-debat-apres-la-pluie-par-jeremy-parotte-et-quentin-noirfalisse\\\/\"},\"author\":{\"name\":\"Fred\",\"@id\":\"https:\\\/\\\/wamabi.be\\\/site\\\/#\\\/schema\\\/person\\\/d215542c812823ee78920d76e619749c\"},\"headline\":\"CIN\u00c9\\\/D\u00c9BAT \u2013 \u00ab Apr\u00e8s la pluie \u00bb par J\u00e9r\u00e9my Parotte et Quentin Noirfalisse\",\"datePublished\":\"2024-09-08T07:33:27+00:00\",\"dateModified\":\"2024-10-17T11:10:15+00:00\",\"mainEntityOfPage\":{\"@id\":\"https:\\\/\\\/wamabi.be\\\/site\\\/cine-debat-apres-la-pluie-par-jeremy-parotte-et-quentin-noirfalisse\\\/\"},\"wordCount\":397,\"commentCount\":0,\"publisher\":{\"@id\":\"https:\\\/\\\/wamabi.be\\\/site\\\/#organization\"},\"image\":{\"@id\":\"https:\\\/\\\/wamabi.be\\\/site\\\/cine-debat-apres-la-pluie-par-jeremy-parotte-et-quentin-noirfalisse\\\/#primaryimage\"},\"thumbnailUrl\":\"https:\\\/\\\/wamabi.be\\\/site\\\/wp-content\\\/apres_la_pluie_affiche.jpg\",\"inLanguage\":\"fr-FR\",\"potentialAction\":[{\"@type\":\"CommentAction\",\"name\":\"Comment\",\"target\":[\"https:\\\/\\\/wamabi.be\\\/site\\\/cine-debat-apres-la-pluie-par-jeremy-parotte-et-quentin-noirfalisse\\\/#respond\"]}]},{\"@type\":\"WebPage\",\"@id\":\"https:\\\/\\\/wamabi.be\\\/site\\\/cine-debat-apres-la-pluie-par-jeremy-parotte-et-quentin-noirfalisse\\\/\",\"url\":\"https:\\\/\\\/wamabi.be\\\/site\\\/cine-debat-apres-la-pluie-par-jeremy-parotte-et-quentin-noirfalisse\\\/\",\"name\":\"CIN\u00c9\\\/D\u00c9BAT \u2013 \u00ab Apr\u00e8s la pluie \u00bb par J\u00e9r\u00e9my Parotte et Quentin Noirfalisse - Wamabi\",\"isPartOf\":{\"@id\":\"https:\\\/\\\/wamabi.be\\\/site\\\/#website\"},\"primaryImageOfPage\":{\"@id\":\"https:\\\/\\\/wamabi.be\\\/site\\\/cine-debat-apres-la-pluie-par-jeremy-parotte-et-quentin-noirfalisse\\\/#primaryimage\"},\"image\":{\"@id\":\"https:\\\/\\\/wamabi.be\\\/site\\\/cine-debat-apres-la-pluie-par-jeremy-parotte-et-quentin-noirfalisse\\\/#primaryimage\"},\"thumbnailUrl\":\"https:\\\/\\\/wamabi.be\\\/site\\\/wp-content\\\/apres_la_pluie_affiche.jpg\",\"datePublished\":\"2024-09-08T07:33:27+00:00\",\"dateModified\":\"2024-10-17T11:10:15+00:00\",\"breadcrumb\":{\"@id\":\"https:\\\/\\\/wamabi.be\\\/site\\\/cine-debat-apres-la-pluie-par-jeremy-parotte-et-quentin-noirfalisse\\\/#breadcrumb\"},\"inLanguage\":\"fr-FR\",\"potentialAction\":[{\"@type\":\"ReadAction\",\"target\":[\"https:\\\/\\\/wamabi.be\\\/site\\\/cine-debat-apres-la-pluie-par-jeremy-parotte-et-quentin-noirfalisse\\\/\"]}]},{\"@type\":\"ImageObject\",\"inLanguage\":\"fr-FR\",\"@id\":\"https:\\\/\\\/wamabi.be\\\/site\\\/cine-debat-apres-la-pluie-par-jeremy-parotte-et-quentin-noirfalisse\\\/#primaryimage\",\"url\":\"https:\\\/\\\/wamabi.be\\\/site\\\/wp-content\\\/apres_la_pluie_affiche.jpg\",\"contentUrl\":\"https:\\\/\\\/wamabi.be\\\/site\\\/wp-content\\\/apres_la_pluie_affiche.jpg\",\"width\":800,\"height\":1037},{\"@type\":\"BreadcrumbList\",\"@id\":\"https:\\\/\\\/wamabi.be\\\/site\\\/cine-debat-apres-la-pluie-par-jeremy-parotte-et-quentin-noirfalisse\\\/#breadcrumb\",\"itemListElement\":[{\"@type\":\"ListItem\",\"position\":1,\"name\":\"Accueil\",\"item\":\"https:\\\/\\\/wamabi.be\\\/site\\\/\"},{\"@type\":\"ListItem\",\"position\":2,\"name\":\"CIN\u00c9\\\/D\u00c9BAT \u2013 \u00ab Apr\u00e8s la pluie \u00bb par J\u00e9r\u00e9my Parotte et Quentin Noirfalisse\"}]},{\"@type\":\"WebSite\",\"@id\":\"https:\\\/\\\/wamabi.be\\\/site\\\/#website\",\"url\":\"https:\\\/\\\/wamabi.be\\\/site\\\/\",\"name\":\"Wamabi\",\"description\":\"Wamabi - Biblioth\u00e8ques de Waimes et de Malmedy\",\"publisher\":{\"@id\":\"https:\\\/\\\/wamabi.be\\\/site\\\/#organization\"},\"potentialAction\":[{\"@type\":\"SearchAction\",\"target\":{\"@type\":\"EntryPoint\",\"urlTemplate\":\"https:\\\/\\\/wamabi.be\\\/site\\\/?s={search_term_string}\"},\"query-input\":{\"@type\":\"PropertyValueSpecification\",\"valueRequired\":true,\"valueName\":\"search_term_string\"}}],\"inLanguage\":\"fr-FR\"},{\"@type\":\"Organization\",\"@id\":\"https:\\\/\\\/wamabi.be\\\/site\\\/#organization\",\"name\":\"Wamabi\",\"url\":\"https:\\\/\\\/wamabi.be\\\/site\\\/\",\"logo\":{\"@type\":\"ImageObject\",\"inLanguage\":\"fr-FR\",\"@id\":\"https:\\\/\\\/wamabi.be\\\/site\\\/#\\\/schema\\\/logo\\\/image\\\/\",\"url\":\"https:\\\/\\\/wamabi.be\\\/site\\\/wp-content\\\/cropped-cropped-Dragon-noir-et-blanc-transparent-carre-1.png\",\"contentUrl\":\"https:\\\/\\\/wamabi.be\\\/site\\\/wp-content\\\/cropped-cropped-Dragon-noir-et-blanc-transparent-carre-1.png\",\"width\":2321,\"height\":2321,\"caption\":\"Wamabi\"},\"image\":{\"@id\":\"https:\\\/\\\/wamabi.be\\\/site\\\/#\\\/schema\\\/logo\\\/image\\\/\"}},{\"@type\":\"Person\",\"@id\":\"https:\\\/\\\/wamabi.be\\\/site\\\/#\\\/schema\\\/person\\\/d215542c812823ee78920d76e619749c\",\"name\":\"Fred\",\"image\":{\"@type\":\"ImageObject\",\"inLanguage\":\"fr-FR\",\"@id\":\"https:\\\/\\\/secure.gravatar.com\\\/avatar\\\/fc672c5d32dec8b323e48becfe5a966d7d87b500bc73ae1712919ac83cddfea3?s=96&d=mm&r=g\",\"url\":\"https:\\\/\\\/secure.gravatar.com\\\/avatar\\\/fc672c5d32dec8b323e48becfe5a966d7d87b500bc73ae1712919ac83cddfea3?s=96&d=mm&r=g\",\"contentUrl\":\"https:\\\/\\\/secure.gravatar.com\\\/avatar\\\/fc672c5d32dec8b323e48becfe5a966d7d87b500bc73ae1712919ac83cddfea3?s=96&d=mm&r=g\",\"caption\":\"Fred\"},\"sameAs\":[\"http:\\\/\\\/www.wamabi.be\\\/\"],\"url\":\"https:\\\/\\\/wamabi.be\\\/site\\\/author\\\/fred\\\/\"}]}<\/script>\n<!-- \/ Yoast SEO plugin. -->","yoast_head_json":{"title":"CIN\u00c9\/D\u00c9BAT \u2013 \u00ab Apr\u00e8s la pluie \u00bb par J\u00e9r\u00e9my Parotte et Quentin Noirfalisse - Wamabi","robots":{"index":"index","follow":"follow","max-snippet":"max-snippet:-1","max-image-preview":"max-image-preview:large","max-video-preview":"max-video-preview:-1"},"canonical":"https:\/\/wamabi.be\/site\/cine-debat-apres-la-pluie-par-jeremy-parotte-et-quentin-noirfalisse\/","og_locale":"fr_FR","og_type":"article","og_title":"CIN\u00c9\/D\u00c9BAT \u2013 \u00ab Apr\u00e8s la pluie \u00bb par J\u00e9r\u00e9my Parotte et Quentin Noirfalisse - Wamabi","og_description":"La biblioth\u00e8que et la MC vous invitent \u00e0 la projection de \u00ab\u00a0Apr\u00e8s la pluie\u00ab\u00a0, un documentaire poignant sur les inondations survenues dans la vall\u00e9e de la Vesdre et de l&rsquo;Ourthe en 2021. Celle-ci se d\u00e9roule le jeudi 7 novembre \u00e0 20h au cin\u00e9ma Moviemills en pr\u00e9sence des r\u00e9alisateurs J\u00e9r\u00e9my Parotte et Quentin Noirfalisse ainsi que [&hellip;]","og_url":"https:\/\/wamabi.be\/site\/cine-debat-apres-la-pluie-par-jeremy-parotte-et-quentin-noirfalisse\/","og_site_name":"Wamabi","article_published_time":"2024-09-08T07:33:27+00:00","article_modified_time":"2024-10-17T11:10:15+00:00","og_image":[{"width":800,"height":1037,"url":"https:\/\/wamabi.be\/site\/wp-content\/apres_la_pluie_affiche.jpg","type":"image\/jpeg"}],"author":"Fred","twitter_card":"summary_large_image","twitter_misc":{"\u00c9crit par":"Fred","Dur\u00e9e de lecture estim\u00e9e":"3 minutes"},"schema":{"@context":"https:\/\/schema.org","@graph":[{"@type":"Article","@id":"https:\/\/wamabi.be\/site\/cine-debat-apres-la-pluie-par-jeremy-parotte-et-quentin-noirfalisse\/#article","isPartOf":{"@id":"https:\/\/wamabi.be\/site\/cine-debat-apres-la-pluie-par-jeremy-parotte-et-quentin-noirfalisse\/"},"author":{"name":"Fred","@id":"https:\/\/wamabi.be\/site\/#\/schema\/person\/d215542c812823ee78920d76e619749c"},"headline":"CIN\u00c9\/D\u00c9BAT \u2013 \u00ab Apr\u00e8s la pluie \u00bb par J\u00e9r\u00e9my Parotte et Quentin Noirfalisse","datePublished":"2024-09-08T07:33:27+00:00","dateModified":"2024-10-17T11:10:15+00:00","mainEntityOfPage":{"@id":"https:\/\/wamabi.be\/site\/cine-debat-apres-la-pluie-par-jeremy-parotte-et-quentin-noirfalisse\/"},"wordCount":397,"commentCount":0,"publisher":{"@id":"https:\/\/wamabi.be\/site\/#organization"},"image":{"@id":"https:\/\/wamabi.be\/site\/cine-debat-apres-la-pluie-par-jeremy-parotte-et-quentin-noirfalisse\/#primaryimage"},"thumbnailUrl":"https:\/\/wamabi.be\/site\/wp-content\/apres_la_pluie_affiche.jpg","inLanguage":"fr-FR","potentialAction":[{"@type":"CommentAction","name":"Comment","target":["https:\/\/wamabi.be\/site\/cine-debat-apres-la-pluie-par-jeremy-parotte-et-quentin-noirfalisse\/#respond"]}]},{"@type":"WebPage","@id":"https:\/\/wamabi.be\/site\/cine-debat-apres-la-pluie-par-jeremy-parotte-et-quentin-noirfalisse\/","url":"https:\/\/wamabi.be\/site\/cine-debat-apres-la-pluie-par-jeremy-parotte-et-quentin-noirfalisse\/","name":"CIN\u00c9\/D\u00c9BAT \u2013 \u00ab Apr\u00e8s la pluie \u00bb par J\u00e9r\u00e9my Parotte et Quentin Noirfalisse - Wamabi","isPartOf":{"@id":"https:\/\/wamabi.be\/site\/#website"},"primaryImageOfPage":{"@id":"https:\/\/wamabi.be\/site\/cine-debat-apres-la-pluie-par-jeremy-parotte-et-quentin-noirfalisse\/#primaryimage"},"image":{"@id":"https:\/\/wamabi.be\/site\/cine-debat-apres-la-pluie-par-jeremy-parotte-et-quentin-noirfalisse\/#primaryimage"},"thumbnailUrl":"https:\/\/wamabi.be\/site\/wp-content\/apres_la_pluie_affiche.jpg","datePublished":"2024-09-08T07:33:27+00:00","dateModified":"2024-10-17T11:10:15+00:00","breadcrumb":{"@id":"https:\/\/wamabi.be\/site\/cine-debat-apres-la-pluie-par-jeremy-parotte-et-quentin-noirfalisse\/#breadcrumb"},"inLanguage":"fr-FR","potentialAction":[{"@type":"ReadAction","target":["https:\/\/wamabi.be\/site\/cine-debat-apres-la-pluie-par-jeremy-parotte-et-quentin-noirfalisse\/"]}]},{"@type":"ImageObject","inLanguage":"fr-FR","@id":"https:\/\/wamabi.be\/site\/cine-debat-apres-la-pluie-par-jeremy-parotte-et-quentin-noirfalisse\/#primaryimage","url":"https:\/\/wamabi.be\/site\/wp-content\/apres_la_pluie_affiche.jpg","contentUrl":"https:\/\/wamabi.be\/site\/wp-content\/apres_la_pluie_affiche.jpg","width":800,"height":1037},{"@type":"BreadcrumbList","@id":"https:\/\/wamabi.be\/site\/cine-debat-apres-la-pluie-par-jeremy-parotte-et-quentin-noirfalisse\/#breadcrumb","itemListElement":[{"@type":"ListItem","position":1,"name":"Accueil","item":"https:\/\/wamabi.be\/site\/"},{"@type":"ListItem","position":2,"name":"CIN\u00c9\/D\u00c9BAT \u2013 \u00ab Apr\u00e8s la pluie \u00bb par J\u00e9r\u00e9my Parotte et Quentin Noirfalisse"}]},{"@type":"WebSite","@id":"https:\/\/wamabi.be\/site\/#website","url":"https:\/\/wamabi.be\/site\/","name":"Wamabi","description":"Wamabi - Biblioth\u00e8ques de Waimes et de Malmedy","publisher":{"@id":"https:\/\/wamabi.be\/site\/#organization"},"potentialAction":[{"@type":"SearchAction","target":{"@type":"EntryPoint","urlTemplate":"https:\/\/wamabi.be\/site\/?s={search_term_string}"},"query-input":{"@type":"PropertyValueSpecification","valueRequired":true,"valueName":"search_term_string"}}],"inLanguage":"fr-FR"},{"@type":"Organization","@id":"https:\/\/wamabi.be\/site\/#organization","name":"Wamabi","url":"https:\/\/wamabi.be\/site\/","logo":{"@type":"ImageObject","inLanguage":"fr-FR","@id":"https:\/\/wamabi.be\/site\/#\/schema\/logo\/image\/","url":"https:\/\/wamabi.be\/site\/wp-content\/cropped-cropped-Dragon-noir-et-blanc-transparent-carre-1.png","contentUrl":"https:\/\/wamabi.be\/site\/wp-content\/cropped-cropped-Dragon-noir-et-blanc-transparent-carre-1.png","width":2321,"height":2321,"caption":"Wamabi"},"image":{"@id":"https:\/\/wamabi.be\/site\/#\/schema\/logo\/image\/"}},{"@type":"Person","@id":"https:\/\/wamabi.be\/site\/#\/schema\/person\/d215542c812823ee78920d76e619749c","name":"Fred","image":{"@type":"ImageObject","inLanguage":"fr-FR","@id":"https:\/\/secure.gravatar.com\/avatar\/fc672c5d32dec8b323e48becfe5a966d7d87b500bc73ae1712919ac83cddfea3?s=96&d=mm&r=g","url":"https:\/\/secure.gravatar.com\/avatar\/fc672c5d32dec8b323e48becfe5a966d7d87b500bc73ae1712919ac83cddfea3?s=96&d=mm&r=g","contentUrl":"https:\/\/secure.gravatar.com\/avatar\/fc672c5d32dec8b323e48becfe5a966d7d87b500bc73ae1712919ac83cddfea3?s=96&d=mm&r=g","caption":"Fred"},"sameAs":["http:\/\/www.wamabi.be\/"],"url":"https:\/\/wamabi.be\/site\/author\/fred\/"}]}},"_links":{"self":[{"href":"https:\/\/wamabi.be\/site\/wp-json\/wp\/v2\/posts\/13764","targetHints":{"allow":["GET"]}}],"collection":[{"href":"https:\/\/wamabi.be\/site\/wp-json\/wp\/v2\/posts"}],"about":[{"href":"https:\/\/wamabi.be\/site\/wp-json\/wp\/v2\/types\/post"}],"author":[{"embeddable":true,"href":"https:\/\/wamabi.be\/site\/wp-json\/wp\/v2\/users\/14"}],"replies":[{"embeddable":true,"href":"https:\/\/wamabi.be\/site\/wp-json\/wp\/v2\/comments?post=13764"}],"version-history":[{"count":6,"href":"https:\/\/wamabi.be\/site\/wp-json\/wp\/v2\/posts\/13764\/revisions"}],"predecessor-version":[{"id":13887,"href":"https:\/\/wamabi.be\/site\/wp-json\/wp\/v2\/posts\/13764\/revisions\/13887"}],"wp:featuredmedia":[{"embeddable":true,"href":"https:\/\/wamabi.be\/site\/wp-json\/wp\/v2\/media\/13769"}],"wp:attachment":[{"href":"https:\/\/wamabi.be\/site\/wp-json\/wp\/v2\/media?parent=13764"}],"wp:term":[{"taxonomy":"category","embeddable":true,"href":"https:\/\/wamabi.be\/site\/wp-json\/wp\/v2\/categories?post=13764"},{"taxonomy":"post_tag","embeddable":true,"href":"https:\/\/wamabi.be\/site\/wp-json\/wp\/v2\/tags?post=13764"}],"curies":[{"name":"wp","href":"https:\/\/api.w.org\/{rel}","templated":true}]}}