{"id":13055,"date":"2023-06-13T14:27:07","date_gmt":"2023-06-13T13:27:07","guid":{"rendered":"https:\/\/wamabi.be\/site\/?p=13055"},"modified":"2023-07-13T12:42:16","modified_gmt":"2023-07-13T11:42:16","slug":"animations-puddingstone-festival-a-waimes-et-malmedy-2023","status":"publish","type":"post","link":"https:\/\/wamabi.be\/site\/animations-puddingstone-festival-a-waimes-et-malmedy-2023\/","title":{"rendered":"ANIMATIONS \u2013 Puddingstone Festival \u00e0 Waimes et Malmedy [2023]"},"content":{"rendered":"<p><strong><span class=\"author-a-z81z8sz85zz86zqgsez71zz70zqqz68zz74zz87z\">(Quasi) tous les jeudis de l\u2019\u00e9t\u00e9, retrouvez les biblioth\u00e8ques dans les parcs\u00a0 pour la quatri\u00e8me \u00e9dition du <span class=\"x_x_x_author-a-z81z8sz85zz86zqgsez71zz70zqqz68zz74zz87z\">\u00ab <a href=\"https:\/\/wamabi.be\/site\/animations-puddingstone-festival-a-waimes-et-malmedy-2023\/flyer2023recto\/\" target=\"_blank\" rel=\"noopener\">Puddingstone Festival<\/a> \u00bb, le festival des arts vivants \u00e0 Malmedy et Waimes<\/span>. Au programme : lectures, contes, spectacle clownesque, musique, marionnettes, th\u00e9\u00e2tre de rue\u2026 <span class=\"d2edcug0 hpfvmrgz qv66sw1b c1et5uql lr9zc1uh a8c37x1j keod5gw0 nxhoafnm aigsh9s9 d3f4x2em fe6kdd0r mau55g9w c8b282yb iv3no6db jq4qci2q a3bd9o3v knj5qynh oo9gr5id hzawbc8m\" dir=\"auto\">A vos yeux et vos oreilles ! Nous vous attendons d\u00e8s 14h pour partager un moment de lecture et de d\u00e9tente sous un parasol (dans le cadre de <a href=\"https:\/\/www.ibbybelgiumfrancophone.org\/lire-dans-les-parcs\" target=\"_blank\" rel=\"noopener\">Lire dans les Parcs<\/a>) tandis que les spectacles d\u00e9butent \u00e0 15h. \u00c9v\u00e9nements gratuits. En cas d\u2019intemp\u00e9ries, les spectacles seront maintenus (\u00e0 l\u2019abri). Avec le soutien de la F\u00e9d\u00e9ration Wallonie-Bruxelles et la Province de Li\u00e8ge.<br \/>\n<\/span><\/span><\/strong><\/p>\n<p><a href=\"https:\/\/wamabi.be\/site\/wp-content\/LDP2023_Wallonie_banni_re_FB.png\"><img loading=\"lazy\" decoding=\"async\" class=\"alignnone wp-image-13101 size-large\" src=\"https:\/\/wamabi.be\/site\/wp-content\/LDP2023_Wallonie_banni_re_FB-1024x577.png\" alt=\"\" width=\"1024\" height=\"577\" srcset=\"https:\/\/wamabi.be\/site\/wp-content\/LDP2023_Wallonie_banni_re_FB-1024x577.png 1024w, https:\/\/wamabi.be\/site\/wp-content\/LDP2023_Wallonie_banni_re_FB-300x169.png 300w, https:\/\/wamabi.be\/site\/wp-content\/LDP2023_Wallonie_banni_re_FB-768x433.png 768w, https:\/\/wamabi.be\/site\/wp-content\/LDP2023_Wallonie_banni_re_FB-1536x865.png 1536w, https:\/\/wamabi.be\/site\/wp-content\/LDP2023_Wallonie_banni_re_FB-1110x624.png 1110w, https:\/\/wamabi.be\/site\/wp-content\/LDP2023_Wallonie_banni_re_FB-528x297.png 528w, https:\/\/wamabi.be\/site\/wp-content\/LDP2023_Wallonie_banni_re_FB.png 1640w\" sizes=\"auto, (max-width: 1024px) 100vw, 1024px\" \/><\/a><\/p>\n<p><strong>13\/07 \u00e0 15h &#8211; \u00a0\u00bb <a href=\"https:\/\/theatremagnetic.be\/et-les-7-nains\/\">Et les 7 nains<\/a> &amp;<a href=\"https:\/\/theatremagnetic.be\/3-petits-cochons\/\"> 3 petits cochons<\/a> \u00a0\u00bb par le Th\u00e9\u00e2tre Magn\u00e9tic [Th\u00e9\u00e2tre de\u00a0 marionnettes &amp; objets]<\/strong><\/p>\n<p><a href=\"https:\/\/wamabi.be\/site\/animations-puddingstone-festival-a-waimes-et-malmedy-2023\/et-les-7-nains-bernard-boudru-la-grande-echelle-1280x755\/\" rel=\"attachment wp-att-13078\"><img loading=\"lazy\" decoding=\"async\" class=\"alignleft wp-image-13078 size-medium\" src=\"https:\/\/wamabi.be\/site\/wp-content\/Et-les-7-nains-\u00a9-Bernard-Boudru-La-Grande-Echelle-1280x755-1-300x177.jpg\" alt=\"\" width=\"300\" height=\"177\" srcset=\"https:\/\/wamabi.be\/site\/wp-content\/Et-les-7-nains-\u00a9-Bernard-Boudru-La-Grande-Echelle-1280x755-1-300x177.jpg 300w, https:\/\/wamabi.be\/site\/wp-content\/Et-les-7-nains-\u00a9-Bernard-Boudru-La-Grande-Echelle-1280x755-1-1024x604.jpg 1024w, https:\/\/wamabi.be\/site\/wp-content\/Et-les-7-nains-\u00a9-Bernard-Boudru-La-Grande-Echelle-1280x755-1-768x453.jpg 768w, https:\/\/wamabi.be\/site\/wp-content\/Et-les-7-nains-\u00a9-Bernard-Boudru-La-Grande-Echelle-1280x755-1.jpg 1280w\" sizes=\"auto, (max-width: 300px) 100vw, 300px\" \/><\/a><\/p>\n<p>&nbsp;<\/p>\n<p>&nbsp;<\/p>\n<p>&nbsp;<\/p>\n<p>&nbsp;<\/p>\n<p><i>Et les 7 nains<\/i> &#8211; \u00catre belle, c\u2019est bien, mais \u00eatre la plus belle, c\u2019est dangereux. Pour ne pas risquer sa vie, Blanche-Neige va se cacher dans la for\u00eat o\u00f9 elle trouvera des alli\u00e9s de taille\u2026<\/p>\n<p><i>3 petits cochons<\/i> &#8211; Trois petits cochons un peu paum\u00e9s construisent leurs maisons pr\u00e8s de la for\u00eat. Mais dans la for\u00eat, \u00e7a sent le sapin, car un loup y vit, et il est malin!<\/p>\n<p><em>Lieu :\u00a0<a href=\"https:\/\/www.google.com\/maps\/place\/R%C3%A9sidence+Les+Jardins+D'%C3%89lisabeth\/@50.4140986,6.1083046,15z\/data=!4m5!3m4!1s0x0:0xc55af3702ad92ca5!8m2!3d50.4140825!4d6.1083111\">Parc des Jardins d\u2019Elisabeth<\/a>\u00a0(Waimes) | Dur\u00e9e : 55 minutes | d\u00e8s 8 ans<\/em><\/p>\n<p>&nbsp;<\/p>\n<p><strong>20\/07 \u00e0 15h &#8211; \u00ab\u00a0<a href=\"https:\/\/www.lesbonimenteurs.be\/les-lecteurs-publics\/#:~:text=Vous%20serez%20r%C3%A9unis%20%C3%A0%20150,pour%20partir%20%C3%A0%20l'aventure%E2%80%A6&amp;text=car%20Les%20Lecteurs%20Publics%20seront%20partout%20!\">Les lecteurs publics<\/a>\u00a0\u00bb par la Compagnie des Bonimenteurs [Th\u00e9\u00e2tre de rue]<\/strong><\/p>\n<figure id=\"attachment_13077\" aria-describedby=\"caption-attachment-13077\" style=\"width: 279px\" class=\"wp-caption alignleft\"><a href=\"https:\/\/wamabi.be\/site\/animations-puddingstone-festival-a-waimes-et-malmedy-2023\/lecteurspublics_20180510_00466-2\/\" rel=\"attachment wp-att-13077\"><img loading=\"lazy\" decoding=\"async\" class=\"wp-image-13077 \" src=\"https:\/\/wamabi.be\/site\/wp-content\/LecteursPublics_20180510_00466-1-300x200.jpg\" alt=\"\" width=\"279\" height=\"186\" srcset=\"https:\/\/wamabi.be\/site\/wp-content\/LecteursPublics_20180510_00466-1-300x200.jpg 300w, https:\/\/wamabi.be\/site\/wp-content\/LecteursPublics_20180510_00466-1-1024x683.jpg 1024w, https:\/\/wamabi.be\/site\/wp-content\/LecteursPublics_20180510_00466-1-768x512.jpg 768w, https:\/\/wamabi.be\/site\/wp-content\/LecteursPublics_20180510_00466-1-1536x1024.jpg 1536w, https:\/\/wamabi.be\/site\/wp-content\/LecteursPublics_20180510_00466-1-2048x1366.jpg 2048w\" sizes=\"auto, (max-width: 279px) 100vw, 279px\" \/><\/a><figcaption id=\"caption-attachment-13077\" class=\"wp-caption-text\">\u00a9 Olivier Calicis<\/figcaption><\/figure>\n<p>&nbsp;<\/p>\n<p>&nbsp;<\/p>\n<p>&nbsp;<\/p>\n<p>&nbsp;<\/p>\n<p>&nbsp;<\/p>\n<p>&nbsp;<\/p>\n<p>Qu&rsquo;importe la fa\u00e7on pourvu qu&rsquo;elle soit livresque !<\/p>\n<p>Lire est une f\u00eate, la f\u00eate une libert\u00e9.<\/p>\n<p>Les Lecteurs Publics useront de tous les moyens possibles pour atteindre leur but : donner une voix aux textes de leur choix.<\/p>\n<p><em>Lieu :\u00a0<a href=\"https:\/\/www.google.com\/maps\/place\/R%C3%A9sidence+Les+Jardins+D'%C3%89lisabeth\/@50.4140986,6.1083046,15z\/data=!4m5!3m4!1s0x0:0xc55af3702ad92ca5!8m2!3d50.4140825!4d6.1083111\">Parc des Jardins d\u2019Elisabeth<\/a>\u00a0(Waimes) | Dur\u00e9e : 30 minutes | Tout public<\/em><\/p>\n<p>&nbsp;<\/p>\n<p><strong>27\/07 \u00e0 15h \u2013 \u00ab\u00a0<a href=\"https:\/\/cieouimais.eu\/fr\/gravedure\/\">Gravedure<\/a> \u00a0\u00bb par la Compagnie oui ! mais&#8230; [Spectacle de rue &amp; Atelier]<\/strong><\/p>\n<p><a href=\"https:\/\/wamabi.be\/site\/animations-puddingstone-festival-a-waimes-et-malmedy-2023\/gravedure\/\" rel=\"attachment wp-att-13079\"><img loading=\"lazy\" decoding=\"async\" class=\"alignleft wp-image-13079\" src=\"https:\/\/wamabi.be\/site\/wp-content\/Gravedure-300x170.jpg\" alt=\"\" width=\"354\" height=\"200\" srcset=\"https:\/\/wamabi.be\/site\/wp-content\/Gravedure-300x170.jpg 300w, https:\/\/wamabi.be\/site\/wp-content\/Gravedure-1024x579.jpg 1024w, https:\/\/wamabi.be\/site\/wp-content\/Gravedure-768x434.jpg 768w, https:\/\/wamabi.be\/site\/wp-content\/Gravedure-1536x868.jpg 1536w, https:\/\/wamabi.be\/site\/wp-content\/Gravedure-2048x1157.jpg 2048w, https:\/\/wamabi.be\/site\/wp-content\/Gravedure-1110x624.jpg 1110w, https:\/\/wamabi.be\/site\/wp-content\/Gravedure-528x297.jpg 528w\" sizes=\"auto, (max-width: 354px) 100vw, 354px\" \/><\/a><\/p>\n<p>&nbsp;<\/p>\n<p>&nbsp;<\/p>\n<p>&nbsp;<\/p>\n<p>&nbsp;<\/p>\n<p>&nbsp;<\/p>\n<p>Vous avez toujours voulu apprendre \u00e0 faire de la gravure, \u00e0 jouer avec des caract\u00e8res pour imprimer des textes, \u00e0 r\u00e9v\u00e9ler l\u2019estampe sur le papier ?<\/p>\n<p>Ce spectacle est pour vous !<\/p>\n<p>Venez d\u00e9couvrir GRAVEDURE, vivre GRAVEDURE et vous serez des graveurs experts en la mati\u00e8re en moins d\u2019une heure !<\/p>\n<p><em>Lieu :\u00a0<a href=\"https:\/\/www.google.com\/maps\/place\/R%C3%A9sidence+Les+Jardins+D'%C3%89lisabeth\/@50.4140986,6.1083046,15z\/data=!4m5!3m4!1s0x0:0xc55af3702ad92ca5!8m2!3d50.4140825!4d6.1083111\">Parc des Jardins d\u2019Elisabeth<\/a>\u00a0(Waimes) | Dur\u00e9e : 60 minutes | d\u00e8s 4 ans<\/em><\/p>\n<p>&nbsp;<\/p>\n<p><strong>03\/08 \u00e0 15h \u2013 \u00ab\u00a0<a href=\"http:\/\/ciebalancetoi.eu\/index.php\/le-spectacle\/trois-tetes-et-un-chapeau\/\" target=\"_blank\" rel=\"noopener\">Trois t\u00eates et un chapeau<\/a>\u00a0\u00bb par la Compagnie Balance toi [Cirque]<br \/>\n<\/strong><\/p>\n<figure id=\"attachment_13083\" aria-describedby=\"caption-attachment-13083\" style=\"width: 200px\" class=\"wp-caption alignnone\"><a href=\"https:\/\/wamabi.be\/site\/wp-content\/MarineVasbinderCieBalancetoi21-scaled.jpg\"><img loading=\"lazy\" decoding=\"async\" class=\"size-medium wp-image-13083\" src=\"https:\/\/wamabi.be\/site\/wp-content\/MarineVasbinderCieBalancetoi21-200x300.jpg\" alt=\"\" width=\"200\" height=\"300\" srcset=\"https:\/\/wamabi.be\/site\/wp-content\/MarineVasbinderCieBalancetoi21-200x300.jpg 200w, https:\/\/wamabi.be\/site\/wp-content\/MarineVasbinderCieBalancetoi21-683x1024.jpg 683w, https:\/\/wamabi.be\/site\/wp-content\/MarineVasbinderCieBalancetoi21-768x1152.jpg 768w, https:\/\/wamabi.be\/site\/wp-content\/MarineVasbinderCieBalancetoi21-1024x1536.jpg 1024w, https:\/\/wamabi.be\/site\/wp-content\/MarineVasbinderCieBalancetoi21-1365x2048.jpg 1365w, https:\/\/wamabi.be\/site\/wp-content\/MarineVasbinderCieBalancetoi21-scaled.jpg 1707w\" sizes=\"auto, (max-width: 200px) 100vw, 200px\" \/><\/a><figcaption id=\"caption-attachment-13083\" class=\"wp-caption-text\">\u00a9 Marine Vasbinder<\/figcaption><\/figure>\n<p>Trois artistes ultra entrain\u00e9s et hyper motiv\u00e9s, une d\u00e9licate structure aux formes \u00e9lanc\u00e9es, une sc\u00e8ne immacul\u00e9e, tout est pr\u00eat pour atteindre la perfection! Car c&rsquo;est bien elle que visent Jenny, Josette, et J\u00e9r\u00f4me!!! La repr\u00e9sentation ultime, parfaite, pleine d&rsquo;accros mais sans accroc!!!<\/p>\n<p>\u00ab\u00a0Trois t\u00eates et un chapeau\u00a0\u00bb est un spectacle visuel et sans parole ou se m\u00ealent port\u00e9s acrobatiques, corde molle et jonglerie ; le tout empreint d&rsquo;humour et de l\u00e9g\u00e8ret\u00e9. Pour toute la famille!<\/p>\n<p><em>Lieu : Parc Cath\u00e9drale (Malmedy) | Dur\u00e9e : 30 minutes | Tout public | En partenariat avec l\u2019<a href=\"https:\/\/www.facebook.com\/people\/asbl-Options-Malmedy\/100064401950835\/\" target=\"_blank\" rel=\"noopener\">asbl Options<\/a>.<\/em><\/p>\n<p>&nbsp;<\/p>\n<p><strong>Dimanche 13\/08 \u00e0 14h \u2013 \u00ab\u00a0<a href=\"https:\/\/www.facebook.com\/banditsbanditsbandits\" target=\"_blank\" rel=\"noopener\">Bandits<\/a>\u00a0\u00bb [En concert]<\/strong><\/p>\n<p><a href=\"https:\/\/wamabi.be\/site\/wp-content\/bandits3.jpg\"><img loading=\"lazy\" decoding=\"async\" class=\"size-medium wp-image-13085\" src=\"https:\/\/wamabi.be\/site\/wp-content\/bandits3-300x225.jpg\" alt=\"\" width=\"300\" height=\"225\" srcset=\"https:\/\/wamabi.be\/site\/wp-content\/bandits3-300x225.jpg 300w, https:\/\/wamabi.be\/site\/wp-content\/bandits3-1024x769.jpg 1024w, https:\/\/wamabi.be\/site\/wp-content\/bandits3-768x576.jpg 768w, https:\/\/wamabi.be\/site\/wp-content\/bandits3-1536x1153.jpg 1536w, https:\/\/wamabi.be\/site\/wp-content\/bandits3.jpg 1724w\" sizes=\"auto, (max-width: 300px) 100vw, 300px\" \/><\/a><\/p>\n<p>Viennent-ils du Far West ou de l\u2019espace ?<\/p>\n<p><span data-markjs=\"true\" data-ogac=\"\" data-ogab=\"\" data-ogsc=\"\" data-ogsb=\"\">Bandits<\/span>, six cowboys inspir\u00e9s, feront danser les grands, les petits\u2026 et Mamy !<\/p>\n<p>Riches de leurs exp\u00e9riences musicales, de la country au rock en passant par la chanson \u00e0 textes, les <span data-markjs=\"true\" data-ogac=\"\" data-ogab=\"\" data-ogsc=\"\" data-ogsb=\"\">Bandits<\/span> d\u00e9gainent leurs plus belles bottines \u00e0 paillettes pour un concert qui donne la p\u00eache, bourr\u00e9 d&rsquo;humour et \u00e0 l&rsquo;\u00e9nergie contagieuse !<\/p>\n<p><em>Lieu : Parc Cath\u00e9drale (Malmedy) | Dur\u00e9e : 60 minutes | D\u00e8s 4 ans | En partenariat avec l\u2019<a href=\"https:\/\/www.facebook.com\/people\/asbl-Options-Malmedy\/100064401950835\/\" target=\"_blank\" rel=\"noopener\">asbl Options<\/a> et <a href=\"https:\/\/www.impactevents.be\/\" target=\"_blank\" rel=\"noopener\">Impact Events<\/a> | Le concert est organis\u00e9 dans le cadre du <a href=\"https:\/\/www.festivalvibrations.be\/\" target=\"_blank\" rel=\"noopener\">Festival Vibrations<\/a>.<\/em><\/p>\n<p>&nbsp;<\/p>\n<p><strong>17\/08 \u00e0 15h \u2013 \u00ab\u00a0<a href=\"http:\/\/www.lesvraismajors.be\/spectacles\/elephant\/\" target=\"_blank\" rel=\"noopener\">El\u00e9phant<\/a>\u00a0\u00bb par la Compagnie des Vrais Majors [Th\u00e9\u00e2tre de rue]<\/strong><\/p>\n<p><a href=\"https:\/\/wamabi.be\/site\/wp-content\/DSC00093-scaled-1.jpg\"><img loading=\"lazy\" decoding=\"async\" class=\"alignnone size-medium wp-image-13086\" src=\"https:\/\/wamabi.be\/site\/wp-content\/DSC00093-scaled-1-300x200.jpg\" alt=\"\" width=\"300\" height=\"200\" srcset=\"https:\/\/wamabi.be\/site\/wp-content\/DSC00093-scaled-1-300x200.jpg 300w, https:\/\/wamabi.be\/site\/wp-content\/DSC00093-scaled-1-1024x683.jpg 1024w, https:\/\/wamabi.be\/site\/wp-content\/DSC00093-scaled-1-768x512.jpg 768w, https:\/\/wamabi.be\/site\/wp-content\/DSC00093-scaled-1-1536x1024.jpg 1536w, https:\/\/wamabi.be\/site\/wp-content\/DSC00093-scaled-1-2048x1366.jpg 2048w\" sizes=\"auto, (max-width: 300px) 100vw, 300px\" \/><\/a><\/p>\n<p>Je suis un pitch, je sers \u00e0 t\u2019inviter \u00e0 venir \u00e0 ELEPHANT, ce n\u2019est pas un spectacle avec des \u00e9l\u00e9phants, c\u2019est une crise, un besoin de rencontre, il y aura peut-\u00eatre une rencontre, mais c\u2019est s\u00fbr il y aura 4 com\u00e9diens, 2 micros, et 1 gag.<\/p>\n<p>Issu d\u2019une \u00e9criture collective sur base d\u2019improvisations, Les Vrais Majors, pass\u00e9s ma\u00eetres dans la (d\u00e9)construction du questionnement, magnifie avec \u00c9L\u00c9PHANT les formes protocolaires de l\u2019absurde.<\/p>\n<p>Une production de la compagnie Les Vrais Majors<br \/>\nCoproduit par Latitude 50 p\u00f4le des arts du cirque et de la rue &#8211; Le Centre Culturel Wolubilis &#8211; Chassepierre F\u00eate des Artistes &#8211; Namur en mai &#8211; Avec l\u2019aide de la<br \/>\nF\u00e9d\u00e9ration Wallonie Bruxelles.<br \/>\nAvec le soutien de : CAR MCAth &#8211; Maison de la cr\u00e9ation NOH &#8211; La Roseraie &#8211; CCBW<\/p>\n<p><em>Lieu : Parc Cath\u00e9drale (Malmedy) | Dur\u00e9e : 45 minutes | D\u00e8s 8 ans | En partenariat avec l\u2019<a href=\"https:\/\/www.facebook.com\/people\/asbl-Options-Malmedy\/100064401950835\/\" target=\"_blank\" rel=\"noopener\">asbl Options<\/a>.<\/em><\/p>\n<p>&nbsp;<\/p>\n<p><strong>24\/08 \u00e0 15h \u2013 \u00ab\u00a0<a href=\"http:\/\/enchantiers.be\/truelle-destin\/\" target=\"_blank\" rel=\"noopener\">Truelle destin<\/a><a href=\"http:\/\/enchantiers.be\/truelle-destin\/\" target=\"_blank\" rel=\"noopener\">, une sueur d&rsquo;espoir<\/a>\u00a0\u00bb par la Compagnie En chantier(S) asbl [Th\u00e9\u00e2tre de rue et d&rsquo;objets]<\/strong><\/p>\n<p><a href=\"https:\/\/wamabi.be\/site\/wp-content\/18-scaled.jpg\"><img loading=\"lazy\" decoding=\"async\" class=\"alignnone size-medium wp-image-13089\" src=\"https:\/\/wamabi.be\/site\/wp-content\/18-300x232.jpg\" alt=\"\" width=\"300\" height=\"232\" srcset=\"https:\/\/wamabi.be\/site\/wp-content\/18-300x232.jpg 300w, https:\/\/wamabi.be\/site\/wp-content\/18-1024x791.jpg 1024w, https:\/\/wamabi.be\/site\/wp-content\/18-768x594.jpg 768w, https:\/\/wamabi.be\/site\/wp-content\/18-1536x1187.jpg 1536w, https:\/\/wamabi.be\/site\/wp-content\/18-2048x1583.jpg 2048w\" sizes=\"auto, (max-width: 300px) 100vw, 300px\" \/><\/a><\/p>\n<p>Victor, enduiseur belge, d\u00e9couvre Ciccio Junior sur son chantier<br \/>\nDeux Solitudes<br \/>\nQue m\u00eame la langue s\u00e9pare<br \/>\nDeux \u00e2mes \u00e9trang\u00e8res qui s\u2019apprivoisent \u00e0 l\u2019ombre d\u2019un \u00e9chafaudage<br \/>\nS\u2019il faut travailler pour vivre, on a parfois besoin d\u2019autre chose que du produit de ses mains, non ?<\/p>\n<p>C\u2019est une oasis de briques o\u00f9 un Robinson attendait son Vendredi pour finir la semaine\u2026et souffler un peu<\/p>\n<p>Des rapports clownesques entre les personnages, des situations visuelles fortes, les d\u00e9tournements d\u2019objets de chantier bousculent un ordre bien \u00e9tabli.<br \/>\nM\u00eame le tas de sable r\u00e9serve ses surprises\u2026<br \/>\nC\u2019est inventif et tellement vital que m\u00eame l\u2019ascenseur social se remet \u00e0 fonctionner&#8230;<\/p>\n<p>Une histoire simple et belle, comme le sont les rencontres improbables.<\/p>\n<p><em>Lieu : Parc Cath\u00e9drale (Malmedy) | Dur\u00e9e : 50 minutes | D\u00e8s 6 ans | En partenariat avec l\u2019<a href=\"https:\/\/www.facebook.com\/people\/asbl-Options-Malmedy\/100064401950835\/\" target=\"_blank\" rel=\"noopener\">asbl Options<\/a>.<\/em><\/p>\n","protected":false},"excerpt":{"rendered":"<p>(Quasi) tous les jeudis de l\u2019\u00e9t\u00e9, retrouvez les biblioth\u00e8ques dans les parcs\u00a0 pour la quatri\u00e8me \u00e9dition du \u00ab Puddingstone Festival \u00bb, le festival des arts vivants \u00e0 Malmedy et Waimes. Au programme : lectures, contes, spectacle clownesque, musique, marionnettes, th\u00e9\u00e2tre de rue\u2026 A vos yeux et vos oreilles ! Nous vous attendons d\u00e8s 14h pour [&hellip;]<\/p>\n","protected":false},"author":14,"featured_media":13088,"comment_status":"open","ping_status":"open","sticky":false,"template":"","format":"standard","meta":{"_seopress_robots_primary_cat":"none","_seopress_titles_title":"","_seopress_titles_desc":"","_seopress_robots_index":"","footnotes":""},"categories":[1],"tags":[47,178,213,181],"class_list":{"0":"post-13055","1":"post","2":"type-post","3":"status-publish","4":"format-standard","5":"has-post-thumbnail","7":"category-non-classe","8":"tag-familles","9":"tag-malmedy","10":"tag-theatre","11":"tag-waimes","12":"czr-hentry"},"yoast_head":"<!-- This site is optimized with the Yoast SEO plugin v27.5 - https:\/\/yoast.com\/product\/yoast-seo-wordpress\/ -->\n<title>ANIMATIONS \u2013 Puddingstone Festival \u00e0 Waimes et Malmedy [2023] - Wamabi<\/title>\n<meta name=\"robots\" content=\"index, follow, max-snippet:-1, max-image-preview:large, max-video-preview:-1\" \/>\n<link rel=\"canonical\" href=\"https:\/\/wamabi.be\/site\/animations-puddingstone-festival-a-waimes-et-malmedy-2023\/\" \/>\n<meta property=\"og:locale\" content=\"fr_FR\" \/>\n<meta property=\"og:type\" content=\"article\" \/>\n<meta property=\"og:title\" content=\"ANIMATIONS \u2013 Puddingstone Festival \u00e0 Waimes et Malmedy [2023] - Wamabi\" \/>\n<meta property=\"og:description\" content=\"(Quasi) tous les jeudis de l\u2019\u00e9t\u00e9, retrouvez les biblioth\u00e8ques dans les parcs\u00a0 pour la quatri\u00e8me \u00e9dition du \u00ab Puddingstone Festival \u00bb, le festival des arts vivants \u00e0 Malmedy et Waimes. Au programme : lectures, contes, spectacle clownesque, musique, marionnettes, th\u00e9\u00e2tre de rue\u2026 A vos yeux et vos oreilles ! Nous vous attendons d\u00e8s 14h pour [&hellip;]\" \/>\n<meta property=\"og:url\" content=\"https:\/\/wamabi.be\/site\/animations-puddingstone-festival-a-waimes-et-malmedy-2023\/\" \/>\n<meta property=\"og:site_name\" content=\"Wamabi\" \/>\n<meta property=\"article:published_time\" content=\"2023-06-13T13:27:07+00:00\" \/>\n<meta property=\"article:modified_time\" content=\"2023-07-13T11:42:16+00:00\" \/>\n<meta property=\"og:image\" content=\"https:\/\/wamabi.be\/site\/wp-content\/PlaquetteTDInterieurV10BAT.png\" \/>\n\t<meta property=\"og:image:width\" content=\"1052\" \/>\n\t<meta property=\"og:image:height\" content=\"745\" \/>\n\t<meta property=\"og:image:type\" content=\"image\/png\" \/>\n<meta name=\"author\" content=\"Fred\" \/>\n<meta name=\"twitter:card\" content=\"summary_large_image\" \/>\n<meta name=\"twitter:label1\" content=\"\u00c9crit par\" \/>\n\t<meta name=\"twitter:data1\" content=\"Fred\" \/>\n\t<meta name=\"twitter:label2\" content=\"Dur\u00e9e de lecture estim\u00e9e\" \/>\n\t<meta name=\"twitter:data2\" content=\"7 minutes\" \/>\n<script type=\"application\/ld+json\" class=\"yoast-schema-graph\">{\"@context\":\"https:\\\/\\\/schema.org\",\"@graph\":[{\"@type\":\"Article\",\"@id\":\"https:\\\/\\\/wamabi.be\\\/site\\\/animations-puddingstone-festival-a-waimes-et-malmedy-2023\\\/#article\",\"isPartOf\":{\"@id\":\"https:\\\/\\\/wamabi.be\\\/site\\\/animations-puddingstone-festival-a-waimes-et-malmedy-2023\\\/\"},\"author\":{\"name\":\"Fred\",\"@id\":\"https:\\\/\\\/wamabi.be\\\/site\\\/#\\\/schema\\\/person\\\/d215542c812823ee78920d76e619749c\"},\"headline\":\"ANIMATIONS \u2013 Puddingstone Festival \u00e0 Waimes et Malmedy [2023]\",\"datePublished\":\"2023-06-13T13:27:07+00:00\",\"dateModified\":\"2023-07-13T11:42:16+00:00\",\"mainEntityOfPage\":{\"@id\":\"https:\\\/\\\/wamabi.be\\\/site\\\/animations-puddingstone-festival-a-waimes-et-malmedy-2023\\\/\"},\"wordCount\":969,\"commentCount\":0,\"publisher\":{\"@id\":\"https:\\\/\\\/wamabi.be\\\/site\\\/#organization\"},\"image\":{\"@id\":\"https:\\\/\\\/wamabi.be\\\/site\\\/animations-puddingstone-festival-a-waimes-et-malmedy-2023\\\/#primaryimage\"},\"thumbnailUrl\":\"https:\\\/\\\/wamabi.be\\\/site\\\/wp-content\\\/PlaquetteTDInterieurV10BAT.png\",\"keywords\":[\"Familles\",\"Malmedy\",\"Th\u00e9\u00e2tre\",\"Waimes\"],\"inLanguage\":\"fr-FR\",\"potentialAction\":[{\"@type\":\"CommentAction\",\"name\":\"Comment\",\"target\":[\"https:\\\/\\\/wamabi.be\\\/site\\\/animations-puddingstone-festival-a-waimes-et-malmedy-2023\\\/#respond\"]}]},{\"@type\":\"WebPage\",\"@id\":\"https:\\\/\\\/wamabi.be\\\/site\\\/animations-puddingstone-festival-a-waimes-et-malmedy-2023\\\/\",\"url\":\"https:\\\/\\\/wamabi.be\\\/site\\\/animations-puddingstone-festival-a-waimes-et-malmedy-2023\\\/\",\"name\":\"ANIMATIONS \u2013 Puddingstone Festival \u00e0 Waimes et Malmedy [2023] - Wamabi\",\"isPartOf\":{\"@id\":\"https:\\\/\\\/wamabi.be\\\/site\\\/#website\"},\"primaryImageOfPage\":{\"@id\":\"https:\\\/\\\/wamabi.be\\\/site\\\/animations-puddingstone-festival-a-waimes-et-malmedy-2023\\\/#primaryimage\"},\"image\":{\"@id\":\"https:\\\/\\\/wamabi.be\\\/site\\\/animations-puddingstone-festival-a-waimes-et-malmedy-2023\\\/#primaryimage\"},\"thumbnailUrl\":\"https:\\\/\\\/wamabi.be\\\/site\\\/wp-content\\\/PlaquetteTDInterieurV10BAT.png\",\"datePublished\":\"2023-06-13T13:27:07+00:00\",\"dateModified\":\"2023-07-13T11:42:16+00:00\",\"breadcrumb\":{\"@id\":\"https:\\\/\\\/wamabi.be\\\/site\\\/animations-puddingstone-festival-a-waimes-et-malmedy-2023\\\/#breadcrumb\"},\"inLanguage\":\"fr-FR\",\"potentialAction\":[{\"@type\":\"ReadAction\",\"target\":[\"https:\\\/\\\/wamabi.be\\\/site\\\/animations-puddingstone-festival-a-waimes-et-malmedy-2023\\\/\"]}]},{\"@type\":\"ImageObject\",\"inLanguage\":\"fr-FR\",\"@id\":\"https:\\\/\\\/wamabi.be\\\/site\\\/animations-puddingstone-festival-a-waimes-et-malmedy-2023\\\/#primaryimage\",\"url\":\"https:\\\/\\\/wamabi.be\\\/site\\\/wp-content\\\/PlaquetteTDInterieurV10BAT.png\",\"contentUrl\":\"https:\\\/\\\/wamabi.be\\\/site\\\/wp-content\\\/PlaquetteTDInterieurV10BAT.png\",\"width\":1052,\"height\":745},{\"@type\":\"BreadcrumbList\",\"@id\":\"https:\\\/\\\/wamabi.be\\\/site\\\/animations-puddingstone-festival-a-waimes-et-malmedy-2023\\\/#breadcrumb\",\"itemListElement\":[{\"@type\":\"ListItem\",\"position\":1,\"name\":\"Accueil\",\"item\":\"https:\\\/\\\/wamabi.be\\\/site\\\/\"},{\"@type\":\"ListItem\",\"position\":2,\"name\":\"ANIMATIONS \u2013 Puddingstone Festival \u00e0 Waimes et Malmedy [2023]\"}]},{\"@type\":\"WebSite\",\"@id\":\"https:\\\/\\\/wamabi.be\\\/site\\\/#website\",\"url\":\"https:\\\/\\\/wamabi.be\\\/site\\\/\",\"name\":\"Wamabi\",\"description\":\"Wamabi - Biblioth\u00e8ques de Waimes et de Malmedy\",\"publisher\":{\"@id\":\"https:\\\/\\\/wamabi.be\\\/site\\\/#organization\"},\"potentialAction\":[{\"@type\":\"SearchAction\",\"target\":{\"@type\":\"EntryPoint\",\"urlTemplate\":\"https:\\\/\\\/wamabi.be\\\/site\\\/?s={search_term_string}\"},\"query-input\":{\"@type\":\"PropertyValueSpecification\",\"valueRequired\":true,\"valueName\":\"search_term_string\"}}],\"inLanguage\":\"fr-FR\"},{\"@type\":\"Organization\",\"@id\":\"https:\\\/\\\/wamabi.be\\\/site\\\/#organization\",\"name\":\"Wamabi\",\"url\":\"https:\\\/\\\/wamabi.be\\\/site\\\/\",\"logo\":{\"@type\":\"ImageObject\",\"inLanguage\":\"fr-FR\",\"@id\":\"https:\\\/\\\/wamabi.be\\\/site\\\/#\\\/schema\\\/logo\\\/image\\\/\",\"url\":\"https:\\\/\\\/wamabi.be\\\/site\\\/wp-content\\\/cropped-cropped-Dragon-noir-et-blanc-transparent-carre-1.png\",\"contentUrl\":\"https:\\\/\\\/wamabi.be\\\/site\\\/wp-content\\\/cropped-cropped-Dragon-noir-et-blanc-transparent-carre-1.png\",\"width\":2321,\"height\":2321,\"caption\":\"Wamabi\"},\"image\":{\"@id\":\"https:\\\/\\\/wamabi.be\\\/site\\\/#\\\/schema\\\/logo\\\/image\\\/\"}},{\"@type\":\"Person\",\"@id\":\"https:\\\/\\\/wamabi.be\\\/site\\\/#\\\/schema\\\/person\\\/d215542c812823ee78920d76e619749c\",\"name\":\"Fred\",\"image\":{\"@type\":\"ImageObject\",\"inLanguage\":\"fr-FR\",\"@id\":\"https:\\\/\\\/secure.gravatar.com\\\/avatar\\\/fc672c5d32dec8b323e48becfe5a966d7d87b500bc73ae1712919ac83cddfea3?s=96&d=mm&r=g\",\"url\":\"https:\\\/\\\/secure.gravatar.com\\\/avatar\\\/fc672c5d32dec8b323e48becfe5a966d7d87b500bc73ae1712919ac83cddfea3?s=96&d=mm&r=g\",\"contentUrl\":\"https:\\\/\\\/secure.gravatar.com\\\/avatar\\\/fc672c5d32dec8b323e48becfe5a966d7d87b500bc73ae1712919ac83cddfea3?s=96&d=mm&r=g\",\"caption\":\"Fred\"},\"sameAs\":[\"http:\\\/\\\/www.wamabi.be\\\/\"],\"url\":\"https:\\\/\\\/wamabi.be\\\/site\\\/author\\\/fred\\\/\"}]}<\/script>\n<!-- \/ Yoast SEO plugin. -->","yoast_head_json":{"title":"ANIMATIONS \u2013 Puddingstone Festival \u00e0 Waimes et Malmedy [2023] - Wamabi","robots":{"index":"index","follow":"follow","max-snippet":"max-snippet:-1","max-image-preview":"max-image-preview:large","max-video-preview":"max-video-preview:-1"},"canonical":"https:\/\/wamabi.be\/site\/animations-puddingstone-festival-a-waimes-et-malmedy-2023\/","og_locale":"fr_FR","og_type":"article","og_title":"ANIMATIONS \u2013 Puddingstone Festival \u00e0 Waimes et Malmedy [2023] - Wamabi","og_description":"(Quasi) tous les jeudis de l\u2019\u00e9t\u00e9, retrouvez les biblioth\u00e8ques dans les parcs\u00a0 pour la quatri\u00e8me \u00e9dition du \u00ab Puddingstone Festival \u00bb, le festival des arts vivants \u00e0 Malmedy et Waimes. Au programme : lectures, contes, spectacle clownesque, musique, marionnettes, th\u00e9\u00e2tre de rue\u2026 A vos yeux et vos oreilles ! Nous vous attendons d\u00e8s 14h pour [&hellip;]","og_url":"https:\/\/wamabi.be\/site\/animations-puddingstone-festival-a-waimes-et-malmedy-2023\/","og_site_name":"Wamabi","article_published_time":"2023-06-13T13:27:07+00:00","article_modified_time":"2023-07-13T11:42:16+00:00","og_image":[{"width":1052,"height":745,"url":"https:\/\/wamabi.be\/site\/wp-content\/PlaquetteTDInterieurV10BAT.png","type":"image\/png"}],"author":"Fred","twitter_card":"summary_large_image","twitter_misc":{"\u00c9crit par":"Fred","Dur\u00e9e de lecture estim\u00e9e":"7 minutes"},"schema":{"@context":"https:\/\/schema.org","@graph":[{"@type":"Article","@id":"https:\/\/wamabi.be\/site\/animations-puddingstone-festival-a-waimes-et-malmedy-2023\/#article","isPartOf":{"@id":"https:\/\/wamabi.be\/site\/animations-puddingstone-festival-a-waimes-et-malmedy-2023\/"},"author":{"name":"Fred","@id":"https:\/\/wamabi.be\/site\/#\/schema\/person\/d215542c812823ee78920d76e619749c"},"headline":"ANIMATIONS \u2013 Puddingstone Festival \u00e0 Waimes et Malmedy [2023]","datePublished":"2023-06-13T13:27:07+00:00","dateModified":"2023-07-13T11:42:16+00:00","mainEntityOfPage":{"@id":"https:\/\/wamabi.be\/site\/animations-puddingstone-festival-a-waimes-et-malmedy-2023\/"},"wordCount":969,"commentCount":0,"publisher":{"@id":"https:\/\/wamabi.be\/site\/#organization"},"image":{"@id":"https:\/\/wamabi.be\/site\/animations-puddingstone-festival-a-waimes-et-malmedy-2023\/#primaryimage"},"thumbnailUrl":"https:\/\/wamabi.be\/site\/wp-content\/PlaquetteTDInterieurV10BAT.png","keywords":["Familles","Malmedy","Th\u00e9\u00e2tre","Waimes"],"inLanguage":"fr-FR","potentialAction":[{"@type":"CommentAction","name":"Comment","target":["https:\/\/wamabi.be\/site\/animations-puddingstone-festival-a-waimes-et-malmedy-2023\/#respond"]}]},{"@type":"WebPage","@id":"https:\/\/wamabi.be\/site\/animations-puddingstone-festival-a-waimes-et-malmedy-2023\/","url":"https:\/\/wamabi.be\/site\/animations-puddingstone-festival-a-waimes-et-malmedy-2023\/","name":"ANIMATIONS \u2013 Puddingstone Festival \u00e0 Waimes et Malmedy [2023] - Wamabi","isPartOf":{"@id":"https:\/\/wamabi.be\/site\/#website"},"primaryImageOfPage":{"@id":"https:\/\/wamabi.be\/site\/animations-puddingstone-festival-a-waimes-et-malmedy-2023\/#primaryimage"},"image":{"@id":"https:\/\/wamabi.be\/site\/animations-puddingstone-festival-a-waimes-et-malmedy-2023\/#primaryimage"},"thumbnailUrl":"https:\/\/wamabi.be\/site\/wp-content\/PlaquetteTDInterieurV10BAT.png","datePublished":"2023-06-13T13:27:07+00:00","dateModified":"2023-07-13T11:42:16+00:00","breadcrumb":{"@id":"https:\/\/wamabi.be\/site\/animations-puddingstone-festival-a-waimes-et-malmedy-2023\/#breadcrumb"},"inLanguage":"fr-FR","potentialAction":[{"@type":"ReadAction","target":["https:\/\/wamabi.be\/site\/animations-puddingstone-festival-a-waimes-et-malmedy-2023\/"]}]},{"@type":"ImageObject","inLanguage":"fr-FR","@id":"https:\/\/wamabi.be\/site\/animations-puddingstone-festival-a-waimes-et-malmedy-2023\/#primaryimage","url":"https:\/\/wamabi.be\/site\/wp-content\/PlaquetteTDInterieurV10BAT.png","contentUrl":"https:\/\/wamabi.be\/site\/wp-content\/PlaquetteTDInterieurV10BAT.png","width":1052,"height":745},{"@type":"BreadcrumbList","@id":"https:\/\/wamabi.be\/site\/animations-puddingstone-festival-a-waimes-et-malmedy-2023\/#breadcrumb","itemListElement":[{"@type":"ListItem","position":1,"name":"Accueil","item":"https:\/\/wamabi.be\/site\/"},{"@type":"ListItem","position":2,"name":"ANIMATIONS \u2013 Puddingstone Festival \u00e0 Waimes et Malmedy [2023]"}]},{"@type":"WebSite","@id":"https:\/\/wamabi.be\/site\/#website","url":"https:\/\/wamabi.be\/site\/","name":"Wamabi","description":"Wamabi - Biblioth\u00e8ques de Waimes et de Malmedy","publisher":{"@id":"https:\/\/wamabi.be\/site\/#organization"},"potentialAction":[{"@type":"SearchAction","target":{"@type":"EntryPoint","urlTemplate":"https:\/\/wamabi.be\/site\/?s={search_term_string}"},"query-input":{"@type":"PropertyValueSpecification","valueRequired":true,"valueName":"search_term_string"}}],"inLanguage":"fr-FR"},{"@type":"Organization","@id":"https:\/\/wamabi.be\/site\/#organization","name":"Wamabi","url":"https:\/\/wamabi.be\/site\/","logo":{"@type":"ImageObject","inLanguage":"fr-FR","@id":"https:\/\/wamabi.be\/site\/#\/schema\/logo\/image\/","url":"https:\/\/wamabi.be\/site\/wp-content\/cropped-cropped-Dragon-noir-et-blanc-transparent-carre-1.png","contentUrl":"https:\/\/wamabi.be\/site\/wp-content\/cropped-cropped-Dragon-noir-et-blanc-transparent-carre-1.png","width":2321,"height":2321,"caption":"Wamabi"},"image":{"@id":"https:\/\/wamabi.be\/site\/#\/schema\/logo\/image\/"}},{"@type":"Person","@id":"https:\/\/wamabi.be\/site\/#\/schema\/person\/d215542c812823ee78920d76e619749c","name":"Fred","image":{"@type":"ImageObject","inLanguage":"fr-FR","@id":"https:\/\/secure.gravatar.com\/avatar\/fc672c5d32dec8b323e48becfe5a966d7d87b500bc73ae1712919ac83cddfea3?s=96&d=mm&r=g","url":"https:\/\/secure.gravatar.com\/avatar\/fc672c5d32dec8b323e48becfe5a966d7d87b500bc73ae1712919ac83cddfea3?s=96&d=mm&r=g","contentUrl":"https:\/\/secure.gravatar.com\/avatar\/fc672c5d32dec8b323e48becfe5a966d7d87b500bc73ae1712919ac83cddfea3?s=96&d=mm&r=g","caption":"Fred"},"sameAs":["http:\/\/www.wamabi.be\/"],"url":"https:\/\/wamabi.be\/site\/author\/fred\/"}]}},"_links":{"self":[{"href":"https:\/\/wamabi.be\/site\/wp-json\/wp\/v2\/posts\/13055","targetHints":{"allow":["GET"]}}],"collection":[{"href":"https:\/\/wamabi.be\/site\/wp-json\/wp\/v2\/posts"}],"about":[{"href":"https:\/\/wamabi.be\/site\/wp-json\/wp\/v2\/types\/post"}],"author":[{"embeddable":true,"href":"https:\/\/wamabi.be\/site\/wp-json\/wp\/v2\/users\/14"}],"replies":[{"embeddable":true,"href":"https:\/\/wamabi.be\/site\/wp-json\/wp\/v2\/comments?post=13055"}],"version-history":[{"count":18,"href":"https:\/\/wamabi.be\/site\/wp-json\/wp\/v2\/posts\/13055\/revisions"}],"predecessor-version":[{"id":13136,"href":"https:\/\/wamabi.be\/site\/wp-json\/wp\/v2\/posts\/13055\/revisions\/13136"}],"wp:featuredmedia":[{"embeddable":true,"href":"https:\/\/wamabi.be\/site\/wp-json\/wp\/v2\/media\/13088"}],"wp:attachment":[{"href":"https:\/\/wamabi.be\/site\/wp-json\/wp\/v2\/media?parent=13055"}],"wp:term":[{"taxonomy":"category","embeddable":true,"href":"https:\/\/wamabi.be\/site\/wp-json\/wp\/v2\/categories?post=13055"},{"taxonomy":"post_tag","embeddable":true,"href":"https:\/\/wamabi.be\/site\/wp-json\/wp\/v2\/tags?post=13055"}],"curies":[{"name":"wp","href":"https:\/\/api.w.org\/{rel}","templated":true}]}}