{"id":12860,"date":"2023-11-25T13:31:18","date_gmt":"2023-11-25T12:31:18","guid":{"rendered":"https:\/\/wamabi.be\/site\/?p=12860"},"modified":"2023-12-08T09:15:47","modified_gmt":"2023-12-08T08:15:47","slug":"rin-dnou-la-programmation-a-malmedy-2023","status":"publish","type":"post","link":"https:\/\/wamabi.be\/site\/rin-dnou-la-programmation-a-malmedy-2023\/","title":{"rendered":"BIBLIO-CAF\u00c9 &#8211; La programmation \u00e0 Malmedy [2023]"},"content":{"rendered":"<p><strong>Organis\u00e9 par la biblioth\u00e8que, le projet \u00ab Rin d&rsquo;no\u00fb \u00bb existe depuis avril 2015 \u00e0 l\u2019initiative du Conseil consultatif communal des A\u00een\u00e9s et du CPAS de Malmedy.<\/strong> <strong>Aujourd&rsquo;hui, les activit\u00e9s se sont diversifi\u00e9es et se d\u00e9roulent \u00e0 la biblioth\u00e8que tous les 3e jeudis du mois de 14 \u00e0 17h. D\u00e9couvrez-ici le programme de ces apr\u00e8s-midi ludiques, culturelles et\/ou r\u00e9cr\u00e9atives \u00e0 destination des seniors.<\/strong><\/p>\n<p>Les prochains rendez-vous :<span style=\"color: black;\"> 28\/12.<\/span><\/p>\n<p>28\/12 : Atelier \u00ab\u00a0Cartes pop-up et origamis\u00a0\u00bb. Plongez dans l&rsquo;univers magique de l&rsquo;origami et du pop-up pour cr\u00e9er des cartes de v\u0153ux originales avec S\u00e9bastien Th\u00e9ret.<\/p>\n<p><a href=\"https:\/\/wamabi.be\/site\/wp-content\/pop-up-scaled.jpg\"><img loading=\"lazy\" decoding=\"async\" class=\"alignnone size-medium wp-image-13394\" src=\"https:\/\/wamabi.be\/site\/wp-content\/pop-up-300x200.jpg\" alt=\"\" width=\"300\" height=\"200\" srcset=\"https:\/\/wamabi.be\/site\/wp-content\/pop-up-300x200.jpg 300w, https:\/\/wamabi.be\/site\/wp-content\/pop-up-1024x683.jpg 1024w, https:\/\/wamabi.be\/site\/wp-content\/pop-up-768x512.jpg 768w, https:\/\/wamabi.be\/site\/wp-content\/pop-up-1536x1024.jpg 1536w, https:\/\/wamabi.be\/site\/wp-content\/pop-up-2048x1365.jpg 2048w\" sizes=\"auto, (max-width: 300px) 100vw, 300px\" \/><\/a><\/p>\n<p>16\/11 : Atelier d&rsquo;art floral avec Catherine Gutkin. Maximum 20 personnes.<\/p>\n<figure id=\"attachment_13369\" aria-describedby=\"caption-attachment-13369\" style=\"width: 300px\" class=\"wp-caption alignnone\"><a href=\"https:\/\/wamabi.be\/site\/wp-content\/10944918_10205650912131537_1547159569_n.jpg\"><img loading=\"lazy\" decoding=\"async\" class=\"size-medium wp-image-13369\" src=\"https:\/\/wamabi.be\/site\/wp-content\/10944918_10205650912131537_1547159569_n-300x200.jpg\" alt=\"\" width=\"300\" height=\"200\" srcset=\"https:\/\/wamabi.be\/site\/wp-content\/10944918_10205650912131537_1547159569_n-300x200.jpg 300w, https:\/\/wamabi.be\/site\/wp-content\/10944918_10205650912131537_1547159569_n.jpg 680w\" sizes=\"auto, (max-width: 300px) 100vw, 300px\" \/><\/a><figcaption id=\"caption-attachment-13369\" class=\"wp-caption-text\">\u00a9 La Magie des Fleurs<\/figcaption><\/figure>\n<p>26\/10 : Jeux de soci\u00e9t\u00e9 : scrabble, rummikub, triominos, brin de jasette\u2026 Vous aurez aussi la possibilit\u00e9 de d\u00e9couvrir nos nouveaut\u00e9s.<\/p>\n<p><a href=\"https:\/\/wamabi.be\/site\/wp-content\/32564658238_80b5a9d166_z.jpg\"><img loading=\"lazy\" decoding=\"async\" class=\"alignnone size-medium wp-image-13159\" src=\"https:\/\/wamabi.be\/site\/wp-content\/32564658238_80b5a9d166_z-300x300.jpg\" alt=\"\" width=\"300\" height=\"300\" srcset=\"https:\/\/wamabi.be\/site\/wp-content\/32564658238_80b5a9d166_z-300x300.jpg 300w, https:\/\/wamabi.be\/site\/wp-content\/32564658238_80b5a9d166_z-150x150.jpg 150w, https:\/\/wamabi.be\/site\/wp-content\/32564658238_80b5a9d166_z-510x510.jpg 510w, https:\/\/wamabi.be\/site\/wp-content\/32564658238_80b5a9d166_z.jpg 640w\" sizes=\"auto, (max-width: 300px) 100vw, 300px\" \/><\/a><\/p>\n<p>21\/09 : Atelier po\u00e9sie avec le jardinier-po\u00e8te Micha\u00ebl Lambert. Pas besoin d&rsquo;\u00eatre un as de la plume pour participer \u00e0 cet atelier car Micha\u00ebl \u00e9crira pour vous, sur base de vos discussions\/interactions\/envies. Chacun retournera chez lui avec son po\u00e8me personnalis\u00e9.<\/p>\n<p><a href=\"https:\/\/wamabi.be\/site\/wp-content\/Jardinier-poete.jpg\"><img loading=\"lazy\" decoding=\"async\" class=\"alignnone wp-image-13207 \" src=\"https:\/\/wamabi.be\/site\/wp-content\/Jardinier-poete.jpg\" alt=\"\" width=\"704\" height=\"317\" srcset=\"https:\/\/wamabi.be\/site\/wp-content\/Jardinier-poete.jpg 782w, https:\/\/wamabi.be\/site\/wp-content\/Jardinier-poete-300x135.jpg 300w, https:\/\/wamabi.be\/site\/wp-content\/Jardinier-poete-768x346.jpg 768w\" sizes=\"auto, (max-width: 704px) 100vw, 704px\" \/><\/a><\/p>\n<p>15\/06 : Atelier\/expos\u00e9 sur les fruits rouges avec\u00a0 Martine de l\u2019asbl <a href=\"https:\/\/www.dbao.be\/events\/immunite-un-potentiel-de-defense\/\">Li Cramignon<\/a>. D\u2019abord, nous allons tenter de comprendre les bienfaits des fruits rouges en tant qu&rsquo;antioxydants naturels\u2026 Ensuite, nous \u00e9changerons sur le th\u00e8me des recettes de famille. Le but est de compiler les recettes \u00ab grand-m\u00e8re \u00bb, celles issues des traditions culinaires familiales connues ou m\u00e9connues. Pour ce faire, nous vous demandons d\u2019amener une version papier d&rsquo;une recette de votre choix ainsi qu&rsquo;un ou deux bocaux (avec couvercle) pour emmener votre confiture de fraise. Une animation organis\u00e9e dans le cadre de <a href=\"https:\/\/nourrirverviers.be\/\" target=\"_blank\" rel=\"noopener\">Nourrir Autrement<\/a>, le festival de la transition alimentaire de l&rsquo;arrondissement de Verviers .<\/p>\n<p>11\/05 : Atelier sur les produits d\u2019entretien maison et la gestion\/tri des d\u00e9chets avec Catherine de chez <a href=\"https:\/\/www.idelux.be\/fr\/accueil.html?IDC=2497\" target=\"_blank\" rel=\"noopener\">Idelux<\/a>. Les participants doivent emporter 3 r\u00e9cipients <span class=\"marky7m2ec8ay\" data-markjs=\"true\" data-ogac=\"\" data-ogab=\"\" data-ogsc=\"\" data-ogsb=\"\">d&rsquo;<\/span>un litre chacun pour pouvoir ramener les 3 <span class=\"mark25v861eg0\" data-markjs=\"true\" data-ogac=\"\" data-ogab=\"\" data-ogsc=\"\" data-ogsb=\"\">produits<\/span> de nettoyage fabriqu\u00e9s \u00e0 la maison.<\/p>\n<p>20\/04 : Atelier\/expos\u00e9 sur l\u2019<a href=\"https:\/\/www.dbao.be\/events\/immunite-un-potentiel-de-defense\/\">alimentation et l\u2019immunit\u00e9<\/a> avec Martine de l\u2019asbl <a href=\"https:\/\/www.dbao.be\/events\/immunite-un-potentiel-de-defense\/\">Li Cramignon<\/a>. D\u2019abord, nous allons tenter de comprendre ce qu\u2019est l\u2019immunit\u00e9\u00a0: comment la renforcer, quels aliments privil\u00e9gier\u2026 Ensuite, nous \u00e9changerons sur le th\u00e8me des recettes de famille. Le but est de compiler\u00a0les recettes \u00ab\u00a0grand-m\u00e8re\u00a0\u00bb, celles issues des traditions culinaires familiales connues ou m\u00e9connues. Pour ce faire, nous vous demandons d\u2019amener une version papier d&rsquo;une recette de votre choix.<\/p>\n<p>16\/03 : A l\u2019occasion de la F\u00eate du court-m\u00e9trage, la biblioth\u00e8que vous invite le jeudi 16 f\u00e9vrier \u00e0 14h dans ses installations pour participer \u00e0 un atelier cr\u00e9atif avec l\u2019artiste plasticienne Brigitte Hoornaert, au d\u00e9part de 4 films de la Vid\u00e9oth\u00e8que nomade sur le th\u00e8me des mythes et l\u00e9gendes. Nous aboutirons \u00e0 la r\u00e9alisation d\u2019une fresque collective et ludique \u00e0 base de brou de noix. Pas besoin d\u2019\u00eatre Picasso pour participer \u00e0 l\u2019activit\u00e9, la convivialit\u00e9 restant le ma\u00eetre-mot.<\/p>\n<p><a href=\"https:\/\/wamabi.be\/site\/wp-content\/230316_lpd_2_ac_banner_2.jpg\"><img loading=\"lazy\" decoding=\"async\" class=\"alignnone wp-image-12954 \" src=\"https:\/\/wamabi.be\/site\/wp-content\/230316_lpd_2_ac_banner_2.jpg\" alt=\"\" width=\"706\" height=\"212\" srcset=\"https:\/\/wamabi.be\/site\/wp-content\/230316_lpd_2_ac_banner_2.jpg 1000w, https:\/\/wamabi.be\/site\/wp-content\/230316_lpd_2_ac_banner_2-300x90.jpg 300w, https:\/\/wamabi.be\/site\/wp-content\/230316_lpd_2_ac_banner_2-768x230.jpg 768w\" sizes=\"auto, (max-width: 706px) 100vw, 706px\" \/><\/a><\/p>\n<div><\/div>\n<p><em>\u00a0Infos : biblioth\u00e8que (malmedy@wamabi.be ou 080\/799930)<br \/>\n<\/em><\/p>\n","protected":false},"excerpt":{"rendered":"<p>Organis\u00e9 par la biblioth\u00e8que, le projet \u00ab Rin d&rsquo;no\u00fb \u00bb existe depuis avril 2015 \u00e0 l\u2019initiative du Conseil consultatif communal des A\u00een\u00e9s et du CPAS de Malmedy. Aujourd&rsquo;hui, les activit\u00e9s se sont diversifi\u00e9es et se d\u00e9roulent \u00e0 la biblioth\u00e8que tous les 3e jeudis du mois de 14 \u00e0 17h. D\u00e9couvrez-ici le programme de ces apr\u00e8s-midi [&hellip;]<\/p>\n","protected":false},"author":14,"featured_media":13394,"comment_status":"open","ping_status":"open","sticky":false,"template":"","format":"standard","meta":{"_seopress_robots_primary_cat":"none","_seopress_titles_title":"","_seopress_titles_desc":"","_seopress_robots_index":"","footnotes":""},"categories":[1],"tags":[],"class_list":{"0":"post-12860","1":"post","2":"type-post","3":"status-publish","4":"format-standard","5":"has-post-thumbnail","7":"category-non-classe","8":"czr-hentry"},"yoast_head":"<!-- This site is optimized with the Yoast SEO plugin v27.5 - https:\/\/yoast.com\/product\/yoast-seo-wordpress\/ -->\n<title>BIBLIO-CAF\u00c9 - La programmation \u00e0 Malmedy [2023] - Wamabi<\/title>\n<meta name=\"robots\" content=\"index, follow, max-snippet:-1, max-image-preview:large, max-video-preview:-1\" \/>\n<link rel=\"canonical\" href=\"https:\/\/wamabi.be\/site\/rin-dnou-la-programmation-a-malmedy-2023\/\" \/>\n<meta property=\"og:locale\" content=\"fr_FR\" \/>\n<meta property=\"og:type\" content=\"article\" \/>\n<meta property=\"og:title\" content=\"BIBLIO-CAF\u00c9 - La programmation \u00e0 Malmedy [2023] - Wamabi\" \/>\n<meta property=\"og:description\" content=\"Organis\u00e9 par la biblioth\u00e8que, le projet \u00ab Rin d&rsquo;no\u00fb \u00bb existe depuis avril 2015 \u00e0 l\u2019initiative du Conseil consultatif communal des A\u00een\u00e9s et du CPAS de Malmedy. Aujourd&rsquo;hui, les activit\u00e9s se sont diversifi\u00e9es et se d\u00e9roulent \u00e0 la biblioth\u00e8que tous les 3e jeudis du mois de 14 \u00e0 17h. D\u00e9couvrez-ici le programme de ces apr\u00e8s-midi [&hellip;]\" \/>\n<meta property=\"og:url\" content=\"https:\/\/wamabi.be\/site\/rin-dnou-la-programmation-a-malmedy-2023\/\" \/>\n<meta property=\"og:site_name\" content=\"Wamabi\" \/>\n<meta property=\"article:published_time\" content=\"2023-11-25T12:31:18+00:00\" \/>\n<meta property=\"article:modified_time\" content=\"2023-12-08T08:15:47+00:00\" \/>\n<meta property=\"og:image\" content=\"https:\/\/wamabi.be\/site\/wp-content\/pop-up-scaled.jpg\" \/>\n\t<meta property=\"og:image:width\" content=\"2560\" \/>\n\t<meta property=\"og:image:height\" content=\"1707\" \/>\n\t<meta property=\"og:image:type\" content=\"image\/jpeg\" \/>\n<meta name=\"author\" content=\"Fred\" \/>\n<meta name=\"twitter:card\" content=\"summary_large_image\" \/>\n<meta name=\"twitter:label1\" content=\"\u00c9crit par\" \/>\n\t<meta name=\"twitter:data1\" content=\"Fred\" \/>\n\t<meta name=\"twitter:label2\" content=\"Dur\u00e9e de lecture estim\u00e9e\" \/>\n\t<meta name=\"twitter:data2\" content=\"4 minutes\" \/>\n<script type=\"application\/ld+json\" class=\"yoast-schema-graph\">{\"@context\":\"https:\\\/\\\/schema.org\",\"@graph\":[{\"@type\":\"Article\",\"@id\":\"https:\\\/\\\/wamabi.be\\\/site\\\/rin-dnou-la-programmation-a-malmedy-2023\\\/#article\",\"isPartOf\":{\"@id\":\"https:\\\/\\\/wamabi.be\\\/site\\\/rin-dnou-la-programmation-a-malmedy-2023\\\/\"},\"author\":{\"name\":\"Fred\",\"@id\":\"https:\\\/\\\/wamabi.be\\\/site\\\/#\\\/schema\\\/person\\\/d215542c812823ee78920d76e619749c\"},\"headline\":\"BIBLIO-CAF\u00c9 &#8211; La programmation \u00e0 Malmedy [2023]\",\"datePublished\":\"2023-11-25T12:31:18+00:00\",\"dateModified\":\"2023-12-08T08:15:47+00:00\",\"mainEntityOfPage\":{\"@id\":\"https:\\\/\\\/wamabi.be\\\/site\\\/rin-dnou-la-programmation-a-malmedy-2023\\\/\"},\"wordCount\":520,\"commentCount\":0,\"publisher\":{\"@id\":\"https:\\\/\\\/wamabi.be\\\/site\\\/#organization\"},\"image\":{\"@id\":\"https:\\\/\\\/wamabi.be\\\/site\\\/rin-dnou-la-programmation-a-malmedy-2023\\\/#primaryimage\"},\"thumbnailUrl\":\"https:\\\/\\\/wamabi.be\\\/site\\\/wp-content\\\/pop-up-scaled.jpg\",\"inLanguage\":\"fr-FR\",\"potentialAction\":[{\"@type\":\"CommentAction\",\"name\":\"Comment\",\"target\":[\"https:\\\/\\\/wamabi.be\\\/site\\\/rin-dnou-la-programmation-a-malmedy-2023\\\/#respond\"]}]},{\"@type\":\"WebPage\",\"@id\":\"https:\\\/\\\/wamabi.be\\\/site\\\/rin-dnou-la-programmation-a-malmedy-2023\\\/\",\"url\":\"https:\\\/\\\/wamabi.be\\\/site\\\/rin-dnou-la-programmation-a-malmedy-2023\\\/\",\"name\":\"BIBLIO-CAF\u00c9 - La programmation \u00e0 Malmedy [2023] - Wamabi\",\"isPartOf\":{\"@id\":\"https:\\\/\\\/wamabi.be\\\/site\\\/#website\"},\"primaryImageOfPage\":{\"@id\":\"https:\\\/\\\/wamabi.be\\\/site\\\/rin-dnou-la-programmation-a-malmedy-2023\\\/#primaryimage\"},\"image\":{\"@id\":\"https:\\\/\\\/wamabi.be\\\/site\\\/rin-dnou-la-programmation-a-malmedy-2023\\\/#primaryimage\"},\"thumbnailUrl\":\"https:\\\/\\\/wamabi.be\\\/site\\\/wp-content\\\/pop-up-scaled.jpg\",\"datePublished\":\"2023-11-25T12:31:18+00:00\",\"dateModified\":\"2023-12-08T08:15:47+00:00\",\"breadcrumb\":{\"@id\":\"https:\\\/\\\/wamabi.be\\\/site\\\/rin-dnou-la-programmation-a-malmedy-2023\\\/#breadcrumb\"},\"inLanguage\":\"fr-FR\",\"potentialAction\":[{\"@type\":\"ReadAction\",\"target\":[\"https:\\\/\\\/wamabi.be\\\/site\\\/rin-dnou-la-programmation-a-malmedy-2023\\\/\"]}]},{\"@type\":\"ImageObject\",\"inLanguage\":\"fr-FR\",\"@id\":\"https:\\\/\\\/wamabi.be\\\/site\\\/rin-dnou-la-programmation-a-malmedy-2023\\\/#primaryimage\",\"url\":\"https:\\\/\\\/wamabi.be\\\/site\\\/wp-content\\\/pop-up-scaled.jpg\",\"contentUrl\":\"https:\\\/\\\/wamabi.be\\\/site\\\/wp-content\\\/pop-up-scaled.jpg\",\"width\":2560,\"height\":1707},{\"@type\":\"BreadcrumbList\",\"@id\":\"https:\\\/\\\/wamabi.be\\\/site\\\/rin-dnou-la-programmation-a-malmedy-2023\\\/#breadcrumb\",\"itemListElement\":[{\"@type\":\"ListItem\",\"position\":1,\"name\":\"Accueil\",\"item\":\"https:\\\/\\\/wamabi.be\\\/site\\\/\"},{\"@type\":\"ListItem\",\"position\":2,\"name\":\"BIBLIO-CAF\u00c9 &#8211; La programmation \u00e0 Malmedy [2023]\"}]},{\"@type\":\"WebSite\",\"@id\":\"https:\\\/\\\/wamabi.be\\\/site\\\/#website\",\"url\":\"https:\\\/\\\/wamabi.be\\\/site\\\/\",\"name\":\"Wamabi\",\"description\":\"Wamabi - Biblioth\u00e8ques de Waimes et de Malmedy\",\"publisher\":{\"@id\":\"https:\\\/\\\/wamabi.be\\\/site\\\/#organization\"},\"potentialAction\":[{\"@type\":\"SearchAction\",\"target\":{\"@type\":\"EntryPoint\",\"urlTemplate\":\"https:\\\/\\\/wamabi.be\\\/site\\\/?s={search_term_string}\"},\"query-input\":{\"@type\":\"PropertyValueSpecification\",\"valueRequired\":true,\"valueName\":\"search_term_string\"}}],\"inLanguage\":\"fr-FR\"},{\"@type\":\"Organization\",\"@id\":\"https:\\\/\\\/wamabi.be\\\/site\\\/#organization\",\"name\":\"Wamabi\",\"url\":\"https:\\\/\\\/wamabi.be\\\/site\\\/\",\"logo\":{\"@type\":\"ImageObject\",\"inLanguage\":\"fr-FR\",\"@id\":\"https:\\\/\\\/wamabi.be\\\/site\\\/#\\\/schema\\\/logo\\\/image\\\/\",\"url\":\"https:\\\/\\\/wamabi.be\\\/site\\\/wp-content\\\/cropped-cropped-Dragon-noir-et-blanc-transparent-carre-1.png\",\"contentUrl\":\"https:\\\/\\\/wamabi.be\\\/site\\\/wp-content\\\/cropped-cropped-Dragon-noir-et-blanc-transparent-carre-1.png\",\"width\":2321,\"height\":2321,\"caption\":\"Wamabi\"},\"image\":{\"@id\":\"https:\\\/\\\/wamabi.be\\\/site\\\/#\\\/schema\\\/logo\\\/image\\\/\"}},{\"@type\":\"Person\",\"@id\":\"https:\\\/\\\/wamabi.be\\\/site\\\/#\\\/schema\\\/person\\\/d215542c812823ee78920d76e619749c\",\"name\":\"Fred\",\"image\":{\"@type\":\"ImageObject\",\"inLanguage\":\"fr-FR\",\"@id\":\"https:\\\/\\\/secure.gravatar.com\\\/avatar\\\/fc672c5d32dec8b323e48becfe5a966d7d87b500bc73ae1712919ac83cddfea3?s=96&d=mm&r=g\",\"url\":\"https:\\\/\\\/secure.gravatar.com\\\/avatar\\\/fc672c5d32dec8b323e48becfe5a966d7d87b500bc73ae1712919ac83cddfea3?s=96&d=mm&r=g\",\"contentUrl\":\"https:\\\/\\\/secure.gravatar.com\\\/avatar\\\/fc672c5d32dec8b323e48becfe5a966d7d87b500bc73ae1712919ac83cddfea3?s=96&d=mm&r=g\",\"caption\":\"Fred\"},\"sameAs\":[\"http:\\\/\\\/www.wamabi.be\\\/\"],\"url\":\"https:\\\/\\\/wamabi.be\\\/site\\\/author\\\/fred\\\/\"}]}<\/script>\n<!-- \/ Yoast SEO plugin. -->","yoast_head_json":{"title":"BIBLIO-CAF\u00c9 - La programmation \u00e0 Malmedy [2023] - Wamabi","robots":{"index":"index","follow":"follow","max-snippet":"max-snippet:-1","max-image-preview":"max-image-preview:large","max-video-preview":"max-video-preview:-1"},"canonical":"https:\/\/wamabi.be\/site\/rin-dnou-la-programmation-a-malmedy-2023\/","og_locale":"fr_FR","og_type":"article","og_title":"BIBLIO-CAF\u00c9 - La programmation \u00e0 Malmedy [2023] - Wamabi","og_description":"Organis\u00e9 par la biblioth\u00e8que, le projet \u00ab Rin d&rsquo;no\u00fb \u00bb existe depuis avril 2015 \u00e0 l\u2019initiative du Conseil consultatif communal des A\u00een\u00e9s et du CPAS de Malmedy. Aujourd&rsquo;hui, les activit\u00e9s se sont diversifi\u00e9es et se d\u00e9roulent \u00e0 la biblioth\u00e8que tous les 3e jeudis du mois de 14 \u00e0 17h. D\u00e9couvrez-ici le programme de ces apr\u00e8s-midi [&hellip;]","og_url":"https:\/\/wamabi.be\/site\/rin-dnou-la-programmation-a-malmedy-2023\/","og_site_name":"Wamabi","article_published_time":"2023-11-25T12:31:18+00:00","article_modified_time":"2023-12-08T08:15:47+00:00","og_image":[{"width":2560,"height":1707,"url":"https:\/\/wamabi.be\/site\/wp-content\/pop-up-scaled.jpg","type":"image\/jpeg"}],"author":"Fred","twitter_card":"summary_large_image","twitter_misc":{"\u00c9crit par":"Fred","Dur\u00e9e de lecture estim\u00e9e":"4 minutes"},"schema":{"@context":"https:\/\/schema.org","@graph":[{"@type":"Article","@id":"https:\/\/wamabi.be\/site\/rin-dnou-la-programmation-a-malmedy-2023\/#article","isPartOf":{"@id":"https:\/\/wamabi.be\/site\/rin-dnou-la-programmation-a-malmedy-2023\/"},"author":{"name":"Fred","@id":"https:\/\/wamabi.be\/site\/#\/schema\/person\/d215542c812823ee78920d76e619749c"},"headline":"BIBLIO-CAF\u00c9 &#8211; La programmation \u00e0 Malmedy [2023]","datePublished":"2023-11-25T12:31:18+00:00","dateModified":"2023-12-08T08:15:47+00:00","mainEntityOfPage":{"@id":"https:\/\/wamabi.be\/site\/rin-dnou-la-programmation-a-malmedy-2023\/"},"wordCount":520,"commentCount":0,"publisher":{"@id":"https:\/\/wamabi.be\/site\/#organization"},"image":{"@id":"https:\/\/wamabi.be\/site\/rin-dnou-la-programmation-a-malmedy-2023\/#primaryimage"},"thumbnailUrl":"https:\/\/wamabi.be\/site\/wp-content\/pop-up-scaled.jpg","inLanguage":"fr-FR","potentialAction":[{"@type":"CommentAction","name":"Comment","target":["https:\/\/wamabi.be\/site\/rin-dnou-la-programmation-a-malmedy-2023\/#respond"]}]},{"@type":"WebPage","@id":"https:\/\/wamabi.be\/site\/rin-dnou-la-programmation-a-malmedy-2023\/","url":"https:\/\/wamabi.be\/site\/rin-dnou-la-programmation-a-malmedy-2023\/","name":"BIBLIO-CAF\u00c9 - La programmation \u00e0 Malmedy [2023] - Wamabi","isPartOf":{"@id":"https:\/\/wamabi.be\/site\/#website"},"primaryImageOfPage":{"@id":"https:\/\/wamabi.be\/site\/rin-dnou-la-programmation-a-malmedy-2023\/#primaryimage"},"image":{"@id":"https:\/\/wamabi.be\/site\/rin-dnou-la-programmation-a-malmedy-2023\/#primaryimage"},"thumbnailUrl":"https:\/\/wamabi.be\/site\/wp-content\/pop-up-scaled.jpg","datePublished":"2023-11-25T12:31:18+00:00","dateModified":"2023-12-08T08:15:47+00:00","breadcrumb":{"@id":"https:\/\/wamabi.be\/site\/rin-dnou-la-programmation-a-malmedy-2023\/#breadcrumb"},"inLanguage":"fr-FR","potentialAction":[{"@type":"ReadAction","target":["https:\/\/wamabi.be\/site\/rin-dnou-la-programmation-a-malmedy-2023\/"]}]},{"@type":"ImageObject","inLanguage":"fr-FR","@id":"https:\/\/wamabi.be\/site\/rin-dnou-la-programmation-a-malmedy-2023\/#primaryimage","url":"https:\/\/wamabi.be\/site\/wp-content\/pop-up-scaled.jpg","contentUrl":"https:\/\/wamabi.be\/site\/wp-content\/pop-up-scaled.jpg","width":2560,"height":1707},{"@type":"BreadcrumbList","@id":"https:\/\/wamabi.be\/site\/rin-dnou-la-programmation-a-malmedy-2023\/#breadcrumb","itemListElement":[{"@type":"ListItem","position":1,"name":"Accueil","item":"https:\/\/wamabi.be\/site\/"},{"@type":"ListItem","position":2,"name":"BIBLIO-CAF\u00c9 &#8211; La programmation \u00e0 Malmedy [2023]"}]},{"@type":"WebSite","@id":"https:\/\/wamabi.be\/site\/#website","url":"https:\/\/wamabi.be\/site\/","name":"Wamabi","description":"Wamabi - Biblioth\u00e8ques de Waimes et de Malmedy","publisher":{"@id":"https:\/\/wamabi.be\/site\/#organization"},"potentialAction":[{"@type":"SearchAction","target":{"@type":"EntryPoint","urlTemplate":"https:\/\/wamabi.be\/site\/?s={search_term_string}"},"query-input":{"@type":"PropertyValueSpecification","valueRequired":true,"valueName":"search_term_string"}}],"inLanguage":"fr-FR"},{"@type":"Organization","@id":"https:\/\/wamabi.be\/site\/#organization","name":"Wamabi","url":"https:\/\/wamabi.be\/site\/","logo":{"@type":"ImageObject","inLanguage":"fr-FR","@id":"https:\/\/wamabi.be\/site\/#\/schema\/logo\/image\/","url":"https:\/\/wamabi.be\/site\/wp-content\/cropped-cropped-Dragon-noir-et-blanc-transparent-carre-1.png","contentUrl":"https:\/\/wamabi.be\/site\/wp-content\/cropped-cropped-Dragon-noir-et-blanc-transparent-carre-1.png","width":2321,"height":2321,"caption":"Wamabi"},"image":{"@id":"https:\/\/wamabi.be\/site\/#\/schema\/logo\/image\/"}},{"@type":"Person","@id":"https:\/\/wamabi.be\/site\/#\/schema\/person\/d215542c812823ee78920d76e619749c","name":"Fred","image":{"@type":"ImageObject","inLanguage":"fr-FR","@id":"https:\/\/secure.gravatar.com\/avatar\/fc672c5d32dec8b323e48becfe5a966d7d87b500bc73ae1712919ac83cddfea3?s=96&d=mm&r=g","url":"https:\/\/secure.gravatar.com\/avatar\/fc672c5d32dec8b323e48becfe5a966d7d87b500bc73ae1712919ac83cddfea3?s=96&d=mm&r=g","contentUrl":"https:\/\/secure.gravatar.com\/avatar\/fc672c5d32dec8b323e48becfe5a966d7d87b500bc73ae1712919ac83cddfea3?s=96&d=mm&r=g","caption":"Fred"},"sameAs":["http:\/\/www.wamabi.be\/"],"url":"https:\/\/wamabi.be\/site\/author\/fred\/"}]}},"_links":{"self":[{"href":"https:\/\/wamabi.be\/site\/wp-json\/wp\/v2\/posts\/12860","targetHints":{"allow":["GET"]}}],"collection":[{"href":"https:\/\/wamabi.be\/site\/wp-json\/wp\/v2\/posts"}],"about":[{"href":"https:\/\/wamabi.be\/site\/wp-json\/wp\/v2\/types\/post"}],"author":[{"embeddable":true,"href":"https:\/\/wamabi.be\/site\/wp-json\/wp\/v2\/users\/14"}],"replies":[{"embeddable":true,"href":"https:\/\/wamabi.be\/site\/wp-json\/wp\/v2\/comments?post=12860"}],"version-history":[{"count":20,"href":"https:\/\/wamabi.be\/site\/wp-json\/wp\/v2\/posts\/12860\/revisions"}],"predecessor-version":[{"id":13415,"href":"https:\/\/wamabi.be\/site\/wp-json\/wp\/v2\/posts\/12860\/revisions\/13415"}],"wp:featuredmedia":[{"embeddable":true,"href":"https:\/\/wamabi.be\/site\/wp-json\/wp\/v2\/media\/13394"}],"wp:attachment":[{"href":"https:\/\/wamabi.be\/site\/wp-json\/wp\/v2\/media?parent=12860"}],"wp:term":[{"taxonomy":"category","embeddable":true,"href":"https:\/\/wamabi.be\/site\/wp-json\/wp\/v2\/categories?post=12860"},{"taxonomy":"post_tag","embeddable":true,"href":"https:\/\/wamabi.be\/site\/wp-json\/wp\/v2\/tags?post=12860"}],"curies":[{"name":"wp","href":"https:\/\/api.w.org\/{rel}","templated":true}]}}