{"id":12229,"date":"2022-02-08T13:41:53","date_gmt":"2022-02-08T12:41:53","guid":{"rendered":"https:\/\/wamabi.be\/site\/?p=12229"},"modified":"2022-02-08T13:57:52","modified_gmt":"2022-02-08T12:57:52","slug":"cercle-de-lecture-et-prix-horizon","status":"publish","type":"post","link":"https:\/\/wamabi.be\/site\/cercle-de-lecture-et-prix-horizon\/","title":{"rendered":"CERCLE DE LECTURE et PRIX HORIZON"},"content":{"rendered":"<p><a href=\"http:\/\/catalogue.wamabi.be\/smartspamweb\/FullBB.csp?WebAction=ShowFullBB&amp;EncodedRequest=*DF*83*5C*15*C7*FA*8D*3A*16*BC*D6*7B0*05*93*25&amp;Profile=Profile12&amp;OpacLanguage=fre&amp;NumberToRetrieve=50&amp;StartValue=2&amp;WebPageNr=1&amp;SearchTerm1=DUPONT%20MONOD%20CLARA%20.2.317515&amp;SearchT1=&amp;Index1=Uindex11&amp;SearchMethod=Find_1&amp;ItemNr=2\"><img loading=\"lazy\" decoding=\"async\" class=\"alignleft wp-image-12231 size-full\" src=\"https:\/\/wamabi.be\/site\/wp-content\/51iLHOTSUpS._SX195_.jpg\" alt=\"\" width=\"195\" height=\"311\" srcset=\"https:\/\/wamabi.be\/site\/wp-content\/51iLHOTSUpS._SX195_.jpg 195w, https:\/\/wamabi.be\/site\/wp-content\/51iLHOTSUpS._SX195_-188x300.jpg 188w\" sizes=\"auto, (max-width: 195px) 100vw, 195px\" \/><\/a><strong>Le cercle de lecture de la biblioth\u00e8que de Malmedy vous donne rendez-vous le mardi 15 mars \u00e0 14h30. Nous aurons le plaisir d&rsquo;y discuter du dernier roman de Clara Dupont-Monod \u00ab\u00a0<em>S&rsquo;adapter<\/em>\u00ab\u00a0<\/strong><\/p>\n<p>\u00ab\u00a0<em>C\u2019est l\u2019histoire d\u2019un enfant aux yeux noirs qui flottent, et s\u2019\u00e9chappent dans le vague, un enfant toujours allong\u00e9, aux joues douces et rebondies, aux jambes translucides et vein\u00e9es de bleu, au filet de voix haut, aux pieds recourb\u00e9s et au palais creux, un b\u00e9b\u00e9 \u00e9ternel, un enfant inadapt\u00e9 qui trace une fronti\u00e8re invisible entre sa famille et les autres. C\u2019est l\u2019histoire de sa place dans la maison c\u00e9venole o\u00f9 il na\u00eet, au milieu de la nature puissante et des montagnes protectrices ; de sa place dans la fratrie et dans les enfances boulevers\u00e9es. Celle de l\u2019a\u00een\u00e9 qui fusionne avec l\u2019enfant, qui, joue contre joue, attentionn\u00e9 et presque siamois, s\u2019y attache, s\u2019y abandonne et s\u2019y perd. Celle de la cadette, en qui s\u2019implante le d\u00e9go\u00fbt et la col\u00e8re, le rejet de l\u2019enfant qui aspire la joie de ses parents et l\u2019\u00e9nergie de l\u2019a\u00een\u00e9. Celle du petit dernier qui vit dans l\u2019ombre des fant\u00f4mes familiaux tout en portant la renaissance d\u2019un pr\u00e9sent hors de la m\u00e9moire.<\/em><\/p>\n<p><em>Comme dans un conte, les pierres de la cour t\u00e9moignent. Comme dans les contes, la force vient des enfants, de l\u2019amour fou de l\u2019a\u00een\u00e9 qui prot\u00e8ge, de la cadette r\u00e9volt\u00e9e qui rejettera le chagrin pour sauver la famille \u00e0 la d\u00e9rive. Du dernier qui saura r\u00e9concilier les histoires.<\/em><\/p>\n<p><em>La naissance d&rsquo;un enfant handicap\u00e9 racont\u00e9e par sa fratrie.<\/em><\/p>\n<p><em>Un livre magnifique et lumineux.<\/em>\u00a0\u00bb<\/p>\n<p><strong>De plus, comme en 2020, les membres du Cercle de Lecture de la biblioth\u00e8que de Malmedy participeront \u00e0 l\u2019\u00e9lection du meilleur second roman, dans le cadre du prix Horizon.<\/strong><\/p>\n<p>La Ville de Marche-en-Famenne, en collaboration avec la Province de Luxembourg et la R\u00e9gion Grand-Est, organise un Prix (Prix Horizon) et un Festival bisannuel du deuxi\u00e8me Roman de la Francophonie. Depuis 2012, ce prix est propos\u00e9 \u00e0 tous les \u00e9crivains de langue fran\u00e7aise, auteurs d\u2019un deuxi\u00e8me roman publi\u00e9 \u00e0 compte d\u2019\u00e9diteur dans un pays francophone. Il est d\u00e9cern\u00e9 par de simples lecteurs et lectrices regroup\u00e9s en comit\u00e9s, dans le but de cr\u00e9er une animation de promotion de la lecture au sein de la F\u00e9d\u00e9ration Wallonie-Bruxelles de Belgique et d\u2019autres pays francophones.<\/p>\n<p>Le 21 mai prochain, nos lectrices et lecteurs se r\u00e9uniront \u00e0 Marche avec d\u2019autres membres de comit\u00e9s autour d\u2019Armel Job, pr\u00e9sident du jury, afin de participer au vote qui d\u00e9cidera du meilleur roman. Si vous souhaitez participer \u00e0 cette \u00e9dition n\u2019h\u00e9sitez pas \u00e0 nous contacter !<\/p>\n<p>Pour cette \u00e9dition les finalistes sont\u00a0:<\/p>\n<div id='gallery-1' class='czr-gallery row flex-row czr-gallery-style gallery galleryid-12229 gallery-columns-5 gallery-size-full'><figure class='gallery-item col col-auto'>\r\n                        <div class='gallery-icon portrait czr-gallery-icon'>\r\n                              <a href=https:\/\/wamabi.be\/site\/cercle-de-lecture-et-prix-horizon\/coeur\/ class=\"bg-link\"><\/a><img loading=\"lazy\" decoding=\"async\" width=\"195\" height=\"311\" src=\"https:\/\/wamabi.be\/site\/wp-content\/coeur.jpg\" class=\"attachment-full size-full\" alt=\"\" sizes=\"auto, (min-width: 1200px) 198px, (min-width: 992px) 162px, (min-width: 768px) 114px, (min-width: 576px) 105px, calc( 50vw - 30px )\" srcset=\"https:\/\/wamabi.be\/site\/wp-content\/coeur.jpg 195w, https:\/\/wamabi.be\/site\/wp-content\/coeur-188x300.jpg 188w\" \/><div class=\"post-action btn btn-skin-dark-shaded inverted\"><a href=\"https:\/\/wamabi.be\/site\/wp-content\/coeur.jpg\" class=\"icn-expand\" data-lb-type=\"grouped-gallery\"><\/a><\/div>\r\n                        <\/div><\/figure><figure class='gallery-item col col-auto'>\r\n                        <div class='gallery-icon portrait czr-gallery-icon'>\r\n                              <a href=https:\/\/wamabi.be\/site\/cercle-de-lecture-et-prix-horizon\/elise\/ class=\"bg-link\"><\/a><img loading=\"lazy\" decoding=\"async\" width=\"250\" height=\"398\" src=\"https:\/\/wamabi.be\/site\/wp-content\/Elise.jpg\" class=\"attachment-full size-full\" alt=\"\" sizes=\"auto, (min-width: 1200px) 198px, (min-width: 992px) 162px, (min-width: 768px) 114px, (min-width: 576px) 105px, calc( 50vw - 30px )\" srcset=\"https:\/\/wamabi.be\/site\/wp-content\/Elise.jpg 250w, https:\/\/wamabi.be\/site\/wp-content\/Elise-188x300.jpg 188w\" \/><div class=\"post-action btn btn-skin-dark-shaded inverted\"><a href=\"https:\/\/wamabi.be\/site\/wp-content\/Elise.jpg\" class=\"icn-expand\" data-lb-type=\"grouped-gallery\"><\/a><\/div>\r\n                        <\/div><\/figure><figure class='gallery-item col col-auto'>\r\n                        <div class='gallery-icon portrait czr-gallery-icon'>\r\n                              <a href=https:\/\/wamabi.be\/site\/cercle-de-lecture-et-prix-horizon\/campagne\/ class=\"bg-link\"><\/a><img loading=\"lazy\" decoding=\"async\" width=\"195\" height=\"285\" src=\"https:\/\/wamabi.be\/site\/wp-content\/Campagne.jpg\" class=\"attachment-full size-full\" alt=\"\" sizes=\"auto, (min-width: 1200px) 198px, (min-width: 992px) 162px, (min-width: 768px) 114px, (min-width: 576px) 105px, calc( 50vw - 30px )\" \/><div class=\"post-action btn btn-skin-dark-shaded inverted\"><a href=\"https:\/\/wamabi.be\/site\/wp-content\/Campagne.jpg\" class=\"icn-expand\" data-lb-type=\"grouped-gallery\"><\/a><\/div>\r\n                        <\/div><\/figure><figure class='gallery-item col col-auto'>\r\n                        <div class='gallery-icon portrait czr-gallery-icon'>\r\n                              <a href=https:\/\/wamabi.be\/site\/cercle-de-lecture-et-prix-horizon\/narcisses\/ class=\"bg-link\"><\/a><img loading=\"lazy\" decoding=\"async\" width=\"195\" height=\"285\" src=\"https:\/\/wamabi.be\/site\/wp-content\/Narcisses.jpg\" class=\"attachment-full size-full\" alt=\"\" sizes=\"auto, (min-width: 1200px) 198px, (min-width: 992px) 162px, (min-width: 768px) 114px, (min-width: 576px) 105px, calc( 50vw - 30px )\" \/><div class=\"post-action btn btn-skin-dark-shaded inverted\"><a href=\"https:\/\/wamabi.be\/site\/wp-content\/Narcisses.jpg\" class=\"icn-expand\" data-lb-type=\"grouped-gallery\"><\/a><\/div>\r\n                        <\/div><\/figure><figure class='gallery-item col col-auto'>\r\n                        <div class='gallery-icon portrait czr-gallery-icon'>\r\n                              <a href=https:\/\/wamabi.be\/site\/cercle-de-lecture-et-prix-horizon\/attachment\/9782081518650\/ class=\"bg-link\"><\/a><img loading=\"lazy\" decoding=\"async\" width=\"293\" height=\"456\" src=\"https:\/\/wamabi.be\/site\/wp-content\/9782081518650.jpg\" class=\"attachment-full size-full\" alt=\"\" sizes=\"auto, (min-width: 1200px) 198px, (min-width: 992px) 162px, (min-width: 768px) 114px, (min-width: 576px) 105px, calc( 50vw - 30px )\" srcset=\"https:\/\/wamabi.be\/site\/wp-content\/9782081518650.jpg 293w, https:\/\/wamabi.be\/site\/wp-content\/9782081518650-193x300.jpg 193w\" \/><div class=\"post-action btn btn-skin-dark-shaded inverted\"><a href=\"https:\/\/wamabi.be\/site\/wp-content\/9782081518650.jpg\" class=\"icn-expand\" data-lb-type=\"grouped-gallery\"><\/a><\/div>\r\n                        <\/div><\/figure>\r\n                  <\/div>\n\n<p>&nbsp;<\/p>\n<p>&nbsp;<\/p>\n<p>&nbsp;<\/p>\n<p>&nbsp;<\/p>\n<p>&nbsp;<\/p>\n<p>&nbsp;<\/p>\n<p>&nbsp;<\/p>\n<p>&nbsp;<\/p>\n<p>&nbsp;<\/p>\n<p>&nbsp;<\/p>\n<p>&nbsp;<\/p>\n","protected":false},"excerpt":{"rendered":"<p>Le cercle de lecture de la biblioth\u00e8que de Malmedy vous donne rendez-vous le mardi 15 mars \u00e0 14h30. Nous aurons le plaisir d&rsquo;y discuter du dernier roman de Clara Dupont-Monod \u00ab\u00a0S&rsquo;adapter\u00ab\u00a0 \u00ab\u00a0C\u2019est l\u2019histoire d\u2019un enfant aux yeux noirs qui flottent, et s\u2019\u00e9chappent dans le vague, un enfant toujours allong\u00e9, aux joues douces et rebondies, aux [&hellip;]<\/p>\n","protected":false},"author":2,"featured_media":12231,"comment_status":"open","ping_status":"open","sticky":false,"template":"","format":"standard","meta":{"_seopress_robots_primary_cat":"","_seopress_titles_title":"","_seopress_titles_desc":"","_seopress_robots_index":"","footnotes":""},"categories":[1],"tags":[25],"class_list":{"0":"post-12229","1":"post","2":"type-post","3":"status-publish","4":"format-standard","5":"has-post-thumbnail","7":"category-non-classe","8":"tag-cercle-de-lecture","9":"czr-hentry"},"yoast_head":"<!-- This site is optimized with the Yoast SEO plugin v27.5 - https:\/\/yoast.com\/product\/yoast-seo-wordpress\/ -->\n<title>CERCLE DE LECTURE et PRIX HORIZON - Wamabi<\/title>\n<meta name=\"robots\" content=\"index, follow, max-snippet:-1, max-image-preview:large, max-video-preview:-1\" \/>\n<link rel=\"canonical\" href=\"https:\/\/wamabi.be\/site\/cercle-de-lecture-et-prix-horizon\/\" \/>\n<meta property=\"og:locale\" content=\"fr_FR\" \/>\n<meta property=\"og:type\" content=\"article\" \/>\n<meta property=\"og:title\" content=\"CERCLE DE LECTURE et PRIX HORIZON - Wamabi\" \/>\n<meta property=\"og:description\" content=\"Le cercle de lecture de la biblioth\u00e8que de Malmedy vous donne rendez-vous le mardi 15 mars \u00e0 14h30. Nous aurons le plaisir d&rsquo;y discuter du dernier roman de Clara Dupont-Monod \u00ab\u00a0S&rsquo;adapter\u00ab\u00a0 \u00ab\u00a0C\u2019est l\u2019histoire d\u2019un enfant aux yeux noirs qui flottent, et s\u2019\u00e9chappent dans le vague, un enfant toujours allong\u00e9, aux joues douces et rebondies, aux [&hellip;]\" \/>\n<meta property=\"og:url\" content=\"https:\/\/wamabi.be\/site\/cercle-de-lecture-et-prix-horizon\/\" \/>\n<meta property=\"og:site_name\" content=\"Wamabi\" \/>\n<meta property=\"article:published_time\" content=\"2022-02-08T12:41:53+00:00\" \/>\n<meta property=\"article:modified_time\" content=\"2022-02-08T12:57:52+00:00\" \/>\n<meta property=\"og:image\" content=\"https:\/\/wamabi.be\/site\/wp-content\/51iLHOTSUpS._SX195_.jpg\" \/>\n\t<meta property=\"og:image:width\" content=\"195\" \/>\n\t<meta property=\"og:image:height\" content=\"311\" \/>\n\t<meta property=\"og:image:type\" content=\"image\/jpeg\" \/>\n<meta name=\"author\" content=\"Sophie\" \/>\n<meta name=\"twitter:card\" content=\"summary_large_image\" \/>\n<meta name=\"twitter:label1\" content=\"\u00c9crit par\" \/>\n\t<meta name=\"twitter:data1\" content=\"Sophie\" \/>\n\t<meta name=\"twitter:label2\" content=\"Dur\u00e9e de lecture estim\u00e9e\" \/>\n\t<meta name=\"twitter:data2\" content=\"2 minutes\" \/>\n<script type=\"application\/ld+json\" class=\"yoast-schema-graph\">{\"@context\":\"https:\\\/\\\/schema.org\",\"@graph\":[{\"@type\":\"Article\",\"@id\":\"https:\\\/\\\/wamabi.be\\\/site\\\/cercle-de-lecture-et-prix-horizon\\\/#article\",\"isPartOf\":{\"@id\":\"https:\\\/\\\/wamabi.be\\\/site\\\/cercle-de-lecture-et-prix-horizon\\\/\"},\"author\":{\"name\":\"Sophie\",\"@id\":\"https:\\\/\\\/wamabi.be\\\/site\\\/#\\\/schema\\\/person\\\/2c9867b4729120338e3679f234509129\"},\"headline\":\"CERCLE DE LECTURE et PRIX HORIZON\",\"datePublished\":\"2022-02-08T12:41:53+00:00\",\"dateModified\":\"2022-02-08T12:57:52+00:00\",\"mainEntityOfPage\":{\"@id\":\"https:\\\/\\\/wamabi.be\\\/site\\\/cercle-de-lecture-et-prix-horizon\\\/\"},\"wordCount\":506,\"commentCount\":0,\"publisher\":{\"@id\":\"https:\\\/\\\/wamabi.be\\\/site\\\/#organization\"},\"image\":{\"@id\":\"https:\\\/\\\/wamabi.be\\\/site\\\/cercle-de-lecture-et-prix-horizon\\\/#primaryimage\"},\"thumbnailUrl\":\"https:\\\/\\\/wamabi.be\\\/site\\\/wp-content\\\/51iLHOTSUpS._SX195_.jpg\",\"keywords\":[\"Cercle de lecture\"],\"inLanguage\":\"fr-FR\",\"potentialAction\":[{\"@type\":\"CommentAction\",\"name\":\"Comment\",\"target\":[\"https:\\\/\\\/wamabi.be\\\/site\\\/cercle-de-lecture-et-prix-horizon\\\/#respond\"]}]},{\"@type\":\"WebPage\",\"@id\":\"https:\\\/\\\/wamabi.be\\\/site\\\/cercle-de-lecture-et-prix-horizon\\\/\",\"url\":\"https:\\\/\\\/wamabi.be\\\/site\\\/cercle-de-lecture-et-prix-horizon\\\/\",\"name\":\"CERCLE DE LECTURE et PRIX HORIZON - Wamabi\",\"isPartOf\":{\"@id\":\"https:\\\/\\\/wamabi.be\\\/site\\\/#website\"},\"primaryImageOfPage\":{\"@id\":\"https:\\\/\\\/wamabi.be\\\/site\\\/cercle-de-lecture-et-prix-horizon\\\/#primaryimage\"},\"image\":{\"@id\":\"https:\\\/\\\/wamabi.be\\\/site\\\/cercle-de-lecture-et-prix-horizon\\\/#primaryimage\"},\"thumbnailUrl\":\"https:\\\/\\\/wamabi.be\\\/site\\\/wp-content\\\/51iLHOTSUpS._SX195_.jpg\",\"datePublished\":\"2022-02-08T12:41:53+00:00\",\"dateModified\":\"2022-02-08T12:57:52+00:00\",\"breadcrumb\":{\"@id\":\"https:\\\/\\\/wamabi.be\\\/site\\\/cercle-de-lecture-et-prix-horizon\\\/#breadcrumb\"},\"inLanguage\":\"fr-FR\",\"potentialAction\":[{\"@type\":\"ReadAction\",\"target\":[\"https:\\\/\\\/wamabi.be\\\/site\\\/cercle-de-lecture-et-prix-horizon\\\/\"]}]},{\"@type\":\"ImageObject\",\"inLanguage\":\"fr-FR\",\"@id\":\"https:\\\/\\\/wamabi.be\\\/site\\\/cercle-de-lecture-et-prix-horizon\\\/#primaryimage\",\"url\":\"https:\\\/\\\/wamabi.be\\\/site\\\/wp-content\\\/51iLHOTSUpS._SX195_.jpg\",\"contentUrl\":\"https:\\\/\\\/wamabi.be\\\/site\\\/wp-content\\\/51iLHOTSUpS._SX195_.jpg\",\"width\":195,\"height\":311},{\"@type\":\"BreadcrumbList\",\"@id\":\"https:\\\/\\\/wamabi.be\\\/site\\\/cercle-de-lecture-et-prix-horizon\\\/#breadcrumb\",\"itemListElement\":[{\"@type\":\"ListItem\",\"position\":1,\"name\":\"Accueil\",\"item\":\"https:\\\/\\\/wamabi.be\\\/site\\\/\"},{\"@type\":\"ListItem\",\"position\":2,\"name\":\"CERCLE DE LECTURE et PRIX HORIZON\"}]},{\"@type\":\"WebSite\",\"@id\":\"https:\\\/\\\/wamabi.be\\\/site\\\/#website\",\"url\":\"https:\\\/\\\/wamabi.be\\\/site\\\/\",\"name\":\"Wamabi\",\"description\":\"Wamabi - Biblioth\u00e8ques de Waimes et de Malmedy\",\"publisher\":{\"@id\":\"https:\\\/\\\/wamabi.be\\\/site\\\/#organization\"},\"potentialAction\":[{\"@type\":\"SearchAction\",\"target\":{\"@type\":\"EntryPoint\",\"urlTemplate\":\"https:\\\/\\\/wamabi.be\\\/site\\\/?s={search_term_string}\"},\"query-input\":{\"@type\":\"PropertyValueSpecification\",\"valueRequired\":true,\"valueName\":\"search_term_string\"}}],\"inLanguage\":\"fr-FR\"},{\"@type\":\"Organization\",\"@id\":\"https:\\\/\\\/wamabi.be\\\/site\\\/#organization\",\"name\":\"Wamabi\",\"url\":\"https:\\\/\\\/wamabi.be\\\/site\\\/\",\"logo\":{\"@type\":\"ImageObject\",\"inLanguage\":\"fr-FR\",\"@id\":\"https:\\\/\\\/wamabi.be\\\/site\\\/#\\\/schema\\\/logo\\\/image\\\/\",\"url\":\"https:\\\/\\\/wamabi.be\\\/site\\\/wp-content\\\/cropped-cropped-Dragon-noir-et-blanc-transparent-carre-1.png\",\"contentUrl\":\"https:\\\/\\\/wamabi.be\\\/site\\\/wp-content\\\/cropped-cropped-Dragon-noir-et-blanc-transparent-carre-1.png\",\"width\":2321,\"height\":2321,\"caption\":\"Wamabi\"},\"image\":{\"@id\":\"https:\\\/\\\/wamabi.be\\\/site\\\/#\\\/schema\\\/logo\\\/image\\\/\"}},{\"@type\":\"Person\",\"@id\":\"https:\\\/\\\/wamabi.be\\\/site\\\/#\\\/schema\\\/person\\\/2c9867b4729120338e3679f234509129\",\"name\":\"Sophie\",\"image\":{\"@type\":\"ImageObject\",\"inLanguage\":\"fr-FR\",\"@id\":\"https:\\\/\\\/secure.gravatar.com\\\/avatar\\\/87d1ed6ef08a63fb5d1c58bf2ce599a25fd61939c6ee2b5eafa11a452df6ef76?s=96&d=mm&r=g\",\"url\":\"https:\\\/\\\/secure.gravatar.com\\\/avatar\\\/87d1ed6ef08a63fb5d1c58bf2ce599a25fd61939c6ee2b5eafa11a452df6ef76?s=96&d=mm&r=g\",\"contentUrl\":\"https:\\\/\\\/secure.gravatar.com\\\/avatar\\\/87d1ed6ef08a63fb5d1c58bf2ce599a25fd61939c6ee2b5eafa11a452df6ef76?s=96&d=mm&r=g\",\"caption\":\"Sophie\"},\"sameAs\":[\"http:\\\/\\\/wamabi.be\"],\"url\":\"https:\\\/\\\/wamabi.be\\\/site\\\/author\\\/sophie\\\/\"}]}<\/script>\n<!-- \/ Yoast SEO plugin. -->","yoast_head_json":{"title":"CERCLE DE LECTURE et PRIX HORIZON - Wamabi","robots":{"index":"index","follow":"follow","max-snippet":"max-snippet:-1","max-image-preview":"max-image-preview:large","max-video-preview":"max-video-preview:-1"},"canonical":"https:\/\/wamabi.be\/site\/cercle-de-lecture-et-prix-horizon\/","og_locale":"fr_FR","og_type":"article","og_title":"CERCLE DE LECTURE et PRIX HORIZON - Wamabi","og_description":"Le cercle de lecture de la biblioth\u00e8que de Malmedy vous donne rendez-vous le mardi 15 mars \u00e0 14h30. Nous aurons le plaisir d&rsquo;y discuter du dernier roman de Clara Dupont-Monod \u00ab\u00a0S&rsquo;adapter\u00ab\u00a0 \u00ab\u00a0C\u2019est l\u2019histoire d\u2019un enfant aux yeux noirs qui flottent, et s\u2019\u00e9chappent dans le vague, un enfant toujours allong\u00e9, aux joues douces et rebondies, aux [&hellip;]","og_url":"https:\/\/wamabi.be\/site\/cercle-de-lecture-et-prix-horizon\/","og_site_name":"Wamabi","article_published_time":"2022-02-08T12:41:53+00:00","article_modified_time":"2022-02-08T12:57:52+00:00","og_image":[{"width":195,"height":311,"url":"https:\/\/wamabi.be\/site\/wp-content\/51iLHOTSUpS._SX195_.jpg","type":"image\/jpeg"}],"author":"Sophie","twitter_card":"summary_large_image","twitter_misc":{"\u00c9crit par":"Sophie","Dur\u00e9e de lecture estim\u00e9e":"2 minutes"},"schema":{"@context":"https:\/\/schema.org","@graph":[{"@type":"Article","@id":"https:\/\/wamabi.be\/site\/cercle-de-lecture-et-prix-horizon\/#article","isPartOf":{"@id":"https:\/\/wamabi.be\/site\/cercle-de-lecture-et-prix-horizon\/"},"author":{"name":"Sophie","@id":"https:\/\/wamabi.be\/site\/#\/schema\/person\/2c9867b4729120338e3679f234509129"},"headline":"CERCLE DE LECTURE et PRIX HORIZON","datePublished":"2022-02-08T12:41:53+00:00","dateModified":"2022-02-08T12:57:52+00:00","mainEntityOfPage":{"@id":"https:\/\/wamabi.be\/site\/cercle-de-lecture-et-prix-horizon\/"},"wordCount":506,"commentCount":0,"publisher":{"@id":"https:\/\/wamabi.be\/site\/#organization"},"image":{"@id":"https:\/\/wamabi.be\/site\/cercle-de-lecture-et-prix-horizon\/#primaryimage"},"thumbnailUrl":"https:\/\/wamabi.be\/site\/wp-content\/51iLHOTSUpS._SX195_.jpg","keywords":["Cercle de lecture"],"inLanguage":"fr-FR","potentialAction":[{"@type":"CommentAction","name":"Comment","target":["https:\/\/wamabi.be\/site\/cercle-de-lecture-et-prix-horizon\/#respond"]}]},{"@type":"WebPage","@id":"https:\/\/wamabi.be\/site\/cercle-de-lecture-et-prix-horizon\/","url":"https:\/\/wamabi.be\/site\/cercle-de-lecture-et-prix-horizon\/","name":"CERCLE DE LECTURE et PRIX HORIZON - Wamabi","isPartOf":{"@id":"https:\/\/wamabi.be\/site\/#website"},"primaryImageOfPage":{"@id":"https:\/\/wamabi.be\/site\/cercle-de-lecture-et-prix-horizon\/#primaryimage"},"image":{"@id":"https:\/\/wamabi.be\/site\/cercle-de-lecture-et-prix-horizon\/#primaryimage"},"thumbnailUrl":"https:\/\/wamabi.be\/site\/wp-content\/51iLHOTSUpS._SX195_.jpg","datePublished":"2022-02-08T12:41:53+00:00","dateModified":"2022-02-08T12:57:52+00:00","breadcrumb":{"@id":"https:\/\/wamabi.be\/site\/cercle-de-lecture-et-prix-horizon\/#breadcrumb"},"inLanguage":"fr-FR","potentialAction":[{"@type":"ReadAction","target":["https:\/\/wamabi.be\/site\/cercle-de-lecture-et-prix-horizon\/"]}]},{"@type":"ImageObject","inLanguage":"fr-FR","@id":"https:\/\/wamabi.be\/site\/cercle-de-lecture-et-prix-horizon\/#primaryimage","url":"https:\/\/wamabi.be\/site\/wp-content\/51iLHOTSUpS._SX195_.jpg","contentUrl":"https:\/\/wamabi.be\/site\/wp-content\/51iLHOTSUpS._SX195_.jpg","width":195,"height":311},{"@type":"BreadcrumbList","@id":"https:\/\/wamabi.be\/site\/cercle-de-lecture-et-prix-horizon\/#breadcrumb","itemListElement":[{"@type":"ListItem","position":1,"name":"Accueil","item":"https:\/\/wamabi.be\/site\/"},{"@type":"ListItem","position":2,"name":"CERCLE DE LECTURE et PRIX HORIZON"}]},{"@type":"WebSite","@id":"https:\/\/wamabi.be\/site\/#website","url":"https:\/\/wamabi.be\/site\/","name":"Wamabi","description":"Wamabi - Biblioth\u00e8ques de Waimes et de Malmedy","publisher":{"@id":"https:\/\/wamabi.be\/site\/#organization"},"potentialAction":[{"@type":"SearchAction","target":{"@type":"EntryPoint","urlTemplate":"https:\/\/wamabi.be\/site\/?s={search_term_string}"},"query-input":{"@type":"PropertyValueSpecification","valueRequired":true,"valueName":"search_term_string"}}],"inLanguage":"fr-FR"},{"@type":"Organization","@id":"https:\/\/wamabi.be\/site\/#organization","name":"Wamabi","url":"https:\/\/wamabi.be\/site\/","logo":{"@type":"ImageObject","inLanguage":"fr-FR","@id":"https:\/\/wamabi.be\/site\/#\/schema\/logo\/image\/","url":"https:\/\/wamabi.be\/site\/wp-content\/cropped-cropped-Dragon-noir-et-blanc-transparent-carre-1.png","contentUrl":"https:\/\/wamabi.be\/site\/wp-content\/cropped-cropped-Dragon-noir-et-blanc-transparent-carre-1.png","width":2321,"height":2321,"caption":"Wamabi"},"image":{"@id":"https:\/\/wamabi.be\/site\/#\/schema\/logo\/image\/"}},{"@type":"Person","@id":"https:\/\/wamabi.be\/site\/#\/schema\/person\/2c9867b4729120338e3679f234509129","name":"Sophie","image":{"@type":"ImageObject","inLanguage":"fr-FR","@id":"https:\/\/secure.gravatar.com\/avatar\/87d1ed6ef08a63fb5d1c58bf2ce599a25fd61939c6ee2b5eafa11a452df6ef76?s=96&d=mm&r=g","url":"https:\/\/secure.gravatar.com\/avatar\/87d1ed6ef08a63fb5d1c58bf2ce599a25fd61939c6ee2b5eafa11a452df6ef76?s=96&d=mm&r=g","contentUrl":"https:\/\/secure.gravatar.com\/avatar\/87d1ed6ef08a63fb5d1c58bf2ce599a25fd61939c6ee2b5eafa11a452df6ef76?s=96&d=mm&r=g","caption":"Sophie"},"sameAs":["http:\/\/wamabi.be"],"url":"https:\/\/wamabi.be\/site\/author\/sophie\/"}]}},"_links":{"self":[{"href":"https:\/\/wamabi.be\/site\/wp-json\/wp\/v2\/posts\/12229","targetHints":{"allow":["GET"]}}],"collection":[{"href":"https:\/\/wamabi.be\/site\/wp-json\/wp\/v2\/posts"}],"about":[{"href":"https:\/\/wamabi.be\/site\/wp-json\/wp\/v2\/types\/post"}],"author":[{"embeddable":true,"href":"https:\/\/wamabi.be\/site\/wp-json\/wp\/v2\/users\/2"}],"replies":[{"embeddable":true,"href":"https:\/\/wamabi.be\/site\/wp-json\/wp\/v2\/comments?post=12229"}],"version-history":[{"count":10,"href":"https:\/\/wamabi.be\/site\/wp-json\/wp\/v2\/posts\/12229\/revisions"}],"predecessor-version":[{"id":12246,"href":"https:\/\/wamabi.be\/site\/wp-json\/wp\/v2\/posts\/12229\/revisions\/12246"}],"wp:featuredmedia":[{"embeddable":true,"href":"https:\/\/wamabi.be\/site\/wp-json\/wp\/v2\/media\/12231"}],"wp:attachment":[{"href":"https:\/\/wamabi.be\/site\/wp-json\/wp\/v2\/media?parent=12229"}],"wp:term":[{"taxonomy":"category","embeddable":true,"href":"https:\/\/wamabi.be\/site\/wp-json\/wp\/v2\/categories?post=12229"},{"taxonomy":"post_tag","embeddable":true,"href":"https:\/\/wamabi.be\/site\/wp-json\/wp\/v2\/tags?post=12229"}],"curies":[{"name":"wp","href":"https:\/\/api.w.org\/{rel}","templated":true}]}}