{"id":12017,"date":"2021-08-30T12:32:25","date_gmt":"2021-08-30T11:32:25","guid":{"rendered":"https:\/\/wamabi.be\/site\/?p=12017"},"modified":"2025-09-10T12:37:26","modified_gmt":"2025-09-10T11:37:26","slug":"ateliers-le-calendrier-consommaverti-2021","status":"publish","type":"post","link":"https:\/\/wamabi.be\/site\/ateliers-le-calendrier-consommaverti-2021\/","title":{"rendered":"ATELIERS \u2013 Le calendrier \u00ab Consommaverti \u00bb [2021]"},"content":{"rendered":"<p><strong>\u00ab Consommaverti \u00bb propose des animations p\u00e9dagogiques qui ont pour objectifs d\u2019informer, d\u2019avertir les participants et leur permettre de poser des choix responsables dans leur consommation et la gestion du budget. <\/strong><strong>Une initiative du <a href=\"https:\/\/www.malmedy.be\/\" target=\"_blank\" rel=\"noopener noreferrer\">CPAS de Malmedy<\/a><\/strong> <strong>avec le soutien de la R\u00e9gion Wallonne.<\/strong><\/p>\n<p><a href=\"https:\/\/wamabi.be\/site\/wp-content\/SKM_C25821083013300.jpg\"><img loading=\"lazy\" decoding=\"async\" class=\"alignnone size-medium wp-image-12018\" src=\"https:\/\/wamabi.be\/site\/wp-content\/SKM_C25821083013300-300x275.jpg\" alt=\"\" width=\"300\" height=\"275\" srcset=\"https:\/\/wamabi.be\/site\/wp-content\/SKM_C25821083013300-300x275.jpg 300w, https:\/\/wamabi.be\/site\/wp-content\/SKM_C25821083013300-1024x939.jpg 1024w, https:\/\/wamabi.be\/site\/wp-content\/SKM_C25821083013300-768x704.jpg 768w, https:\/\/wamabi.be\/site\/wp-content\/SKM_C25821083013300-1536x1408.jpg 1536w, https:\/\/wamabi.be\/site\/wp-content\/SKM_C25821083013300-1320x1210.jpg 1320w, https:\/\/wamabi.be\/site\/wp-content\/SKM_C25821083013300.jpg 1705w\" sizes=\"auto, (max-width: 300px) 100vw, 300px\" \/><\/a><\/p>\n<p>Les animations se d\u00e9roulent le mercredi de 9 \u00e012h \u00e0 la biblioth\u00e8que de Malmedy. Voici le programme :<\/p>\n<ul>\n<li>25\/08 : Les \u00e9conomies d&rsquo;\u00e9nergie au quoitidien<\/li>\n<li>22\/09 : La conservation de l\u00e9gumes par lactofermentation (<em>l&rsquo;animation se d\u00e9roulera exceptionnellement \u00e0 la Grande Maison &#8211; rue Haute Vaulx, 6<\/em> )<\/li>\n<li>13\/10 : Fabrication de produits d&rsquo;entretien<\/li>\n<li>10\/11 : La t\u00e9l\u00e9phonie<\/li>\n<li>01\/12 : Les assurances<\/li>\n<\/ul>\n<p><em>Infos : 080\/799730<\/em> ou <a href=\"mailto:barbara.grodent@cpasmalmedy.be\">barbara.grodent@cpasmalmedy.be<\/a><\/p>\n<p>&nbsp;<\/p>\n","protected":false},"excerpt":{"rendered":"<p>\u00ab Consommaverti \u00bb propose des animations p\u00e9dagogiques qui ont pour objectifs d\u2019informer, d\u2019avertir les participants et leur permettre de poser des choix responsables dans leur consommation et la gestion du budget. Une initiative du CPAS de Malmedy avec le soutien de la R\u00e9gion Wallonne. Les animations se d\u00e9roulent le mercredi de 9 \u00e012h \u00e0 la [&hellip;]<\/p>\n","protected":false},"author":14,"featured_media":0,"comment_status":"open","ping_status":"open","sticky":false,"template":"","format":"standard","meta":{"_seopress_robots_primary_cat":"","_seopress_titles_title":"","_seopress_titles_desc":"","_seopress_robots_index":"","footnotes":""},"categories":[1],"tags":[],"class_list":{"0":"post-12017","1":"post","2":"type-post","3":"status-publish","4":"format-standard","6":"category-non-classe","7":"czr-hentry"},"yoast_head":"<!-- This site is optimized with the Yoast SEO plugin v27.5 - https:\/\/yoast.com\/product\/yoast-seo-wordpress\/ -->\n<title>ATELIERS \u2013 Le calendrier \u00ab Consommaverti \u00bb [2021] - Wamabi<\/title>\n<meta name=\"robots\" content=\"index, follow, max-snippet:-1, max-image-preview:large, max-video-preview:-1\" \/>\n<link rel=\"canonical\" href=\"https:\/\/wamabi.be\/site\/ateliers-le-calendrier-consommaverti-2021\/\" \/>\n<meta property=\"og:locale\" content=\"fr_FR\" \/>\n<meta property=\"og:type\" content=\"article\" \/>\n<meta property=\"og:title\" content=\"ATELIERS \u2013 Le calendrier \u00ab Consommaverti \u00bb [2021] - Wamabi\" \/>\n<meta property=\"og:description\" content=\"\u00ab Consommaverti \u00bb propose des animations p\u00e9dagogiques qui ont pour objectifs d\u2019informer, d\u2019avertir les participants et leur permettre de poser des choix responsables dans leur consommation et la gestion du budget. Une initiative du CPAS de Malmedy avec le soutien de la R\u00e9gion Wallonne. Les animations se d\u00e9roulent le mercredi de 9 \u00e012h \u00e0 la [&hellip;]\" \/>\n<meta property=\"og:url\" content=\"https:\/\/wamabi.be\/site\/ateliers-le-calendrier-consommaverti-2021\/\" \/>\n<meta property=\"og:site_name\" content=\"Wamabi\" \/>\n<meta property=\"article:published_time\" content=\"2021-08-30T11:32:25+00:00\" \/>\n<meta property=\"article:modified_time\" content=\"2025-09-10T11:37:26+00:00\" \/>\n<meta property=\"og:image\" content=\"https:\/\/wamabi.be\/site\/wp-content\/SKM_C25821083013300.jpg\" \/>\n\t<meta property=\"og:image:width\" content=\"1705\" \/>\n\t<meta property=\"og:image:height\" content=\"1563\" \/>\n\t<meta property=\"og:image:type\" content=\"image\/jpeg\" \/>\n<meta name=\"author\" content=\"Fred\" \/>\n<meta name=\"twitter:card\" content=\"summary_large_image\" \/>\n<meta name=\"twitter:label1\" content=\"\u00c9crit par\" \/>\n\t<meta name=\"twitter:data1\" content=\"Fred\" \/>\n\t<meta name=\"twitter:label2\" content=\"Dur\u00e9e de lecture estim\u00e9e\" \/>\n\t<meta name=\"twitter:data2\" content=\"1 minute\" \/>\n<script type=\"application\/ld+json\" class=\"yoast-schema-graph\">{\"@context\":\"https:\\\/\\\/schema.org\",\"@graph\":[{\"@type\":\"Article\",\"@id\":\"https:\\\/\\\/wamabi.be\\\/site\\\/ateliers-le-calendrier-consommaverti-2021\\\/#article\",\"isPartOf\":{\"@id\":\"https:\\\/\\\/wamabi.be\\\/site\\\/ateliers-le-calendrier-consommaverti-2021\\\/\"},\"author\":{\"name\":\"Fred\",\"@id\":\"https:\\\/\\\/wamabi.be\\\/site\\\/#\\\/schema\\\/person\\\/d215542c812823ee78920d76e619749c\"},\"headline\":\"ATELIERS \u2013 Le calendrier \u00ab Consommaverti \u00bb [2021]\",\"datePublished\":\"2021-08-30T11:32:25+00:00\",\"dateModified\":\"2025-09-10T11:37:26+00:00\",\"mainEntityOfPage\":{\"@id\":\"https:\\\/\\\/wamabi.be\\\/site\\\/ateliers-le-calendrier-consommaverti-2021\\\/\"},\"wordCount\":111,\"commentCount\":0,\"publisher\":{\"@id\":\"https:\\\/\\\/wamabi.be\\\/site\\\/#organization\"},\"image\":{\"@id\":\"https:\\\/\\\/wamabi.be\\\/site\\\/ateliers-le-calendrier-consommaverti-2021\\\/#primaryimage\"},\"thumbnailUrl\":\"https:\\\/\\\/wamabi.be\\\/site\\\/wp-content\\\/SKM_C25821083013300-300x275.jpg\",\"inLanguage\":\"fr-FR\",\"potentialAction\":[{\"@type\":\"CommentAction\",\"name\":\"Comment\",\"target\":[\"https:\\\/\\\/wamabi.be\\\/site\\\/ateliers-le-calendrier-consommaverti-2021\\\/#respond\"]}]},{\"@type\":\"WebPage\",\"@id\":\"https:\\\/\\\/wamabi.be\\\/site\\\/ateliers-le-calendrier-consommaverti-2021\\\/\",\"url\":\"https:\\\/\\\/wamabi.be\\\/site\\\/ateliers-le-calendrier-consommaverti-2021\\\/\",\"name\":\"ATELIERS \u2013 Le calendrier \u00ab Consommaverti \u00bb [2021] - Wamabi\",\"isPartOf\":{\"@id\":\"https:\\\/\\\/wamabi.be\\\/site\\\/#website\"},\"primaryImageOfPage\":{\"@id\":\"https:\\\/\\\/wamabi.be\\\/site\\\/ateliers-le-calendrier-consommaverti-2021\\\/#primaryimage\"},\"image\":{\"@id\":\"https:\\\/\\\/wamabi.be\\\/site\\\/ateliers-le-calendrier-consommaverti-2021\\\/#primaryimage\"},\"thumbnailUrl\":\"https:\\\/\\\/wamabi.be\\\/site\\\/wp-content\\\/SKM_C25821083013300-300x275.jpg\",\"datePublished\":\"2021-08-30T11:32:25+00:00\",\"dateModified\":\"2025-09-10T11:37:26+00:00\",\"breadcrumb\":{\"@id\":\"https:\\\/\\\/wamabi.be\\\/site\\\/ateliers-le-calendrier-consommaverti-2021\\\/#breadcrumb\"},\"inLanguage\":\"fr-FR\",\"potentialAction\":[{\"@type\":\"ReadAction\",\"target\":[\"https:\\\/\\\/wamabi.be\\\/site\\\/ateliers-le-calendrier-consommaverti-2021\\\/\"]}]},{\"@type\":\"ImageObject\",\"inLanguage\":\"fr-FR\",\"@id\":\"https:\\\/\\\/wamabi.be\\\/site\\\/ateliers-le-calendrier-consommaverti-2021\\\/#primaryimage\",\"url\":\"https:\\\/\\\/wamabi.be\\\/site\\\/wp-content\\\/SKM_C25821083013300.jpg\",\"contentUrl\":\"https:\\\/\\\/wamabi.be\\\/site\\\/wp-content\\\/SKM_C25821083013300.jpg\",\"width\":1705,\"height\":1563},{\"@type\":\"BreadcrumbList\",\"@id\":\"https:\\\/\\\/wamabi.be\\\/site\\\/ateliers-le-calendrier-consommaverti-2021\\\/#breadcrumb\",\"itemListElement\":[{\"@type\":\"ListItem\",\"position\":1,\"name\":\"Accueil\",\"item\":\"https:\\\/\\\/wamabi.be\\\/site\\\/\"},{\"@type\":\"ListItem\",\"position\":2,\"name\":\"ATELIERS \u2013 Le calendrier \u00ab Consommaverti \u00bb [2021]\"}]},{\"@type\":\"WebSite\",\"@id\":\"https:\\\/\\\/wamabi.be\\\/site\\\/#website\",\"url\":\"https:\\\/\\\/wamabi.be\\\/site\\\/\",\"name\":\"Wamabi\",\"description\":\"Wamabi - Biblioth\u00e8ques de Waimes et de Malmedy\",\"publisher\":{\"@id\":\"https:\\\/\\\/wamabi.be\\\/site\\\/#organization\"},\"potentialAction\":[{\"@type\":\"SearchAction\",\"target\":{\"@type\":\"EntryPoint\",\"urlTemplate\":\"https:\\\/\\\/wamabi.be\\\/site\\\/?s={search_term_string}\"},\"query-input\":{\"@type\":\"PropertyValueSpecification\",\"valueRequired\":true,\"valueName\":\"search_term_string\"}}],\"inLanguage\":\"fr-FR\"},{\"@type\":\"Organization\",\"@id\":\"https:\\\/\\\/wamabi.be\\\/site\\\/#organization\",\"name\":\"Wamabi\",\"url\":\"https:\\\/\\\/wamabi.be\\\/site\\\/\",\"logo\":{\"@type\":\"ImageObject\",\"inLanguage\":\"fr-FR\",\"@id\":\"https:\\\/\\\/wamabi.be\\\/site\\\/#\\\/schema\\\/logo\\\/image\\\/\",\"url\":\"https:\\\/\\\/wamabi.be\\\/site\\\/wp-content\\\/cropped-cropped-Dragon-noir-et-blanc-transparent-carre-1.png\",\"contentUrl\":\"https:\\\/\\\/wamabi.be\\\/site\\\/wp-content\\\/cropped-cropped-Dragon-noir-et-blanc-transparent-carre-1.png\",\"width\":2321,\"height\":2321,\"caption\":\"Wamabi\"},\"image\":{\"@id\":\"https:\\\/\\\/wamabi.be\\\/site\\\/#\\\/schema\\\/logo\\\/image\\\/\"}},{\"@type\":\"Person\",\"@id\":\"https:\\\/\\\/wamabi.be\\\/site\\\/#\\\/schema\\\/person\\\/d215542c812823ee78920d76e619749c\",\"name\":\"Fred\",\"image\":{\"@type\":\"ImageObject\",\"inLanguage\":\"fr-FR\",\"@id\":\"https:\\\/\\\/secure.gravatar.com\\\/avatar\\\/fc672c5d32dec8b323e48becfe5a966d7d87b500bc73ae1712919ac83cddfea3?s=96&d=mm&r=g\",\"url\":\"https:\\\/\\\/secure.gravatar.com\\\/avatar\\\/fc672c5d32dec8b323e48becfe5a966d7d87b500bc73ae1712919ac83cddfea3?s=96&d=mm&r=g\",\"contentUrl\":\"https:\\\/\\\/secure.gravatar.com\\\/avatar\\\/fc672c5d32dec8b323e48becfe5a966d7d87b500bc73ae1712919ac83cddfea3?s=96&d=mm&r=g\",\"caption\":\"Fred\"},\"sameAs\":[\"http:\\\/\\\/www.wamabi.be\\\/\"],\"url\":\"https:\\\/\\\/wamabi.be\\\/site\\\/author\\\/fred\\\/\"}]}<\/script>\n<!-- \/ Yoast SEO plugin. -->","yoast_head_json":{"title":"ATELIERS \u2013 Le calendrier \u00ab Consommaverti \u00bb [2021] - Wamabi","robots":{"index":"index","follow":"follow","max-snippet":"max-snippet:-1","max-image-preview":"max-image-preview:large","max-video-preview":"max-video-preview:-1"},"canonical":"https:\/\/wamabi.be\/site\/ateliers-le-calendrier-consommaverti-2021\/","og_locale":"fr_FR","og_type":"article","og_title":"ATELIERS \u2013 Le calendrier \u00ab Consommaverti \u00bb [2021] - Wamabi","og_description":"\u00ab Consommaverti \u00bb propose des animations p\u00e9dagogiques qui ont pour objectifs d\u2019informer, d\u2019avertir les participants et leur permettre de poser des choix responsables dans leur consommation et la gestion du budget. Une initiative du CPAS de Malmedy avec le soutien de la R\u00e9gion Wallonne. Les animations se d\u00e9roulent le mercredi de 9 \u00e012h \u00e0 la [&hellip;]","og_url":"https:\/\/wamabi.be\/site\/ateliers-le-calendrier-consommaverti-2021\/","og_site_name":"Wamabi","article_published_time":"2021-08-30T11:32:25+00:00","article_modified_time":"2025-09-10T11:37:26+00:00","og_image":[{"width":1705,"height":1563,"url":"https:\/\/wamabi.be\/site\/wp-content\/SKM_C25821083013300.jpg","type":"image\/jpeg"}],"author":"Fred","twitter_card":"summary_large_image","twitter_misc":{"\u00c9crit par":"Fred","Dur\u00e9e de lecture estim\u00e9e":"1 minute"},"schema":{"@context":"https:\/\/schema.org","@graph":[{"@type":"Article","@id":"https:\/\/wamabi.be\/site\/ateliers-le-calendrier-consommaverti-2021\/#article","isPartOf":{"@id":"https:\/\/wamabi.be\/site\/ateliers-le-calendrier-consommaverti-2021\/"},"author":{"name":"Fred","@id":"https:\/\/wamabi.be\/site\/#\/schema\/person\/d215542c812823ee78920d76e619749c"},"headline":"ATELIERS \u2013 Le calendrier \u00ab Consommaverti \u00bb [2021]","datePublished":"2021-08-30T11:32:25+00:00","dateModified":"2025-09-10T11:37:26+00:00","mainEntityOfPage":{"@id":"https:\/\/wamabi.be\/site\/ateliers-le-calendrier-consommaverti-2021\/"},"wordCount":111,"commentCount":0,"publisher":{"@id":"https:\/\/wamabi.be\/site\/#organization"},"image":{"@id":"https:\/\/wamabi.be\/site\/ateliers-le-calendrier-consommaverti-2021\/#primaryimage"},"thumbnailUrl":"https:\/\/wamabi.be\/site\/wp-content\/SKM_C25821083013300-300x275.jpg","inLanguage":"fr-FR","potentialAction":[{"@type":"CommentAction","name":"Comment","target":["https:\/\/wamabi.be\/site\/ateliers-le-calendrier-consommaverti-2021\/#respond"]}]},{"@type":"WebPage","@id":"https:\/\/wamabi.be\/site\/ateliers-le-calendrier-consommaverti-2021\/","url":"https:\/\/wamabi.be\/site\/ateliers-le-calendrier-consommaverti-2021\/","name":"ATELIERS \u2013 Le calendrier \u00ab Consommaverti \u00bb [2021] - Wamabi","isPartOf":{"@id":"https:\/\/wamabi.be\/site\/#website"},"primaryImageOfPage":{"@id":"https:\/\/wamabi.be\/site\/ateliers-le-calendrier-consommaverti-2021\/#primaryimage"},"image":{"@id":"https:\/\/wamabi.be\/site\/ateliers-le-calendrier-consommaverti-2021\/#primaryimage"},"thumbnailUrl":"https:\/\/wamabi.be\/site\/wp-content\/SKM_C25821083013300-300x275.jpg","datePublished":"2021-08-30T11:32:25+00:00","dateModified":"2025-09-10T11:37:26+00:00","breadcrumb":{"@id":"https:\/\/wamabi.be\/site\/ateliers-le-calendrier-consommaverti-2021\/#breadcrumb"},"inLanguage":"fr-FR","potentialAction":[{"@type":"ReadAction","target":["https:\/\/wamabi.be\/site\/ateliers-le-calendrier-consommaverti-2021\/"]}]},{"@type":"ImageObject","inLanguage":"fr-FR","@id":"https:\/\/wamabi.be\/site\/ateliers-le-calendrier-consommaverti-2021\/#primaryimage","url":"https:\/\/wamabi.be\/site\/wp-content\/SKM_C25821083013300.jpg","contentUrl":"https:\/\/wamabi.be\/site\/wp-content\/SKM_C25821083013300.jpg","width":1705,"height":1563},{"@type":"BreadcrumbList","@id":"https:\/\/wamabi.be\/site\/ateliers-le-calendrier-consommaverti-2021\/#breadcrumb","itemListElement":[{"@type":"ListItem","position":1,"name":"Accueil","item":"https:\/\/wamabi.be\/site\/"},{"@type":"ListItem","position":2,"name":"ATELIERS \u2013 Le calendrier \u00ab Consommaverti \u00bb [2021]"}]},{"@type":"WebSite","@id":"https:\/\/wamabi.be\/site\/#website","url":"https:\/\/wamabi.be\/site\/","name":"Wamabi","description":"Wamabi - Biblioth\u00e8ques de Waimes et de Malmedy","publisher":{"@id":"https:\/\/wamabi.be\/site\/#organization"},"potentialAction":[{"@type":"SearchAction","target":{"@type":"EntryPoint","urlTemplate":"https:\/\/wamabi.be\/site\/?s={search_term_string}"},"query-input":{"@type":"PropertyValueSpecification","valueRequired":true,"valueName":"search_term_string"}}],"inLanguage":"fr-FR"},{"@type":"Organization","@id":"https:\/\/wamabi.be\/site\/#organization","name":"Wamabi","url":"https:\/\/wamabi.be\/site\/","logo":{"@type":"ImageObject","inLanguage":"fr-FR","@id":"https:\/\/wamabi.be\/site\/#\/schema\/logo\/image\/","url":"https:\/\/wamabi.be\/site\/wp-content\/cropped-cropped-Dragon-noir-et-blanc-transparent-carre-1.png","contentUrl":"https:\/\/wamabi.be\/site\/wp-content\/cropped-cropped-Dragon-noir-et-blanc-transparent-carre-1.png","width":2321,"height":2321,"caption":"Wamabi"},"image":{"@id":"https:\/\/wamabi.be\/site\/#\/schema\/logo\/image\/"}},{"@type":"Person","@id":"https:\/\/wamabi.be\/site\/#\/schema\/person\/d215542c812823ee78920d76e619749c","name":"Fred","image":{"@type":"ImageObject","inLanguage":"fr-FR","@id":"https:\/\/secure.gravatar.com\/avatar\/fc672c5d32dec8b323e48becfe5a966d7d87b500bc73ae1712919ac83cddfea3?s=96&d=mm&r=g","url":"https:\/\/secure.gravatar.com\/avatar\/fc672c5d32dec8b323e48becfe5a966d7d87b500bc73ae1712919ac83cddfea3?s=96&d=mm&r=g","contentUrl":"https:\/\/secure.gravatar.com\/avatar\/fc672c5d32dec8b323e48becfe5a966d7d87b500bc73ae1712919ac83cddfea3?s=96&d=mm&r=g","caption":"Fred"},"sameAs":["http:\/\/www.wamabi.be\/"],"url":"https:\/\/wamabi.be\/site\/author\/fred\/"}]}},"_links":{"self":[{"href":"https:\/\/wamabi.be\/site\/wp-json\/wp\/v2\/posts\/12017","targetHints":{"allow":["GET"]}}],"collection":[{"href":"https:\/\/wamabi.be\/site\/wp-json\/wp\/v2\/posts"}],"about":[{"href":"https:\/\/wamabi.be\/site\/wp-json\/wp\/v2\/types\/post"}],"author":[{"embeddable":true,"href":"https:\/\/wamabi.be\/site\/wp-json\/wp\/v2\/users\/14"}],"replies":[{"embeddable":true,"href":"https:\/\/wamabi.be\/site\/wp-json\/wp\/v2\/comments?post=12017"}],"version-history":[{"count":2,"href":"https:\/\/wamabi.be\/site\/wp-json\/wp\/v2\/posts\/12017\/revisions"}],"predecessor-version":[{"id":14388,"href":"https:\/\/wamabi.be\/site\/wp-json\/wp\/v2\/posts\/12017\/revisions\/14388"}],"wp:attachment":[{"href":"https:\/\/wamabi.be\/site\/wp-json\/wp\/v2\/media?parent=12017"}],"wp:term":[{"taxonomy":"category","embeddable":true,"href":"https:\/\/wamabi.be\/site\/wp-json\/wp\/v2\/categories?post=12017"},{"taxonomy":"post_tag","embeddable":true,"href":"https:\/\/wamabi.be\/site\/wp-json\/wp\/v2\/tags?post=12017"}],"curies":[{"name":"wp","href":"https:\/\/api.w.org\/{rel}","templated":true}]}}