{"id":11994,"date":"2021-07-28T11:25:32","date_gmt":"2021-07-28T10:25:32","guid":{"rendered":"https:\/\/wamabi.be\/site\/?p=11994"},"modified":"2021-07-28T11:25:57","modified_gmt":"2021-07-28T10:25:57","slug":"petite-enfance-babil-de-contes-ma-maison-que-je-prefere","status":"publish","type":"post","link":"https:\/\/wamabi.be\/site\/petite-enfance-babil-de-contes-ma-maison-que-je-prefere\/","title":{"rendered":"PETITE ENFANCE &#8211; Babil de Contes \u00ab\u00a0Ma maison que je pr\u00e9f\u00e8re !\u00a0\u00bb"},"content":{"rendered":"<p><em><a href=\"https:\/\/wamabi.be\/site\/petite-enfance-babil-de-contes-ma-maison-que-je-prefere\/capture-maison\/\" rel=\"attachment wp-att-11995\"><img loading=\"lazy\" decoding=\"async\" class=\"alignleft wp-image-11995\" src=\"https:\/\/wamabi.be\/site\/wp-content\/Capture-maison-273x300.png\" alt=\"\" width=\"248\" height=\"272\" srcset=\"https:\/\/wamabi.be\/site\/wp-content\/Capture-maison-273x300.png 273w, https:\/\/wamabi.be\/site\/wp-content\/Capture-maison.png 506w\" sizes=\"auto, (max-width: 248px) 100vw, 248px\" \/><\/a><\/em><\/p>\n<p>&nbsp;<\/p>\n<p><strong>Mardi 10 ao\u00fbt, \u00e0 9h30 &amp; 10h30<\/strong><\/p>\n<p>Rejoignez-nous \u00e0 la <a href=\"https:\/\/wamabi.be\/site\/bibliotheque-de-waimes\/\">biblioth\u00e8que de Waimes<\/a>, <em>pour \u00e9couter, lire, chanter, inventer, partager, jouer, d\u00e9couvrir, se retrouver, \u2026<\/em><\/p>\n<p><em>La biblioth\u00e8que vous invite \u00e0 passer un moment tout doux en duo (enfant jusqu\u2019\u00e0 4 ans accompagn\u00e9 d\u2019un adulte).<\/em><\/p>\n<p>Par <strong>Karine Moers et Marie-No\u00eblle Van <\/strong>de la<a href=\"https:\/\/www.facebook.com\/Maison-du-conte-de-Namur-282404535133147\/\"><strong> Maison du Conte de Namur<\/strong><\/a><\/p>\n<p>&nbsp;<\/p>\n<p>Gratuit sur inscription | waimes@wamabi.be | 080\/ 44 80 54<\/p>\n<p>&nbsp;<\/p>\n","protected":false},"excerpt":{"rendered":"<p>&nbsp; Mardi 10 ao\u00fbt, \u00e0 9h30 &amp; 10h30 Rejoignez-nous \u00e0 la biblioth\u00e8que de Waimes, pour \u00e9couter, lire, chanter, inventer, partager, jouer, d\u00e9couvrir, se retrouver, \u2026 La biblioth\u00e8que vous invite \u00e0 passer un moment tout doux en duo (enfant jusqu\u2019\u00e0 4 ans accompagn\u00e9 d\u2019un adulte). Par Karine Moers et Marie-No\u00eblle Van de la Maison du Conte [&hellip;]<\/p>\n","protected":false},"author":8,"featured_media":11995,"comment_status":"open","ping_status":"open","sticky":false,"template":"","format":"standard","meta":{"_seopress_robots_primary_cat":"","_seopress_titles_title":"","_seopress_titles_desc":"","_seopress_robots_index":"","footnotes":""},"categories":[1],"tags":[26,47,181],"class_list":{"0":"post-11994","1":"post","2":"type-post","3":"status-publish","4":"format-standard","5":"has-post-thumbnail","7":"category-non-classe","8":"tag-bebes","9":"tag-familles","10":"tag-waimes","11":"czr-hentry"},"yoast_head":"<!-- This site is optimized with the Yoast SEO plugin v27.5 - https:\/\/yoast.com\/product\/yoast-seo-wordpress\/ -->\n<title>PETITE ENFANCE - Babil de Contes &quot;Ma maison que je pr\u00e9f\u00e8re !&quot; - Wamabi<\/title>\n<meta name=\"robots\" content=\"index, follow, max-snippet:-1, max-image-preview:large, max-video-preview:-1\" \/>\n<link rel=\"canonical\" href=\"https:\/\/wamabi.be\/site\/petite-enfance-babil-de-contes-ma-maison-que-je-prefere\/\" \/>\n<meta property=\"og:locale\" content=\"fr_FR\" \/>\n<meta property=\"og:type\" content=\"article\" \/>\n<meta property=\"og:title\" content=\"PETITE ENFANCE - Babil de Contes &quot;Ma maison que je pr\u00e9f\u00e8re !&quot; - Wamabi\" \/>\n<meta property=\"og:description\" content=\"&nbsp; Mardi 10 ao\u00fbt, \u00e0 9h30 &amp; 10h30 Rejoignez-nous \u00e0 la biblioth\u00e8que de Waimes, pour \u00e9couter, lire, chanter, inventer, partager, jouer, d\u00e9couvrir, se retrouver, \u2026 La biblioth\u00e8que vous invite \u00e0 passer un moment tout doux en duo (enfant jusqu\u2019\u00e0 4 ans accompagn\u00e9 d\u2019un adulte). Par Karine Moers et Marie-No\u00eblle Van de la Maison du Conte [&hellip;]\" \/>\n<meta property=\"og:url\" content=\"https:\/\/wamabi.be\/site\/petite-enfance-babil-de-contes-ma-maison-que-je-prefere\/\" \/>\n<meta property=\"og:site_name\" content=\"Wamabi\" \/>\n<meta property=\"article:published_time\" content=\"2021-07-28T10:25:32+00:00\" \/>\n<meta property=\"article:modified_time\" content=\"2021-07-28T10:25:57+00:00\" \/>\n<meta property=\"og:image\" content=\"https:\/\/wamabi.be\/site\/wp-content\/Capture-maison.png\" \/>\n\t<meta property=\"og:image:width\" content=\"506\" \/>\n\t<meta property=\"og:image:height\" content=\"557\" \/>\n\t<meta property=\"og:image:type\" content=\"image\/png\" \/>\n<meta name=\"author\" content=\"Gaelle\" \/>\n<meta name=\"twitter:card\" content=\"summary_large_image\" \/>\n<meta name=\"twitter:label1\" content=\"\u00c9crit par\" \/>\n\t<meta name=\"twitter:data1\" content=\"Gaelle\" \/>\n<script type=\"application\/ld+json\" class=\"yoast-schema-graph\">{\"@context\":\"https:\\\/\\\/schema.org\",\"@graph\":[{\"@type\":\"Article\",\"@id\":\"https:\\\/\\\/wamabi.be\\\/site\\\/petite-enfance-babil-de-contes-ma-maison-que-je-prefere\\\/#article\",\"isPartOf\":{\"@id\":\"https:\\\/\\\/wamabi.be\\\/site\\\/petite-enfance-babil-de-contes-ma-maison-que-je-prefere\\\/\"},\"author\":{\"name\":\"Gaelle\",\"@id\":\"https:\\\/\\\/wamabi.be\\\/site\\\/#\\\/schema\\\/person\\\/a1cfe4a5eb4a76dc1583d2a3a1e618df\"},\"headline\":\"PETITE ENFANCE &#8211; Babil de Contes \u00ab\u00a0Ma maison que je pr\u00e9f\u00e8re !\u00a0\u00bb\",\"datePublished\":\"2021-07-28T10:25:32+00:00\",\"dateModified\":\"2021-07-28T10:25:57+00:00\",\"mainEntityOfPage\":{\"@id\":\"https:\\\/\\\/wamabi.be\\\/site\\\/petite-enfance-babil-de-contes-ma-maison-que-je-prefere\\\/\"},\"wordCount\":78,\"commentCount\":0,\"publisher\":{\"@id\":\"https:\\\/\\\/wamabi.be\\\/site\\\/#organization\"},\"image\":{\"@id\":\"https:\\\/\\\/wamabi.be\\\/site\\\/petite-enfance-babil-de-contes-ma-maison-que-je-prefere\\\/#primaryimage\"},\"thumbnailUrl\":\"https:\\\/\\\/wamabi.be\\\/site\\\/wp-content\\\/Capture-maison.png\",\"keywords\":[\"B\u00e9b\u00e9s\",\"Familles\",\"Waimes\"],\"inLanguage\":\"fr-FR\",\"potentialAction\":[{\"@type\":\"CommentAction\",\"name\":\"Comment\",\"target\":[\"https:\\\/\\\/wamabi.be\\\/site\\\/petite-enfance-babil-de-contes-ma-maison-que-je-prefere\\\/#respond\"]}]},{\"@type\":\"WebPage\",\"@id\":\"https:\\\/\\\/wamabi.be\\\/site\\\/petite-enfance-babil-de-contes-ma-maison-que-je-prefere\\\/\",\"url\":\"https:\\\/\\\/wamabi.be\\\/site\\\/petite-enfance-babil-de-contes-ma-maison-que-je-prefere\\\/\",\"name\":\"PETITE ENFANCE - Babil de Contes \\\"Ma maison que je pr\u00e9f\u00e8re !\\\" - Wamabi\",\"isPartOf\":{\"@id\":\"https:\\\/\\\/wamabi.be\\\/site\\\/#website\"},\"primaryImageOfPage\":{\"@id\":\"https:\\\/\\\/wamabi.be\\\/site\\\/petite-enfance-babil-de-contes-ma-maison-que-je-prefere\\\/#primaryimage\"},\"image\":{\"@id\":\"https:\\\/\\\/wamabi.be\\\/site\\\/petite-enfance-babil-de-contes-ma-maison-que-je-prefere\\\/#primaryimage\"},\"thumbnailUrl\":\"https:\\\/\\\/wamabi.be\\\/site\\\/wp-content\\\/Capture-maison.png\",\"datePublished\":\"2021-07-28T10:25:32+00:00\",\"dateModified\":\"2021-07-28T10:25:57+00:00\",\"breadcrumb\":{\"@id\":\"https:\\\/\\\/wamabi.be\\\/site\\\/petite-enfance-babil-de-contes-ma-maison-que-je-prefere\\\/#breadcrumb\"},\"inLanguage\":\"fr-FR\",\"potentialAction\":[{\"@type\":\"ReadAction\",\"target\":[\"https:\\\/\\\/wamabi.be\\\/site\\\/petite-enfance-babil-de-contes-ma-maison-que-je-prefere\\\/\"]}]},{\"@type\":\"ImageObject\",\"inLanguage\":\"fr-FR\",\"@id\":\"https:\\\/\\\/wamabi.be\\\/site\\\/petite-enfance-babil-de-contes-ma-maison-que-je-prefere\\\/#primaryimage\",\"url\":\"https:\\\/\\\/wamabi.be\\\/site\\\/wp-content\\\/Capture-maison.png\",\"contentUrl\":\"https:\\\/\\\/wamabi.be\\\/site\\\/wp-content\\\/Capture-maison.png\",\"width\":506,\"height\":557},{\"@type\":\"BreadcrumbList\",\"@id\":\"https:\\\/\\\/wamabi.be\\\/site\\\/petite-enfance-babil-de-contes-ma-maison-que-je-prefere\\\/#breadcrumb\",\"itemListElement\":[{\"@type\":\"ListItem\",\"position\":1,\"name\":\"Accueil\",\"item\":\"https:\\\/\\\/wamabi.be\\\/site\\\/\"},{\"@type\":\"ListItem\",\"position\":2,\"name\":\"PETITE ENFANCE &#8211; Babil de Contes \u00ab\u00a0Ma maison que je pr\u00e9f\u00e8re !\u00a0\u00bb\"}]},{\"@type\":\"WebSite\",\"@id\":\"https:\\\/\\\/wamabi.be\\\/site\\\/#website\",\"url\":\"https:\\\/\\\/wamabi.be\\\/site\\\/\",\"name\":\"Wamabi\",\"description\":\"Wamabi - Biblioth\u00e8ques de Waimes et de Malmedy\",\"publisher\":{\"@id\":\"https:\\\/\\\/wamabi.be\\\/site\\\/#organization\"},\"potentialAction\":[{\"@type\":\"SearchAction\",\"target\":{\"@type\":\"EntryPoint\",\"urlTemplate\":\"https:\\\/\\\/wamabi.be\\\/site\\\/?s={search_term_string}\"},\"query-input\":{\"@type\":\"PropertyValueSpecification\",\"valueRequired\":true,\"valueName\":\"search_term_string\"}}],\"inLanguage\":\"fr-FR\"},{\"@type\":\"Organization\",\"@id\":\"https:\\\/\\\/wamabi.be\\\/site\\\/#organization\",\"name\":\"Wamabi\",\"url\":\"https:\\\/\\\/wamabi.be\\\/site\\\/\",\"logo\":{\"@type\":\"ImageObject\",\"inLanguage\":\"fr-FR\",\"@id\":\"https:\\\/\\\/wamabi.be\\\/site\\\/#\\\/schema\\\/logo\\\/image\\\/\",\"url\":\"https:\\\/\\\/wamabi.be\\\/site\\\/wp-content\\\/cropped-cropped-Dragon-noir-et-blanc-transparent-carre-1.png\",\"contentUrl\":\"https:\\\/\\\/wamabi.be\\\/site\\\/wp-content\\\/cropped-cropped-Dragon-noir-et-blanc-transparent-carre-1.png\",\"width\":2321,\"height\":2321,\"caption\":\"Wamabi\"},\"image\":{\"@id\":\"https:\\\/\\\/wamabi.be\\\/site\\\/#\\\/schema\\\/logo\\\/image\\\/\"}},{\"@type\":\"Person\",\"@id\":\"https:\\\/\\\/wamabi.be\\\/site\\\/#\\\/schema\\\/person\\\/a1cfe4a5eb4a76dc1583d2a3a1e618df\",\"name\":\"Gaelle\",\"image\":{\"@type\":\"ImageObject\",\"inLanguage\":\"fr-FR\",\"@id\":\"https:\\\/\\\/secure.gravatar.com\\\/avatar\\\/e1110f9daefe1a1b8c669e2fee040bf49cd1aa11b8d34788100c12c6cdc50dd9?s=96&d=mm&r=g\",\"url\":\"https:\\\/\\\/secure.gravatar.com\\\/avatar\\\/e1110f9daefe1a1b8c669e2fee040bf49cd1aa11b8d34788100c12c6cdc50dd9?s=96&d=mm&r=g\",\"contentUrl\":\"https:\\\/\\\/secure.gravatar.com\\\/avatar\\\/e1110f9daefe1a1b8c669e2fee040bf49cd1aa11b8d34788100c12c6cdc50dd9?s=96&d=mm&r=g\",\"caption\":\"Gaelle\"},\"url\":\"https:\\\/\\\/wamabi.be\\\/site\\\/author\\\/gaelle\\\/\"}]}<\/script>\n<!-- \/ Yoast SEO plugin. -->","yoast_head_json":{"title":"PETITE ENFANCE - Babil de Contes \"Ma maison que je pr\u00e9f\u00e8re !\" - Wamabi","robots":{"index":"index","follow":"follow","max-snippet":"max-snippet:-1","max-image-preview":"max-image-preview:large","max-video-preview":"max-video-preview:-1"},"canonical":"https:\/\/wamabi.be\/site\/petite-enfance-babil-de-contes-ma-maison-que-je-prefere\/","og_locale":"fr_FR","og_type":"article","og_title":"PETITE ENFANCE - Babil de Contes \"Ma maison que je pr\u00e9f\u00e8re !\" - Wamabi","og_description":"&nbsp; Mardi 10 ao\u00fbt, \u00e0 9h30 &amp; 10h30 Rejoignez-nous \u00e0 la biblioth\u00e8que de Waimes, pour \u00e9couter, lire, chanter, inventer, partager, jouer, d\u00e9couvrir, se retrouver, \u2026 La biblioth\u00e8que vous invite \u00e0 passer un moment tout doux en duo (enfant jusqu\u2019\u00e0 4 ans accompagn\u00e9 d\u2019un adulte). Par Karine Moers et Marie-No\u00eblle Van de la Maison du Conte [&hellip;]","og_url":"https:\/\/wamabi.be\/site\/petite-enfance-babil-de-contes-ma-maison-que-je-prefere\/","og_site_name":"Wamabi","article_published_time":"2021-07-28T10:25:32+00:00","article_modified_time":"2021-07-28T10:25:57+00:00","og_image":[{"width":506,"height":557,"url":"https:\/\/wamabi.be\/site\/wp-content\/Capture-maison.png","type":"image\/png"}],"author":"Gaelle","twitter_card":"summary_large_image","twitter_misc":{"\u00c9crit par":"Gaelle"},"schema":{"@context":"https:\/\/schema.org","@graph":[{"@type":"Article","@id":"https:\/\/wamabi.be\/site\/petite-enfance-babil-de-contes-ma-maison-que-je-prefere\/#article","isPartOf":{"@id":"https:\/\/wamabi.be\/site\/petite-enfance-babil-de-contes-ma-maison-que-je-prefere\/"},"author":{"name":"Gaelle","@id":"https:\/\/wamabi.be\/site\/#\/schema\/person\/a1cfe4a5eb4a76dc1583d2a3a1e618df"},"headline":"PETITE ENFANCE &#8211; Babil de Contes \u00ab\u00a0Ma maison que je pr\u00e9f\u00e8re !\u00a0\u00bb","datePublished":"2021-07-28T10:25:32+00:00","dateModified":"2021-07-28T10:25:57+00:00","mainEntityOfPage":{"@id":"https:\/\/wamabi.be\/site\/petite-enfance-babil-de-contes-ma-maison-que-je-prefere\/"},"wordCount":78,"commentCount":0,"publisher":{"@id":"https:\/\/wamabi.be\/site\/#organization"},"image":{"@id":"https:\/\/wamabi.be\/site\/petite-enfance-babil-de-contes-ma-maison-que-je-prefere\/#primaryimage"},"thumbnailUrl":"https:\/\/wamabi.be\/site\/wp-content\/Capture-maison.png","keywords":["B\u00e9b\u00e9s","Familles","Waimes"],"inLanguage":"fr-FR","potentialAction":[{"@type":"CommentAction","name":"Comment","target":["https:\/\/wamabi.be\/site\/petite-enfance-babil-de-contes-ma-maison-que-je-prefere\/#respond"]}]},{"@type":"WebPage","@id":"https:\/\/wamabi.be\/site\/petite-enfance-babil-de-contes-ma-maison-que-je-prefere\/","url":"https:\/\/wamabi.be\/site\/petite-enfance-babil-de-contes-ma-maison-que-je-prefere\/","name":"PETITE ENFANCE - Babil de Contes \"Ma maison que je pr\u00e9f\u00e8re !\" - Wamabi","isPartOf":{"@id":"https:\/\/wamabi.be\/site\/#website"},"primaryImageOfPage":{"@id":"https:\/\/wamabi.be\/site\/petite-enfance-babil-de-contes-ma-maison-que-je-prefere\/#primaryimage"},"image":{"@id":"https:\/\/wamabi.be\/site\/petite-enfance-babil-de-contes-ma-maison-que-je-prefere\/#primaryimage"},"thumbnailUrl":"https:\/\/wamabi.be\/site\/wp-content\/Capture-maison.png","datePublished":"2021-07-28T10:25:32+00:00","dateModified":"2021-07-28T10:25:57+00:00","breadcrumb":{"@id":"https:\/\/wamabi.be\/site\/petite-enfance-babil-de-contes-ma-maison-que-je-prefere\/#breadcrumb"},"inLanguage":"fr-FR","potentialAction":[{"@type":"ReadAction","target":["https:\/\/wamabi.be\/site\/petite-enfance-babil-de-contes-ma-maison-que-je-prefere\/"]}]},{"@type":"ImageObject","inLanguage":"fr-FR","@id":"https:\/\/wamabi.be\/site\/petite-enfance-babil-de-contes-ma-maison-que-je-prefere\/#primaryimage","url":"https:\/\/wamabi.be\/site\/wp-content\/Capture-maison.png","contentUrl":"https:\/\/wamabi.be\/site\/wp-content\/Capture-maison.png","width":506,"height":557},{"@type":"BreadcrumbList","@id":"https:\/\/wamabi.be\/site\/petite-enfance-babil-de-contes-ma-maison-que-je-prefere\/#breadcrumb","itemListElement":[{"@type":"ListItem","position":1,"name":"Accueil","item":"https:\/\/wamabi.be\/site\/"},{"@type":"ListItem","position":2,"name":"PETITE ENFANCE &#8211; Babil de Contes \u00ab\u00a0Ma maison que je pr\u00e9f\u00e8re !\u00a0\u00bb"}]},{"@type":"WebSite","@id":"https:\/\/wamabi.be\/site\/#website","url":"https:\/\/wamabi.be\/site\/","name":"Wamabi","description":"Wamabi - Biblioth\u00e8ques de Waimes et de Malmedy","publisher":{"@id":"https:\/\/wamabi.be\/site\/#organization"},"potentialAction":[{"@type":"SearchAction","target":{"@type":"EntryPoint","urlTemplate":"https:\/\/wamabi.be\/site\/?s={search_term_string}"},"query-input":{"@type":"PropertyValueSpecification","valueRequired":true,"valueName":"search_term_string"}}],"inLanguage":"fr-FR"},{"@type":"Organization","@id":"https:\/\/wamabi.be\/site\/#organization","name":"Wamabi","url":"https:\/\/wamabi.be\/site\/","logo":{"@type":"ImageObject","inLanguage":"fr-FR","@id":"https:\/\/wamabi.be\/site\/#\/schema\/logo\/image\/","url":"https:\/\/wamabi.be\/site\/wp-content\/cropped-cropped-Dragon-noir-et-blanc-transparent-carre-1.png","contentUrl":"https:\/\/wamabi.be\/site\/wp-content\/cropped-cropped-Dragon-noir-et-blanc-transparent-carre-1.png","width":2321,"height":2321,"caption":"Wamabi"},"image":{"@id":"https:\/\/wamabi.be\/site\/#\/schema\/logo\/image\/"}},{"@type":"Person","@id":"https:\/\/wamabi.be\/site\/#\/schema\/person\/a1cfe4a5eb4a76dc1583d2a3a1e618df","name":"Gaelle","image":{"@type":"ImageObject","inLanguage":"fr-FR","@id":"https:\/\/secure.gravatar.com\/avatar\/e1110f9daefe1a1b8c669e2fee040bf49cd1aa11b8d34788100c12c6cdc50dd9?s=96&d=mm&r=g","url":"https:\/\/secure.gravatar.com\/avatar\/e1110f9daefe1a1b8c669e2fee040bf49cd1aa11b8d34788100c12c6cdc50dd9?s=96&d=mm&r=g","contentUrl":"https:\/\/secure.gravatar.com\/avatar\/e1110f9daefe1a1b8c669e2fee040bf49cd1aa11b8d34788100c12c6cdc50dd9?s=96&d=mm&r=g","caption":"Gaelle"},"url":"https:\/\/wamabi.be\/site\/author\/gaelle\/"}]}},"_links":{"self":[{"href":"https:\/\/wamabi.be\/site\/wp-json\/wp\/v2\/posts\/11994","targetHints":{"allow":["GET"]}}],"collection":[{"href":"https:\/\/wamabi.be\/site\/wp-json\/wp\/v2\/posts"}],"about":[{"href":"https:\/\/wamabi.be\/site\/wp-json\/wp\/v2\/types\/post"}],"author":[{"embeddable":true,"href":"https:\/\/wamabi.be\/site\/wp-json\/wp\/v2\/users\/8"}],"replies":[{"embeddable":true,"href":"https:\/\/wamabi.be\/site\/wp-json\/wp\/v2\/comments?post=11994"}],"version-history":[{"count":14,"href":"https:\/\/wamabi.be\/site\/wp-json\/wp\/v2\/posts\/11994\/revisions"}],"predecessor-version":[{"id":12009,"href":"https:\/\/wamabi.be\/site\/wp-json\/wp\/v2\/posts\/11994\/revisions\/12009"}],"wp:featuredmedia":[{"embeddable":true,"href":"https:\/\/wamabi.be\/site\/wp-json\/wp\/v2\/media\/11995"}],"wp:attachment":[{"href":"https:\/\/wamabi.be\/site\/wp-json\/wp\/v2\/media?parent=11994"}],"wp:term":[{"taxonomy":"category","embeddable":true,"href":"https:\/\/wamabi.be\/site\/wp-json\/wp\/v2\/categories?post=11994"},{"taxonomy":"post_tag","embeddable":true,"href":"https:\/\/wamabi.be\/site\/wp-json\/wp\/v2\/tags?post=11994"}],"curies":[{"name":"wp","href":"https:\/\/api.w.org\/{rel}","templated":true}]}}