{"id":11875,"date":"2021-03-15T13:57:23","date_gmt":"2021-03-15T12:57:23","guid":{"rendered":"https:\/\/wamabi.be\/site\/?p=11875"},"modified":"2021-03-15T14:47:46","modified_gmt":"2021-03-15T13:47:46","slug":"fete-la-langue-francaise-en-fete-edition-2021","status":"publish","type":"post","link":"https:\/\/wamabi.be\/site\/fete-la-langue-francaise-en-fete-edition-2021\/","title":{"rendered":"F\u00caTE \u2013 La langue fran\u00e7aise en f\u00eate [\u00e9dition 2021]"},"content":{"rendered":"<p><strong>Avec le printemps, \u00ab La langue fran\u00e7aise en f\u00eate \u00bb nous revient du 13 au 21 mars 2021.\u00a0 Cette ann\u00e9e, elle se d\u00e9cline autour du th\u00e8me de l\u2019air, sous le slogan <em>Dis-moi 10 mots qui ne manquent pas d&rsquo;air.<\/em><\/strong><\/p>\n<p><a href=\"https:\/\/wamabi.be\/site\/wp-content\/affiche_LFEF_2021_insta.jpg\"><img loading=\"lazy\" decoding=\"async\" class=\"alignnone wp-image-11876 size-large\" src=\"https:\/\/wamabi.be\/site\/wp-content\/affiche_LFEF_2021_insta-1024x1024.jpg\" alt=\"\" width=\"1024\" height=\"1024\" srcset=\"https:\/\/wamabi.be\/site\/wp-content\/affiche_LFEF_2021_insta-1024x1024.jpg 1024w, https:\/\/wamabi.be\/site\/wp-content\/affiche_LFEF_2021_insta-300x300.jpg 300w, https:\/\/wamabi.be\/site\/wp-content\/affiche_LFEF_2021_insta-150x150.jpg 150w, https:\/\/wamabi.be\/site\/wp-content\/affiche_LFEF_2021_insta-768x768.jpg 768w, https:\/\/wamabi.be\/site\/wp-content\/affiche_LFEF_2021_insta-250x250.jpg 250w, https:\/\/wamabi.be\/site\/wp-content\/affiche_LFEF_2021_insta-510x510.jpg 510w, https:\/\/wamabi.be\/site\/wp-content\/affiche_LFEF_2021_insta.jpg 1080w\" sizes=\"auto, (max-width: 1024px) 100vw, 1024px\" \/><\/a><\/p>\n<p><em><span lang=\"FR\">La langue fran\u00e7aise en f\u00eate<\/span><\/em><span lang=\"FR\"> est une campagne annuelle de sensibilisation positive et d\u00e9culpabilisante de la langue fran\u00e7aise. <\/span>Elle s\u2019organise autour du 20 mars qui correspond \u00e0 la Journ\u00e9e internationale de la francophonie. <span lang=\"FR\">Pendant une semaine, partout en F\u00e9d\u00e9ration Wallonie-Bruxelles de Belgique, tous les citoyens sont invit\u00e9s \u00e0 porter sur le fran\u00e7ais un regard neuf et \u00e0 jouer avec les mots : contrep\u00e8teries, homophonies, n\u00e9ologismes, mots-r\u00e9bus, etc. sont au menu de cette campagne.<\/span><\/p>\n<p>Les 10 mots s\u00e9lectionn\u00e9s cette ann\u00e9e sont :<\/p>\n<ul>\n<li><strong>Aile<\/strong><\/li>\n<li><strong>Allure<\/strong><\/li>\n<li><strong>Buller<\/strong><\/li>\n<li><strong>Chambre \u00e0 air<\/strong><\/li>\n<li><strong>D\u00e9coller<\/strong><\/li>\n<li><strong>Eolien<\/strong><\/li>\n<li><strong>Foehn<\/strong><\/li>\n<li><strong>Fragrance<\/strong><\/li>\n<li><strong>Insuffler<\/strong><\/li>\n<li><strong>Vaporeux<\/strong><\/li>\n<\/ul>\n<p>Plusieurs outils sont \u00e0 disposition du public, des \u00e9coles et autres associations : le <a href=\"https:\/\/drive.google.com\/file\/d\/1HYVuCq6ciMhic-mjIAQp9X-WdUr85OFB\/view\" target=\"_blank\" rel=\"noopener\">cahier p\u00e9dagogique des 10 mots<\/a>, le <a href=\"http:\/\/www.lalanguefrancaiseenfete.be\/index.php?eID=tx_nawsecuredl&amp;u=0&amp;g=0&amp;hash=02700b77bb590e83758cdec6a63fe9f9ad5258a4&amp;file=fileadmin\/sites\/lff\/upload\/lff_super_editor\/lff_editor\/documents\/2021\/dmdm-20-21_livret-version-numerique_bd.pdf\" target=\"_blank\" rel=\"noopener\">livret des 10 mots<\/a>, une <a href=\"http:\/\/www.lalanguefrancaiseenfete.be\/index.php?id=18286\" target=\"_blank\" rel=\"noopener\">affiche \u00e0 colorier<\/a>, un <a href=\"http:\/\/www.lalanguefrancaiseenfete.be\/index.php?id=18287\" target=\"_blank\" rel=\"noopener\">origami.<\/a><\/p>\n","protected":false},"excerpt":{"rendered":"<p>Avec le printemps, \u00ab La langue fran\u00e7aise en f\u00eate \u00bb nous revient du 13 au 21 mars 2021.\u00a0 Cette ann\u00e9e, elle se d\u00e9cline autour du th\u00e8me de l\u2019air, sous le slogan Dis-moi 10 mots qui ne manquent pas d&rsquo;air. La langue fran\u00e7aise en f\u00eate est une campagne annuelle de sensibilisation positive et d\u00e9culpabilisante de la [&hellip;]<\/p>\n","protected":false},"author":14,"featured_media":11876,"comment_status":"open","ping_status":"open","sticky":false,"template":"","format":"standard","meta":{"_seopress_robots_primary_cat":"","_seopress_titles_title":"","_seopress_titles_desc":"","_seopress_robots_index":"","footnotes":""},"categories":[1],"tags":[240,141,111],"class_list":{"0":"post-11875","1":"post","2":"type-post","3":"status-publish","4":"format-standard","5":"has-post-thumbnail","7":"category-non-classe","8":"tag-animation","9":"tag-fetes","10":"tag-langue-francaise","11":"czr-hentry"},"yoast_head":"<!-- This site is optimized with the Yoast SEO plugin v27.5 - https:\/\/yoast.com\/product\/yoast-seo-wordpress\/ -->\n<title>F\u00caTE \u2013 La langue fran\u00e7aise en f\u00eate [\u00e9dition 2021] - Wamabi<\/title>\n<meta name=\"robots\" content=\"index, follow, max-snippet:-1, max-image-preview:large, max-video-preview:-1\" \/>\n<link rel=\"canonical\" href=\"https:\/\/wamabi.be\/site\/fete-la-langue-francaise-en-fete-edition-2021\/\" \/>\n<meta property=\"og:locale\" content=\"fr_FR\" \/>\n<meta property=\"og:type\" content=\"article\" \/>\n<meta property=\"og:title\" content=\"F\u00caTE \u2013 La langue fran\u00e7aise en f\u00eate [\u00e9dition 2021] - Wamabi\" \/>\n<meta property=\"og:description\" content=\"Avec le printemps, \u00ab La langue fran\u00e7aise en f\u00eate \u00bb nous revient du 13 au 21 mars 2021.\u00a0 Cette ann\u00e9e, elle se d\u00e9cline autour du th\u00e8me de l\u2019air, sous le slogan Dis-moi 10 mots qui ne manquent pas d&rsquo;air. La langue fran\u00e7aise en f\u00eate est une campagne annuelle de sensibilisation positive et d\u00e9culpabilisante de la [&hellip;]\" \/>\n<meta property=\"og:url\" content=\"https:\/\/wamabi.be\/site\/fete-la-langue-francaise-en-fete-edition-2021\/\" \/>\n<meta property=\"og:site_name\" content=\"Wamabi\" \/>\n<meta property=\"article:published_time\" content=\"2021-03-15T12:57:23+00:00\" \/>\n<meta property=\"article:modified_time\" content=\"2021-03-15T13:47:46+00:00\" \/>\n<meta property=\"og:image\" content=\"https:\/\/wamabi.be\/site\/wp-content\/affiche_LFEF_2021_insta.jpg\" \/>\n\t<meta property=\"og:image:width\" content=\"1080\" \/>\n\t<meta property=\"og:image:height\" content=\"1080\" \/>\n\t<meta property=\"og:image:type\" content=\"image\/jpeg\" \/>\n<meta name=\"author\" content=\"Fred\" \/>\n<meta name=\"twitter:card\" content=\"summary_large_image\" \/>\n<meta name=\"twitter:label1\" content=\"\u00c9crit par\" \/>\n\t<meta name=\"twitter:data1\" content=\"Fred\" \/>\n\t<meta name=\"twitter:label2\" content=\"Dur\u00e9e de lecture estim\u00e9e\" \/>\n\t<meta name=\"twitter:data2\" content=\"1 minute\" \/>\n<script type=\"application\/ld+json\" class=\"yoast-schema-graph\">{\"@context\":\"https:\\\/\\\/schema.org\",\"@graph\":[{\"@type\":\"Article\",\"@id\":\"https:\\\/\\\/wamabi.be\\\/site\\\/fete-la-langue-francaise-en-fete-edition-2021\\\/#article\",\"isPartOf\":{\"@id\":\"https:\\\/\\\/wamabi.be\\\/site\\\/fete-la-langue-francaise-en-fete-edition-2021\\\/\"},\"author\":{\"name\":\"Fred\",\"@id\":\"https:\\\/\\\/wamabi.be\\\/site\\\/#\\\/schema\\\/person\\\/d215542c812823ee78920d76e619749c\"},\"headline\":\"F\u00caTE \u2013 La langue fran\u00e7aise en f\u00eate [\u00e9dition 2021]\",\"datePublished\":\"2021-03-15T12:57:23+00:00\",\"dateModified\":\"2021-03-15T13:47:46+00:00\",\"mainEntityOfPage\":{\"@id\":\"https:\\\/\\\/wamabi.be\\\/site\\\/fete-la-langue-francaise-en-fete-edition-2021\\\/\"},\"wordCount\":178,\"commentCount\":0,\"publisher\":{\"@id\":\"https:\\\/\\\/wamabi.be\\\/site\\\/#organization\"},\"image\":{\"@id\":\"https:\\\/\\\/wamabi.be\\\/site\\\/fete-la-langue-francaise-en-fete-edition-2021\\\/#primaryimage\"},\"thumbnailUrl\":\"https:\\\/\\\/wamabi.be\\\/site\\\/wp-content\\\/affiche_LFEF_2021_insta.jpg\",\"keywords\":[\"Animation\",\"F\u00eates\",\"Langue fran\u00e7aise\"],\"inLanguage\":\"fr-FR\",\"potentialAction\":[{\"@type\":\"CommentAction\",\"name\":\"Comment\",\"target\":[\"https:\\\/\\\/wamabi.be\\\/site\\\/fete-la-langue-francaise-en-fete-edition-2021\\\/#respond\"]}]},{\"@type\":\"WebPage\",\"@id\":\"https:\\\/\\\/wamabi.be\\\/site\\\/fete-la-langue-francaise-en-fete-edition-2021\\\/\",\"url\":\"https:\\\/\\\/wamabi.be\\\/site\\\/fete-la-langue-francaise-en-fete-edition-2021\\\/\",\"name\":\"F\u00caTE \u2013 La langue fran\u00e7aise en f\u00eate [\u00e9dition 2021] - Wamabi\",\"isPartOf\":{\"@id\":\"https:\\\/\\\/wamabi.be\\\/site\\\/#website\"},\"primaryImageOfPage\":{\"@id\":\"https:\\\/\\\/wamabi.be\\\/site\\\/fete-la-langue-francaise-en-fete-edition-2021\\\/#primaryimage\"},\"image\":{\"@id\":\"https:\\\/\\\/wamabi.be\\\/site\\\/fete-la-langue-francaise-en-fete-edition-2021\\\/#primaryimage\"},\"thumbnailUrl\":\"https:\\\/\\\/wamabi.be\\\/site\\\/wp-content\\\/affiche_LFEF_2021_insta.jpg\",\"datePublished\":\"2021-03-15T12:57:23+00:00\",\"dateModified\":\"2021-03-15T13:47:46+00:00\",\"breadcrumb\":{\"@id\":\"https:\\\/\\\/wamabi.be\\\/site\\\/fete-la-langue-francaise-en-fete-edition-2021\\\/#breadcrumb\"},\"inLanguage\":\"fr-FR\",\"potentialAction\":[{\"@type\":\"ReadAction\",\"target\":[\"https:\\\/\\\/wamabi.be\\\/site\\\/fete-la-langue-francaise-en-fete-edition-2021\\\/\"]}]},{\"@type\":\"ImageObject\",\"inLanguage\":\"fr-FR\",\"@id\":\"https:\\\/\\\/wamabi.be\\\/site\\\/fete-la-langue-francaise-en-fete-edition-2021\\\/#primaryimage\",\"url\":\"https:\\\/\\\/wamabi.be\\\/site\\\/wp-content\\\/affiche_LFEF_2021_insta.jpg\",\"contentUrl\":\"https:\\\/\\\/wamabi.be\\\/site\\\/wp-content\\\/affiche_LFEF_2021_insta.jpg\",\"width\":1080,\"height\":1080},{\"@type\":\"BreadcrumbList\",\"@id\":\"https:\\\/\\\/wamabi.be\\\/site\\\/fete-la-langue-francaise-en-fete-edition-2021\\\/#breadcrumb\",\"itemListElement\":[{\"@type\":\"ListItem\",\"position\":1,\"name\":\"Accueil\",\"item\":\"https:\\\/\\\/wamabi.be\\\/site\\\/\"},{\"@type\":\"ListItem\",\"position\":2,\"name\":\"F\u00caTE \u2013 La langue fran\u00e7aise en f\u00eate [\u00e9dition 2021]\"}]},{\"@type\":\"WebSite\",\"@id\":\"https:\\\/\\\/wamabi.be\\\/site\\\/#website\",\"url\":\"https:\\\/\\\/wamabi.be\\\/site\\\/\",\"name\":\"Wamabi\",\"description\":\"Wamabi - Biblioth\u00e8ques de Waimes et de Malmedy\",\"publisher\":{\"@id\":\"https:\\\/\\\/wamabi.be\\\/site\\\/#organization\"},\"potentialAction\":[{\"@type\":\"SearchAction\",\"target\":{\"@type\":\"EntryPoint\",\"urlTemplate\":\"https:\\\/\\\/wamabi.be\\\/site\\\/?s={search_term_string}\"},\"query-input\":{\"@type\":\"PropertyValueSpecification\",\"valueRequired\":true,\"valueName\":\"search_term_string\"}}],\"inLanguage\":\"fr-FR\"},{\"@type\":\"Organization\",\"@id\":\"https:\\\/\\\/wamabi.be\\\/site\\\/#organization\",\"name\":\"Wamabi\",\"url\":\"https:\\\/\\\/wamabi.be\\\/site\\\/\",\"logo\":{\"@type\":\"ImageObject\",\"inLanguage\":\"fr-FR\",\"@id\":\"https:\\\/\\\/wamabi.be\\\/site\\\/#\\\/schema\\\/logo\\\/image\\\/\",\"url\":\"https:\\\/\\\/wamabi.be\\\/site\\\/wp-content\\\/cropped-cropped-Dragon-noir-et-blanc-transparent-carre-1.png\",\"contentUrl\":\"https:\\\/\\\/wamabi.be\\\/site\\\/wp-content\\\/cropped-cropped-Dragon-noir-et-blanc-transparent-carre-1.png\",\"width\":2321,\"height\":2321,\"caption\":\"Wamabi\"},\"image\":{\"@id\":\"https:\\\/\\\/wamabi.be\\\/site\\\/#\\\/schema\\\/logo\\\/image\\\/\"}},{\"@type\":\"Person\",\"@id\":\"https:\\\/\\\/wamabi.be\\\/site\\\/#\\\/schema\\\/person\\\/d215542c812823ee78920d76e619749c\",\"name\":\"Fred\",\"image\":{\"@type\":\"ImageObject\",\"inLanguage\":\"fr-FR\",\"@id\":\"https:\\\/\\\/secure.gravatar.com\\\/avatar\\\/fc672c5d32dec8b323e48becfe5a966d7d87b500bc73ae1712919ac83cddfea3?s=96&d=mm&r=g\",\"url\":\"https:\\\/\\\/secure.gravatar.com\\\/avatar\\\/fc672c5d32dec8b323e48becfe5a966d7d87b500bc73ae1712919ac83cddfea3?s=96&d=mm&r=g\",\"contentUrl\":\"https:\\\/\\\/secure.gravatar.com\\\/avatar\\\/fc672c5d32dec8b323e48becfe5a966d7d87b500bc73ae1712919ac83cddfea3?s=96&d=mm&r=g\",\"caption\":\"Fred\"},\"sameAs\":[\"http:\\\/\\\/www.wamabi.be\\\/\"],\"url\":\"https:\\\/\\\/wamabi.be\\\/site\\\/author\\\/fred\\\/\"}]}<\/script>\n<!-- \/ Yoast SEO plugin. -->","yoast_head_json":{"title":"F\u00caTE \u2013 La langue fran\u00e7aise en f\u00eate [\u00e9dition 2021] - Wamabi","robots":{"index":"index","follow":"follow","max-snippet":"max-snippet:-1","max-image-preview":"max-image-preview:large","max-video-preview":"max-video-preview:-1"},"canonical":"https:\/\/wamabi.be\/site\/fete-la-langue-francaise-en-fete-edition-2021\/","og_locale":"fr_FR","og_type":"article","og_title":"F\u00caTE \u2013 La langue fran\u00e7aise en f\u00eate [\u00e9dition 2021] - Wamabi","og_description":"Avec le printemps, \u00ab La langue fran\u00e7aise en f\u00eate \u00bb nous revient du 13 au 21 mars 2021.\u00a0 Cette ann\u00e9e, elle se d\u00e9cline autour du th\u00e8me de l\u2019air, sous le slogan Dis-moi 10 mots qui ne manquent pas d&rsquo;air. La langue fran\u00e7aise en f\u00eate est une campagne annuelle de sensibilisation positive et d\u00e9culpabilisante de la [&hellip;]","og_url":"https:\/\/wamabi.be\/site\/fete-la-langue-francaise-en-fete-edition-2021\/","og_site_name":"Wamabi","article_published_time":"2021-03-15T12:57:23+00:00","article_modified_time":"2021-03-15T13:47:46+00:00","og_image":[{"width":1080,"height":1080,"url":"https:\/\/wamabi.be\/site\/wp-content\/affiche_LFEF_2021_insta.jpg","type":"image\/jpeg"}],"author":"Fred","twitter_card":"summary_large_image","twitter_misc":{"\u00c9crit par":"Fred","Dur\u00e9e de lecture estim\u00e9e":"1 minute"},"schema":{"@context":"https:\/\/schema.org","@graph":[{"@type":"Article","@id":"https:\/\/wamabi.be\/site\/fete-la-langue-francaise-en-fete-edition-2021\/#article","isPartOf":{"@id":"https:\/\/wamabi.be\/site\/fete-la-langue-francaise-en-fete-edition-2021\/"},"author":{"name":"Fred","@id":"https:\/\/wamabi.be\/site\/#\/schema\/person\/d215542c812823ee78920d76e619749c"},"headline":"F\u00caTE \u2013 La langue fran\u00e7aise en f\u00eate [\u00e9dition 2021]","datePublished":"2021-03-15T12:57:23+00:00","dateModified":"2021-03-15T13:47:46+00:00","mainEntityOfPage":{"@id":"https:\/\/wamabi.be\/site\/fete-la-langue-francaise-en-fete-edition-2021\/"},"wordCount":178,"commentCount":0,"publisher":{"@id":"https:\/\/wamabi.be\/site\/#organization"},"image":{"@id":"https:\/\/wamabi.be\/site\/fete-la-langue-francaise-en-fete-edition-2021\/#primaryimage"},"thumbnailUrl":"https:\/\/wamabi.be\/site\/wp-content\/affiche_LFEF_2021_insta.jpg","keywords":["Animation","F\u00eates","Langue fran\u00e7aise"],"inLanguage":"fr-FR","potentialAction":[{"@type":"CommentAction","name":"Comment","target":["https:\/\/wamabi.be\/site\/fete-la-langue-francaise-en-fete-edition-2021\/#respond"]}]},{"@type":"WebPage","@id":"https:\/\/wamabi.be\/site\/fete-la-langue-francaise-en-fete-edition-2021\/","url":"https:\/\/wamabi.be\/site\/fete-la-langue-francaise-en-fete-edition-2021\/","name":"F\u00caTE \u2013 La langue fran\u00e7aise en f\u00eate [\u00e9dition 2021] - Wamabi","isPartOf":{"@id":"https:\/\/wamabi.be\/site\/#website"},"primaryImageOfPage":{"@id":"https:\/\/wamabi.be\/site\/fete-la-langue-francaise-en-fete-edition-2021\/#primaryimage"},"image":{"@id":"https:\/\/wamabi.be\/site\/fete-la-langue-francaise-en-fete-edition-2021\/#primaryimage"},"thumbnailUrl":"https:\/\/wamabi.be\/site\/wp-content\/affiche_LFEF_2021_insta.jpg","datePublished":"2021-03-15T12:57:23+00:00","dateModified":"2021-03-15T13:47:46+00:00","breadcrumb":{"@id":"https:\/\/wamabi.be\/site\/fete-la-langue-francaise-en-fete-edition-2021\/#breadcrumb"},"inLanguage":"fr-FR","potentialAction":[{"@type":"ReadAction","target":["https:\/\/wamabi.be\/site\/fete-la-langue-francaise-en-fete-edition-2021\/"]}]},{"@type":"ImageObject","inLanguage":"fr-FR","@id":"https:\/\/wamabi.be\/site\/fete-la-langue-francaise-en-fete-edition-2021\/#primaryimage","url":"https:\/\/wamabi.be\/site\/wp-content\/affiche_LFEF_2021_insta.jpg","contentUrl":"https:\/\/wamabi.be\/site\/wp-content\/affiche_LFEF_2021_insta.jpg","width":1080,"height":1080},{"@type":"BreadcrumbList","@id":"https:\/\/wamabi.be\/site\/fete-la-langue-francaise-en-fete-edition-2021\/#breadcrumb","itemListElement":[{"@type":"ListItem","position":1,"name":"Accueil","item":"https:\/\/wamabi.be\/site\/"},{"@type":"ListItem","position":2,"name":"F\u00caTE \u2013 La langue fran\u00e7aise en f\u00eate [\u00e9dition 2021]"}]},{"@type":"WebSite","@id":"https:\/\/wamabi.be\/site\/#website","url":"https:\/\/wamabi.be\/site\/","name":"Wamabi","description":"Wamabi - Biblioth\u00e8ques de Waimes et de Malmedy","publisher":{"@id":"https:\/\/wamabi.be\/site\/#organization"},"potentialAction":[{"@type":"SearchAction","target":{"@type":"EntryPoint","urlTemplate":"https:\/\/wamabi.be\/site\/?s={search_term_string}"},"query-input":{"@type":"PropertyValueSpecification","valueRequired":true,"valueName":"search_term_string"}}],"inLanguage":"fr-FR"},{"@type":"Organization","@id":"https:\/\/wamabi.be\/site\/#organization","name":"Wamabi","url":"https:\/\/wamabi.be\/site\/","logo":{"@type":"ImageObject","inLanguage":"fr-FR","@id":"https:\/\/wamabi.be\/site\/#\/schema\/logo\/image\/","url":"https:\/\/wamabi.be\/site\/wp-content\/cropped-cropped-Dragon-noir-et-blanc-transparent-carre-1.png","contentUrl":"https:\/\/wamabi.be\/site\/wp-content\/cropped-cropped-Dragon-noir-et-blanc-transparent-carre-1.png","width":2321,"height":2321,"caption":"Wamabi"},"image":{"@id":"https:\/\/wamabi.be\/site\/#\/schema\/logo\/image\/"}},{"@type":"Person","@id":"https:\/\/wamabi.be\/site\/#\/schema\/person\/d215542c812823ee78920d76e619749c","name":"Fred","image":{"@type":"ImageObject","inLanguage":"fr-FR","@id":"https:\/\/secure.gravatar.com\/avatar\/fc672c5d32dec8b323e48becfe5a966d7d87b500bc73ae1712919ac83cddfea3?s=96&d=mm&r=g","url":"https:\/\/secure.gravatar.com\/avatar\/fc672c5d32dec8b323e48becfe5a966d7d87b500bc73ae1712919ac83cddfea3?s=96&d=mm&r=g","contentUrl":"https:\/\/secure.gravatar.com\/avatar\/fc672c5d32dec8b323e48becfe5a966d7d87b500bc73ae1712919ac83cddfea3?s=96&d=mm&r=g","caption":"Fred"},"sameAs":["http:\/\/www.wamabi.be\/"],"url":"https:\/\/wamabi.be\/site\/author\/fred\/"}]}},"_links":{"self":[{"href":"https:\/\/wamabi.be\/site\/wp-json\/wp\/v2\/posts\/11875","targetHints":{"allow":["GET"]}}],"collection":[{"href":"https:\/\/wamabi.be\/site\/wp-json\/wp\/v2\/posts"}],"about":[{"href":"https:\/\/wamabi.be\/site\/wp-json\/wp\/v2\/types\/post"}],"author":[{"embeddable":true,"href":"https:\/\/wamabi.be\/site\/wp-json\/wp\/v2\/users\/14"}],"replies":[{"embeddable":true,"href":"https:\/\/wamabi.be\/site\/wp-json\/wp\/v2\/comments?post=11875"}],"version-history":[{"count":1,"href":"https:\/\/wamabi.be\/site\/wp-json\/wp\/v2\/posts\/11875\/revisions"}],"predecessor-version":[{"id":11877,"href":"https:\/\/wamabi.be\/site\/wp-json\/wp\/v2\/posts\/11875\/revisions\/11877"}],"wp:featuredmedia":[{"embeddable":true,"href":"https:\/\/wamabi.be\/site\/wp-json\/wp\/v2\/media\/11876"}],"wp:attachment":[{"href":"https:\/\/wamabi.be\/site\/wp-json\/wp\/v2\/media?parent=11875"}],"wp:term":[{"taxonomy":"category","embeddable":true,"href":"https:\/\/wamabi.be\/site\/wp-json\/wp\/v2\/categories?post=11875"},{"taxonomy":"post_tag","embeddable":true,"href":"https:\/\/wamabi.be\/site\/wp-json\/wp\/v2\/tags?post=11875"}],"curies":[{"name":"wp","href":"https:\/\/api.w.org\/{rel}","templated":true}]}}