{"id":11587,"date":"2020-09-08T13:35:47","date_gmt":"2020-09-08T12:35:47","guid":{"rendered":"https:\/\/wamabi.be\/site\/?p=11587"},"modified":"2020-09-09T12:47:28","modified_gmt":"2020-09-09T11:47:28","slug":"deconfinement-phase-3-reouverture-de-la-bibliotheque-de-sourbrodt","status":"publish","type":"post","link":"https:\/\/wamabi.be\/site\/deconfinement-phase-3-reouverture-de-la-bibliotheque-de-sourbrodt\/","title":{"rendered":"D\u00c9CONFINEMENT (PHASE 3) \u2013 R\u00e9ouverture de la biblioth\u00e8que de Sourbrodt"},"content":{"rendered":"<p><strong>Conform\u00e9ment \u00e0 la circulaire informative \u00e9mise par la\u00a0<i>F\u00e9d\u00e9ration Wallonie-Bruxelles \u2013 Administration G\u00e9n\u00e9rale de la Culture\u00a0<\/i>en date du 27 ao\u00fbt 2020 et ayant pour objet la mise \u00e0 jour des protocoles de d\u00e9confinement, diff\u00e9rents services et animations de la biblioth\u00e8que vont pouvoir reprendre progressivement d\u00e8s le 9 septembre suivant quelques pr\u00e9cautions indispensables.<\/strong><\/p>\n<p><a class=\"grouped_elements\" href=\"https:\/\/wamabi.be\/site\/phase-3\/\" rel=\"tc-fancybox-group11572\"><img loading=\"lazy\" decoding=\"async\" class=\"aligncenter wp-image-11589 size-large\" src=\"https:\/\/wamabi.be\/site\/wp-content\/Phase-3-724x1024.jpg\" alt=\"\" width=\"724\" height=\"1024\" srcset=\"https:\/\/wamabi.be\/site\/wp-content\/Phase-3-724x1024.jpg 724w, https:\/\/wamabi.be\/site\/wp-content\/Phase-3-212x300.jpg 212w, https:\/\/wamabi.be\/site\/wp-content\/Phase-3-768x1086.jpg 768w, https:\/\/wamabi.be\/site\/wp-content\/Phase-3-1086x1536.jpg 1086w, https:\/\/wamabi.be\/site\/wp-content\/Phase-3.jpg 1240w\" sizes=\"auto, (max-width: 724px) 100vw, 724px\" \/><\/a><\/p>\n<ul>\n<li>Horaire : Mercredi 13h &gt; 17h &#8211; Vendredi 14h &gt; 18h.<\/li>\n<li>Port du masque obligatoire pour les plus de 12 ans.<\/li>\n<li>D\u00e9sinfectez-vous les mains avant d\u2019entrer (du gel hydroalcoolique est \u00e0 votre disposition).<\/li>\n<li>Venez seul ou en comit\u00e9 restreint (famille), dans la mesure du possible (pas de groupe &#8211; maximum 2 adultes).<\/li>\n<li>Respectez les consignes de distanciation sociale (gardez une distance d\u20191,5m entre vous).<\/li>\n<li>Veuillez limiter le temps de votre visite.<\/li>\n<li>Ordinateur accessible sous conditions (port du masque et d\u00e9sinfection des mains obligatoires, distanciation sociale, pas de groupes, temps limit\u00e9 \u00e0 1h).<\/li>\n<li>Le pr\u00eat interbiblioth\u00e8ques est de nouveau effectif.<\/li>\n<li>Entr\u00e9e par l&rsquo;avant et sortie par l&rsquo;arri\u00e8re.<\/li>\n<li>En cas d\u2019afflux important d\u2019usagers, un syst\u00e8me de limitation des entr\u00e9es est mis en place.<\/li>\n<\/ul>\n<p><b>La biblioth\u00e8que de Waimes rouvrira ses portes sur le nouveau site au sous-sol de la r\u00e9sidence-service (rue de Malmedy, 1), le service <strong>\u00ab\u00a0<a href=\"https:\/\/wamabi.be\/site\/le-service-livrez-nous-reservez-emportez-des-bibliotheques-de-waimes-sourbrodt-et-malmedy\/\">Livr\u2019ez nous : r\u00e9servez, emportez<\/a> \u00bb continue \u00e0 fonctionner.<\/strong><\/b><\/p>\n<p><em>Plus d\u2019infos:<\/em><br \/>\n<em>Biblioth\u00e8ques de Waimes &amp; Sourbrodt (080\/448054 | 080\/447586 | <a href=\"mailto:waimes@wamabi.be\">waimes@wamabi.be<\/a>).<\/em><\/p>\n","protected":false},"excerpt":{"rendered":"<p>Conform\u00e9ment \u00e0 la circulaire informative \u00e9mise par la\u00a0F\u00e9d\u00e9ration Wallonie-Bruxelles \u2013 Administration G\u00e9n\u00e9rale de la Culture\u00a0en date du 27 ao\u00fbt 2020 et ayant pour objet la mise \u00e0 jour des protocoles de d\u00e9confinement, diff\u00e9rents services et animations de la biblioth\u00e8que vont pouvoir reprendre progressivement d\u00e8s le 9 septembre suivant quelques pr\u00e9cautions indispensables. Horaire : Mercredi 13h [&hellip;]<\/p>\n","protected":false},"author":8,"featured_media":11589,"comment_status":"open","ping_status":"open","sticky":false,"template":"","format":"standard","meta":{"_seopress_robots_primary_cat":"","_seopress_titles_title":"","_seopress_titles_desc":"","_seopress_robots_index":"","footnotes":""},"categories":[1],"tags":[],"class_list":{"0":"post-11587","1":"post","2":"type-post","3":"status-publish","4":"format-standard","5":"has-post-thumbnail","7":"category-non-classe","8":"czr-hentry"},"yoast_head":"<!-- This site is optimized with the Yoast SEO plugin v27.5 - https:\/\/yoast.com\/product\/yoast-seo-wordpress\/ -->\n<title>D\u00c9CONFINEMENT (PHASE 3) \u2013 R\u00e9ouverture de la biblioth\u00e8que de Sourbrodt - Wamabi<\/title>\n<meta name=\"robots\" content=\"index, follow, max-snippet:-1, max-image-preview:large, max-video-preview:-1\" \/>\n<link rel=\"canonical\" href=\"https:\/\/wamabi.be\/site\/deconfinement-phase-3-reouverture-de-la-bibliotheque-de-sourbrodt\/\" \/>\n<meta property=\"og:locale\" content=\"fr_FR\" \/>\n<meta property=\"og:type\" content=\"article\" \/>\n<meta property=\"og:title\" content=\"D\u00c9CONFINEMENT (PHASE 3) \u2013 R\u00e9ouverture de la biblioth\u00e8que de Sourbrodt - Wamabi\" \/>\n<meta property=\"og:description\" content=\"Conform\u00e9ment \u00e0 la circulaire informative \u00e9mise par la\u00a0F\u00e9d\u00e9ration Wallonie-Bruxelles \u2013 Administration G\u00e9n\u00e9rale de la Culture\u00a0en date du 27 ao\u00fbt 2020 et ayant pour objet la mise \u00e0 jour des protocoles de d\u00e9confinement, diff\u00e9rents services et animations de la biblioth\u00e8que vont pouvoir reprendre progressivement d\u00e8s le 9 septembre suivant quelques pr\u00e9cautions indispensables. Horaire : Mercredi 13h [&hellip;]\" \/>\n<meta property=\"og:url\" content=\"https:\/\/wamabi.be\/site\/deconfinement-phase-3-reouverture-de-la-bibliotheque-de-sourbrodt\/\" \/>\n<meta property=\"og:site_name\" content=\"Wamabi\" \/>\n<meta property=\"article:published_time\" content=\"2020-09-08T12:35:47+00:00\" \/>\n<meta property=\"article:modified_time\" content=\"2020-09-09T11:47:28+00:00\" \/>\n<meta property=\"og:image\" content=\"https:\/\/wamabi.be\/site\/wp-content\/Phase-3.jpg\" \/>\n\t<meta property=\"og:image:width\" content=\"1240\" \/>\n\t<meta property=\"og:image:height\" content=\"1754\" \/>\n\t<meta property=\"og:image:type\" content=\"image\/jpeg\" \/>\n<meta name=\"author\" content=\"Gaelle\" \/>\n<meta name=\"twitter:card\" content=\"summary_large_image\" \/>\n<meta name=\"twitter:label1\" content=\"\u00c9crit par\" \/>\n\t<meta name=\"twitter:data1\" content=\"Gaelle\" \/>\n\t<meta name=\"twitter:label2\" content=\"Dur\u00e9e de lecture estim\u00e9e\" \/>\n\t<meta name=\"twitter:data2\" content=\"1 minute\" \/>\n<script type=\"application\/ld+json\" class=\"yoast-schema-graph\">{\"@context\":\"https:\\\/\\\/schema.org\",\"@graph\":[{\"@type\":\"Article\",\"@id\":\"https:\\\/\\\/wamabi.be\\\/site\\\/deconfinement-phase-3-reouverture-de-la-bibliotheque-de-sourbrodt\\\/#article\",\"isPartOf\":{\"@id\":\"https:\\\/\\\/wamabi.be\\\/site\\\/deconfinement-phase-3-reouverture-de-la-bibliotheque-de-sourbrodt\\\/\"},\"author\":{\"name\":\"Gaelle\",\"@id\":\"https:\\\/\\\/wamabi.be\\\/site\\\/#\\\/schema\\\/person\\\/a1cfe4a5eb4a76dc1583d2a3a1e618df\"},\"headline\":\"D\u00c9CONFINEMENT (PHASE 3) \u2013 R\u00e9ouverture de la biblioth\u00e8que de Sourbrodt\",\"datePublished\":\"2020-09-08T12:35:47+00:00\",\"dateModified\":\"2020-09-09T11:47:28+00:00\",\"mainEntityOfPage\":{\"@id\":\"https:\\\/\\\/wamabi.be\\\/site\\\/deconfinement-phase-3-reouverture-de-la-bibliotheque-de-sourbrodt\\\/\"},\"wordCount\":242,\"commentCount\":0,\"publisher\":{\"@id\":\"https:\\\/\\\/wamabi.be\\\/site\\\/#organization\"},\"image\":{\"@id\":\"https:\\\/\\\/wamabi.be\\\/site\\\/deconfinement-phase-3-reouverture-de-la-bibliotheque-de-sourbrodt\\\/#primaryimage\"},\"thumbnailUrl\":\"https:\\\/\\\/wamabi.be\\\/site\\\/wp-content\\\/Phase-3.jpg\",\"inLanguage\":\"fr-FR\",\"potentialAction\":[{\"@type\":\"CommentAction\",\"name\":\"Comment\",\"target\":[\"https:\\\/\\\/wamabi.be\\\/site\\\/deconfinement-phase-3-reouverture-de-la-bibliotheque-de-sourbrodt\\\/#respond\"]}]},{\"@type\":\"WebPage\",\"@id\":\"https:\\\/\\\/wamabi.be\\\/site\\\/deconfinement-phase-3-reouverture-de-la-bibliotheque-de-sourbrodt\\\/\",\"url\":\"https:\\\/\\\/wamabi.be\\\/site\\\/deconfinement-phase-3-reouverture-de-la-bibliotheque-de-sourbrodt\\\/\",\"name\":\"D\u00c9CONFINEMENT (PHASE 3) \u2013 R\u00e9ouverture de la biblioth\u00e8que de Sourbrodt - Wamabi\",\"isPartOf\":{\"@id\":\"https:\\\/\\\/wamabi.be\\\/site\\\/#website\"},\"primaryImageOfPage\":{\"@id\":\"https:\\\/\\\/wamabi.be\\\/site\\\/deconfinement-phase-3-reouverture-de-la-bibliotheque-de-sourbrodt\\\/#primaryimage\"},\"image\":{\"@id\":\"https:\\\/\\\/wamabi.be\\\/site\\\/deconfinement-phase-3-reouverture-de-la-bibliotheque-de-sourbrodt\\\/#primaryimage\"},\"thumbnailUrl\":\"https:\\\/\\\/wamabi.be\\\/site\\\/wp-content\\\/Phase-3.jpg\",\"datePublished\":\"2020-09-08T12:35:47+00:00\",\"dateModified\":\"2020-09-09T11:47:28+00:00\",\"breadcrumb\":{\"@id\":\"https:\\\/\\\/wamabi.be\\\/site\\\/deconfinement-phase-3-reouverture-de-la-bibliotheque-de-sourbrodt\\\/#breadcrumb\"},\"inLanguage\":\"fr-FR\",\"potentialAction\":[{\"@type\":\"ReadAction\",\"target\":[\"https:\\\/\\\/wamabi.be\\\/site\\\/deconfinement-phase-3-reouverture-de-la-bibliotheque-de-sourbrodt\\\/\"]}]},{\"@type\":\"ImageObject\",\"inLanguage\":\"fr-FR\",\"@id\":\"https:\\\/\\\/wamabi.be\\\/site\\\/deconfinement-phase-3-reouverture-de-la-bibliotheque-de-sourbrodt\\\/#primaryimage\",\"url\":\"https:\\\/\\\/wamabi.be\\\/site\\\/wp-content\\\/Phase-3.jpg\",\"contentUrl\":\"https:\\\/\\\/wamabi.be\\\/site\\\/wp-content\\\/Phase-3.jpg\",\"width\":1240,\"height\":1754},{\"@type\":\"BreadcrumbList\",\"@id\":\"https:\\\/\\\/wamabi.be\\\/site\\\/deconfinement-phase-3-reouverture-de-la-bibliotheque-de-sourbrodt\\\/#breadcrumb\",\"itemListElement\":[{\"@type\":\"ListItem\",\"position\":1,\"name\":\"Accueil\",\"item\":\"https:\\\/\\\/wamabi.be\\\/site\\\/\"},{\"@type\":\"ListItem\",\"position\":2,\"name\":\"D\u00c9CONFINEMENT (PHASE 3) \u2013 R\u00e9ouverture de la biblioth\u00e8que de Sourbrodt\"}]},{\"@type\":\"WebSite\",\"@id\":\"https:\\\/\\\/wamabi.be\\\/site\\\/#website\",\"url\":\"https:\\\/\\\/wamabi.be\\\/site\\\/\",\"name\":\"Wamabi\",\"description\":\"Wamabi - Biblioth\u00e8ques de Waimes et de Malmedy\",\"publisher\":{\"@id\":\"https:\\\/\\\/wamabi.be\\\/site\\\/#organization\"},\"potentialAction\":[{\"@type\":\"SearchAction\",\"target\":{\"@type\":\"EntryPoint\",\"urlTemplate\":\"https:\\\/\\\/wamabi.be\\\/site\\\/?s={search_term_string}\"},\"query-input\":{\"@type\":\"PropertyValueSpecification\",\"valueRequired\":true,\"valueName\":\"search_term_string\"}}],\"inLanguage\":\"fr-FR\"},{\"@type\":\"Organization\",\"@id\":\"https:\\\/\\\/wamabi.be\\\/site\\\/#organization\",\"name\":\"Wamabi\",\"url\":\"https:\\\/\\\/wamabi.be\\\/site\\\/\",\"logo\":{\"@type\":\"ImageObject\",\"inLanguage\":\"fr-FR\",\"@id\":\"https:\\\/\\\/wamabi.be\\\/site\\\/#\\\/schema\\\/logo\\\/image\\\/\",\"url\":\"https:\\\/\\\/wamabi.be\\\/site\\\/wp-content\\\/cropped-cropped-Dragon-noir-et-blanc-transparent-carre-1.png\",\"contentUrl\":\"https:\\\/\\\/wamabi.be\\\/site\\\/wp-content\\\/cropped-cropped-Dragon-noir-et-blanc-transparent-carre-1.png\",\"width\":2321,\"height\":2321,\"caption\":\"Wamabi\"},\"image\":{\"@id\":\"https:\\\/\\\/wamabi.be\\\/site\\\/#\\\/schema\\\/logo\\\/image\\\/\"}},{\"@type\":\"Person\",\"@id\":\"https:\\\/\\\/wamabi.be\\\/site\\\/#\\\/schema\\\/person\\\/a1cfe4a5eb4a76dc1583d2a3a1e618df\",\"name\":\"Gaelle\",\"image\":{\"@type\":\"ImageObject\",\"inLanguage\":\"fr-FR\",\"@id\":\"https:\\\/\\\/secure.gravatar.com\\\/avatar\\\/e1110f9daefe1a1b8c669e2fee040bf49cd1aa11b8d34788100c12c6cdc50dd9?s=96&d=mm&r=g\",\"url\":\"https:\\\/\\\/secure.gravatar.com\\\/avatar\\\/e1110f9daefe1a1b8c669e2fee040bf49cd1aa11b8d34788100c12c6cdc50dd9?s=96&d=mm&r=g\",\"contentUrl\":\"https:\\\/\\\/secure.gravatar.com\\\/avatar\\\/e1110f9daefe1a1b8c669e2fee040bf49cd1aa11b8d34788100c12c6cdc50dd9?s=96&d=mm&r=g\",\"caption\":\"Gaelle\"},\"url\":\"https:\\\/\\\/wamabi.be\\\/site\\\/author\\\/gaelle\\\/\"}]}<\/script>\n<!-- \/ Yoast SEO plugin. -->","yoast_head_json":{"title":"D\u00c9CONFINEMENT (PHASE 3) \u2013 R\u00e9ouverture de la biblioth\u00e8que de Sourbrodt - Wamabi","robots":{"index":"index","follow":"follow","max-snippet":"max-snippet:-1","max-image-preview":"max-image-preview:large","max-video-preview":"max-video-preview:-1"},"canonical":"https:\/\/wamabi.be\/site\/deconfinement-phase-3-reouverture-de-la-bibliotheque-de-sourbrodt\/","og_locale":"fr_FR","og_type":"article","og_title":"D\u00c9CONFINEMENT (PHASE 3) \u2013 R\u00e9ouverture de la biblioth\u00e8que de Sourbrodt - Wamabi","og_description":"Conform\u00e9ment \u00e0 la circulaire informative \u00e9mise par la\u00a0F\u00e9d\u00e9ration Wallonie-Bruxelles \u2013 Administration G\u00e9n\u00e9rale de la Culture\u00a0en date du 27 ao\u00fbt 2020 et ayant pour objet la mise \u00e0 jour des protocoles de d\u00e9confinement, diff\u00e9rents services et animations de la biblioth\u00e8que vont pouvoir reprendre progressivement d\u00e8s le 9 septembre suivant quelques pr\u00e9cautions indispensables. Horaire : Mercredi 13h [&hellip;]","og_url":"https:\/\/wamabi.be\/site\/deconfinement-phase-3-reouverture-de-la-bibliotheque-de-sourbrodt\/","og_site_name":"Wamabi","article_published_time":"2020-09-08T12:35:47+00:00","article_modified_time":"2020-09-09T11:47:28+00:00","og_image":[{"width":1240,"height":1754,"url":"https:\/\/wamabi.be\/site\/wp-content\/Phase-3.jpg","type":"image\/jpeg"}],"author":"Gaelle","twitter_card":"summary_large_image","twitter_misc":{"\u00c9crit par":"Gaelle","Dur\u00e9e de lecture estim\u00e9e":"1 minute"},"schema":{"@context":"https:\/\/schema.org","@graph":[{"@type":"Article","@id":"https:\/\/wamabi.be\/site\/deconfinement-phase-3-reouverture-de-la-bibliotheque-de-sourbrodt\/#article","isPartOf":{"@id":"https:\/\/wamabi.be\/site\/deconfinement-phase-3-reouverture-de-la-bibliotheque-de-sourbrodt\/"},"author":{"name":"Gaelle","@id":"https:\/\/wamabi.be\/site\/#\/schema\/person\/a1cfe4a5eb4a76dc1583d2a3a1e618df"},"headline":"D\u00c9CONFINEMENT (PHASE 3) \u2013 R\u00e9ouverture de la biblioth\u00e8que de Sourbrodt","datePublished":"2020-09-08T12:35:47+00:00","dateModified":"2020-09-09T11:47:28+00:00","mainEntityOfPage":{"@id":"https:\/\/wamabi.be\/site\/deconfinement-phase-3-reouverture-de-la-bibliotheque-de-sourbrodt\/"},"wordCount":242,"commentCount":0,"publisher":{"@id":"https:\/\/wamabi.be\/site\/#organization"},"image":{"@id":"https:\/\/wamabi.be\/site\/deconfinement-phase-3-reouverture-de-la-bibliotheque-de-sourbrodt\/#primaryimage"},"thumbnailUrl":"https:\/\/wamabi.be\/site\/wp-content\/Phase-3.jpg","inLanguage":"fr-FR","potentialAction":[{"@type":"CommentAction","name":"Comment","target":["https:\/\/wamabi.be\/site\/deconfinement-phase-3-reouverture-de-la-bibliotheque-de-sourbrodt\/#respond"]}]},{"@type":"WebPage","@id":"https:\/\/wamabi.be\/site\/deconfinement-phase-3-reouverture-de-la-bibliotheque-de-sourbrodt\/","url":"https:\/\/wamabi.be\/site\/deconfinement-phase-3-reouverture-de-la-bibliotheque-de-sourbrodt\/","name":"D\u00c9CONFINEMENT (PHASE 3) \u2013 R\u00e9ouverture de la biblioth\u00e8que de Sourbrodt - Wamabi","isPartOf":{"@id":"https:\/\/wamabi.be\/site\/#website"},"primaryImageOfPage":{"@id":"https:\/\/wamabi.be\/site\/deconfinement-phase-3-reouverture-de-la-bibliotheque-de-sourbrodt\/#primaryimage"},"image":{"@id":"https:\/\/wamabi.be\/site\/deconfinement-phase-3-reouverture-de-la-bibliotheque-de-sourbrodt\/#primaryimage"},"thumbnailUrl":"https:\/\/wamabi.be\/site\/wp-content\/Phase-3.jpg","datePublished":"2020-09-08T12:35:47+00:00","dateModified":"2020-09-09T11:47:28+00:00","breadcrumb":{"@id":"https:\/\/wamabi.be\/site\/deconfinement-phase-3-reouverture-de-la-bibliotheque-de-sourbrodt\/#breadcrumb"},"inLanguage":"fr-FR","potentialAction":[{"@type":"ReadAction","target":["https:\/\/wamabi.be\/site\/deconfinement-phase-3-reouverture-de-la-bibliotheque-de-sourbrodt\/"]}]},{"@type":"ImageObject","inLanguage":"fr-FR","@id":"https:\/\/wamabi.be\/site\/deconfinement-phase-3-reouverture-de-la-bibliotheque-de-sourbrodt\/#primaryimage","url":"https:\/\/wamabi.be\/site\/wp-content\/Phase-3.jpg","contentUrl":"https:\/\/wamabi.be\/site\/wp-content\/Phase-3.jpg","width":1240,"height":1754},{"@type":"BreadcrumbList","@id":"https:\/\/wamabi.be\/site\/deconfinement-phase-3-reouverture-de-la-bibliotheque-de-sourbrodt\/#breadcrumb","itemListElement":[{"@type":"ListItem","position":1,"name":"Accueil","item":"https:\/\/wamabi.be\/site\/"},{"@type":"ListItem","position":2,"name":"D\u00c9CONFINEMENT (PHASE 3) \u2013 R\u00e9ouverture de la biblioth\u00e8que de Sourbrodt"}]},{"@type":"WebSite","@id":"https:\/\/wamabi.be\/site\/#website","url":"https:\/\/wamabi.be\/site\/","name":"Wamabi","description":"Wamabi - Biblioth\u00e8ques de Waimes et de Malmedy","publisher":{"@id":"https:\/\/wamabi.be\/site\/#organization"},"potentialAction":[{"@type":"SearchAction","target":{"@type":"EntryPoint","urlTemplate":"https:\/\/wamabi.be\/site\/?s={search_term_string}"},"query-input":{"@type":"PropertyValueSpecification","valueRequired":true,"valueName":"search_term_string"}}],"inLanguage":"fr-FR"},{"@type":"Organization","@id":"https:\/\/wamabi.be\/site\/#organization","name":"Wamabi","url":"https:\/\/wamabi.be\/site\/","logo":{"@type":"ImageObject","inLanguage":"fr-FR","@id":"https:\/\/wamabi.be\/site\/#\/schema\/logo\/image\/","url":"https:\/\/wamabi.be\/site\/wp-content\/cropped-cropped-Dragon-noir-et-blanc-transparent-carre-1.png","contentUrl":"https:\/\/wamabi.be\/site\/wp-content\/cropped-cropped-Dragon-noir-et-blanc-transparent-carre-1.png","width":2321,"height":2321,"caption":"Wamabi"},"image":{"@id":"https:\/\/wamabi.be\/site\/#\/schema\/logo\/image\/"}},{"@type":"Person","@id":"https:\/\/wamabi.be\/site\/#\/schema\/person\/a1cfe4a5eb4a76dc1583d2a3a1e618df","name":"Gaelle","image":{"@type":"ImageObject","inLanguage":"fr-FR","@id":"https:\/\/secure.gravatar.com\/avatar\/e1110f9daefe1a1b8c669e2fee040bf49cd1aa11b8d34788100c12c6cdc50dd9?s=96&d=mm&r=g","url":"https:\/\/secure.gravatar.com\/avatar\/e1110f9daefe1a1b8c669e2fee040bf49cd1aa11b8d34788100c12c6cdc50dd9?s=96&d=mm&r=g","contentUrl":"https:\/\/secure.gravatar.com\/avatar\/e1110f9daefe1a1b8c669e2fee040bf49cd1aa11b8d34788100c12c6cdc50dd9?s=96&d=mm&r=g","caption":"Gaelle"},"url":"https:\/\/wamabi.be\/site\/author\/gaelle\/"}]}},"_links":{"self":[{"href":"https:\/\/wamabi.be\/site\/wp-json\/wp\/v2\/posts\/11587","targetHints":{"allow":["GET"]}}],"collection":[{"href":"https:\/\/wamabi.be\/site\/wp-json\/wp\/v2\/posts"}],"about":[{"href":"https:\/\/wamabi.be\/site\/wp-json\/wp\/v2\/types\/post"}],"author":[{"embeddable":true,"href":"https:\/\/wamabi.be\/site\/wp-json\/wp\/v2\/users\/8"}],"replies":[{"embeddable":true,"href":"https:\/\/wamabi.be\/site\/wp-json\/wp\/v2\/comments?post=11587"}],"version-history":[{"count":9,"href":"https:\/\/wamabi.be\/site\/wp-json\/wp\/v2\/posts\/11587\/revisions"}],"predecessor-version":[{"id":11596,"href":"https:\/\/wamabi.be\/site\/wp-json\/wp\/v2\/posts\/11587\/revisions\/11596"}],"wp:featuredmedia":[{"embeddable":true,"href":"https:\/\/wamabi.be\/site\/wp-json\/wp\/v2\/media\/11589"}],"wp:attachment":[{"href":"https:\/\/wamabi.be\/site\/wp-json\/wp\/v2\/media?parent=11587"}],"wp:term":[{"taxonomy":"category","embeddable":true,"href":"https:\/\/wamabi.be\/site\/wp-json\/wp\/v2\/categories?post=11587"},{"taxonomy":"post_tag","embeddable":true,"href":"https:\/\/wamabi.be\/site\/wp-json\/wp\/v2\/tags?post=11587"}],"curies":[{"name":"wp","href":"https:\/\/api.w.org\/{rel}","templated":true}]}}