{"id":10929,"date":"2019-09-03T10:16:37","date_gmt":"2019-09-03T09:16:37","guid":{"rendered":"http:\/\/wamabi.be\/site\/?p=10929"},"modified":"2019-09-05T13:40:42","modified_gmt":"2019-09-05T12:40:42","slug":"atelier-decriture-climate-fiction","status":"publish","type":"post","link":"https:\/\/wamabi.be\/site\/atelier-decriture-climate-fiction\/","title":{"rendered":"ATELIER D\u2019\u00c9CRITURE \u2013 Climate Fiction"},"content":{"rendered":"<p><strong>La <a href=\"http:\/\/wamabi.be\/site\/\">biblioth\u00e8que<\/a> vous propose un atelier d&rsquo;\u00e9criture \u00ab\u00a0Climate fiction\u00a0\u00bb lors de <a href=\"https:\/\/www.changeonsdemain.be\/\" target=\"_blank\" rel=\"noopener noreferrer\">Changeons demain,<\/a> le premier forum sur la transition. Anim\u00e9 par Anita Van Belle, il se d\u00e9roulera le dimanche 22 septembre \u00e0 10 et 14h \u00e0 Malmedy Expo.<\/strong><\/p>\n<p><a href=\"http:\/\/wamabi.be\/site\/wp-content\/Anita-Van-Belle-copie_0.jpg\"><img loading=\"lazy\" decoding=\"async\" class=\"alignnone size-medium wp-image-10938\" src=\"http:\/\/wamabi.be\/site\/wp-content\/Anita-Van-Belle-copie_0-300x200.jpg\" alt=\"\" width=\"300\" height=\"200\" srcset=\"https:\/\/wamabi.be\/site\/wp-content\/Anita-Van-Belle-copie_0-300x200.jpg 300w, https:\/\/wamabi.be\/site\/wp-content\/Anita-Van-Belle-copie_0-768x512.jpg 768w, https:\/\/wamabi.be\/site\/wp-content\/Anita-Van-Belle-copie_0-1024x682.jpg 1024w, https:\/\/wamabi.be\/site\/wp-content\/Anita-Van-Belle-copie_0-1320x880.jpg 1320w, https:\/\/wamabi.be\/site\/wp-content\/Anita-Van-Belle-copie_0.jpg 1772w\" sizes=\"auto, (max-width: 300px) 100vw, 300px\" \/><\/a><\/p>\n<p>La Climate fiction est bas\u00e9e sur les cons\u00e9quences du r\u00e9chauffement climatique sur la plan\u00e8te. Cet atelier d&rsquo;\u00e9criture introduit au genre et d\u00e9bouche sur l&rsquo;\u00e9criture d&rsquo;un texte. L&rsquo;atelier met en jeu des principes dramatiques forts. Il vous permet d&rsquo;imaginer votre futur &#8211; pas forc\u00e9ment pour le pire.<\/p>\n<p>Deux s\u00e9ances: 10h &amp; 14h. Max 10 participants\/s\u00e9ance. Inscriptions au 080\/799930 ou <a href=\"mailto:malmedy@wamabi.be\">malmedy@wamabi.be<\/a> &#8211; Dur\u00e9e: 3h &#8211; PAF: 5\u20ac<\/p>\n<p>Pour rejoindre l&rsquo;\u00e9v\u00e9nement <a href=\"https:\/\/www.facebook.com\/events\/2381401315311416\/\">Facebook<\/a>, cliquez <a href=\"https:\/\/www.facebook.com\/events\/2381401315311416\/\" target=\"_blank\" rel=\"noopener noreferrer\">ici<\/a>.<\/p>\n<p><em>Cet atelier marque le d\u00e9but du cycle d&rsquo;ateliers d&rsquo;\u00e9criture 2019-2020 \u00e0 Malmedy (bient\u00f4t de nouvelles dates!). Il est organis\u00e9 dans le cadre du forum <a href=\"https:\/\/www.changeonsdemain.be\/\" target=\"_blank\" rel=\"noopener noreferrer\">Changeons demain<\/a> et du <a href=\"https:\/\/www.bila.ink\/festival\/\" target=\"_blank\" rel=\"noopener noreferrer\">Festival des litt\u00e9ratures d&rsquo;aventures<\/a>.<br \/>\n<\/em><\/p>\n","protected":false},"excerpt":{"rendered":"<p>La biblioth\u00e8que vous propose un atelier d&rsquo;\u00e9criture \u00ab\u00a0Climate fiction\u00a0\u00bb lors de Changeons demain, le premier forum sur la transition. Anim\u00e9 par Anita Van Belle, il se d\u00e9roulera le dimanche 22 septembre \u00e0 10 et 14h \u00e0 Malmedy Expo. La Climate fiction est bas\u00e9e sur les cons\u00e9quences du r\u00e9chauffement climatique sur la plan\u00e8te. Cet atelier d&rsquo;\u00e9criture [&hellip;]<\/p>\n","protected":false},"author":14,"featured_media":10938,"comment_status":"open","ping_status":"open","sticky":false,"template":"","format":"standard","meta":{"_seopress_robots_primary_cat":"","_seopress_titles_title":"","_seopress_titles_desc":"","_seopress_robots_index":"","footnotes":""},"categories":[1],"tags":[240,21,485],"class_list":{"0":"post-10929","1":"post","2":"type-post","3":"status-publish","4":"format-standard","5":"has-post-thumbnail","7":"category-non-classe","8":"tag-animation","9":"tag-atelier-decriture","10":"tag-transition","11":"czr-hentry"},"yoast_head":"<!-- This site is optimized with the Yoast SEO plugin v27.4 - https:\/\/yoast.com\/product\/yoast-seo-wordpress\/ -->\n<title>ATELIER D\u2019\u00c9CRITURE \u2013 Climate Fiction - Wamabi<\/title>\n<meta name=\"robots\" content=\"index, follow, max-snippet:-1, max-image-preview:large, max-video-preview:-1\" \/>\n<link rel=\"canonical\" href=\"https:\/\/wamabi.be\/site\/atelier-decriture-climate-fiction\/\" \/>\n<meta property=\"og:locale\" content=\"fr_FR\" \/>\n<meta property=\"og:type\" content=\"article\" \/>\n<meta property=\"og:title\" content=\"ATELIER D\u2019\u00c9CRITURE \u2013 Climate Fiction - Wamabi\" \/>\n<meta property=\"og:description\" content=\"La biblioth\u00e8que vous propose un atelier d&rsquo;\u00e9criture \u00ab\u00a0Climate fiction\u00a0\u00bb lors de Changeons demain, le premier forum sur la transition. Anim\u00e9 par Anita Van Belle, il se d\u00e9roulera le dimanche 22 septembre \u00e0 10 et 14h \u00e0 Malmedy Expo. La Climate fiction est bas\u00e9e sur les cons\u00e9quences du r\u00e9chauffement climatique sur la plan\u00e8te. Cet atelier d&rsquo;\u00e9criture [&hellip;]\" \/>\n<meta property=\"og:url\" content=\"https:\/\/wamabi.be\/site\/atelier-decriture-climate-fiction\/\" \/>\n<meta property=\"og:site_name\" content=\"Wamabi\" \/>\n<meta property=\"article:published_time\" content=\"2019-09-03T09:16:37+00:00\" \/>\n<meta property=\"article:modified_time\" content=\"2019-09-05T12:40:42+00:00\" \/>\n<meta property=\"og:image\" content=\"https:\/\/wamabi.be\/site\/wp-content\/Anita-Van-Belle-copie_0.jpg\" \/>\n\t<meta property=\"og:image:width\" content=\"1772\" \/>\n\t<meta property=\"og:image:height\" content=\"1181\" \/>\n\t<meta property=\"og:image:type\" content=\"image\/jpeg\" \/>\n<meta name=\"author\" content=\"Fred\" \/>\n<meta name=\"twitter:card\" content=\"summary_large_image\" \/>\n<meta name=\"twitter:label1\" content=\"\u00c9crit par\" \/>\n\t<meta name=\"twitter:data1\" content=\"Fred\" \/>\n\t<meta name=\"twitter:label2\" content=\"Dur\u00e9e de lecture estim\u00e9e\" \/>\n\t<meta name=\"twitter:data2\" content=\"1 minute\" \/>\n<script type=\"application\/ld+json\" class=\"yoast-schema-graph\">{\"@context\":\"https:\\\/\\\/schema.org\",\"@graph\":[{\"@type\":\"Article\",\"@id\":\"https:\\\/\\\/wamabi.be\\\/site\\\/atelier-decriture-climate-fiction\\\/#article\",\"isPartOf\":{\"@id\":\"https:\\\/\\\/wamabi.be\\\/site\\\/atelier-decriture-climate-fiction\\\/\"},\"author\":{\"name\":\"Fred\",\"@id\":\"https:\\\/\\\/wamabi.be\\\/site\\\/#\\\/schema\\\/person\\\/d215542c812823ee78920d76e619749c\"},\"headline\":\"ATELIER D\u2019\u00c9CRITURE \u2013 Climate Fiction\",\"datePublished\":\"2019-09-03T09:16:37+00:00\",\"dateModified\":\"2019-09-05T12:40:42+00:00\",\"mainEntityOfPage\":{\"@id\":\"https:\\\/\\\/wamabi.be\\\/site\\\/atelier-decriture-climate-fiction\\\/\"},\"wordCount\":166,\"commentCount\":0,\"publisher\":{\"@id\":\"https:\\\/\\\/wamabi.be\\\/site\\\/#organization\"},\"image\":{\"@id\":\"https:\\\/\\\/wamabi.be\\\/site\\\/atelier-decriture-climate-fiction\\\/#primaryimage\"},\"thumbnailUrl\":\"https:\\\/\\\/wamabi.be\\\/site\\\/wp-content\\\/Anita-Van-Belle-copie_0.jpg\",\"keywords\":[\"Animation\",\"Atelier d'\u00e9criture\",\"Transition\"],\"inLanguage\":\"fr-FR\",\"potentialAction\":[{\"@type\":\"CommentAction\",\"name\":\"Comment\",\"target\":[\"https:\\\/\\\/wamabi.be\\\/site\\\/atelier-decriture-climate-fiction\\\/#respond\"]}]},{\"@type\":\"WebPage\",\"@id\":\"https:\\\/\\\/wamabi.be\\\/site\\\/atelier-decriture-climate-fiction\\\/\",\"url\":\"https:\\\/\\\/wamabi.be\\\/site\\\/atelier-decriture-climate-fiction\\\/\",\"name\":\"ATELIER D\u2019\u00c9CRITURE \u2013 Climate Fiction - Wamabi\",\"isPartOf\":{\"@id\":\"https:\\\/\\\/wamabi.be\\\/site\\\/#website\"},\"primaryImageOfPage\":{\"@id\":\"https:\\\/\\\/wamabi.be\\\/site\\\/atelier-decriture-climate-fiction\\\/#primaryimage\"},\"image\":{\"@id\":\"https:\\\/\\\/wamabi.be\\\/site\\\/atelier-decriture-climate-fiction\\\/#primaryimage\"},\"thumbnailUrl\":\"https:\\\/\\\/wamabi.be\\\/site\\\/wp-content\\\/Anita-Van-Belle-copie_0.jpg\",\"datePublished\":\"2019-09-03T09:16:37+00:00\",\"dateModified\":\"2019-09-05T12:40:42+00:00\",\"breadcrumb\":{\"@id\":\"https:\\\/\\\/wamabi.be\\\/site\\\/atelier-decriture-climate-fiction\\\/#breadcrumb\"},\"inLanguage\":\"fr-FR\",\"potentialAction\":[{\"@type\":\"ReadAction\",\"target\":[\"https:\\\/\\\/wamabi.be\\\/site\\\/atelier-decriture-climate-fiction\\\/\"]}]},{\"@type\":\"ImageObject\",\"inLanguage\":\"fr-FR\",\"@id\":\"https:\\\/\\\/wamabi.be\\\/site\\\/atelier-decriture-climate-fiction\\\/#primaryimage\",\"url\":\"https:\\\/\\\/wamabi.be\\\/site\\\/wp-content\\\/Anita-Van-Belle-copie_0.jpg\",\"contentUrl\":\"https:\\\/\\\/wamabi.be\\\/site\\\/wp-content\\\/Anita-Van-Belle-copie_0.jpg\",\"width\":1772,\"height\":1181},{\"@type\":\"BreadcrumbList\",\"@id\":\"https:\\\/\\\/wamabi.be\\\/site\\\/atelier-decriture-climate-fiction\\\/#breadcrumb\",\"itemListElement\":[{\"@type\":\"ListItem\",\"position\":1,\"name\":\"Accueil\",\"item\":\"https:\\\/\\\/wamabi.be\\\/site\\\/\"},{\"@type\":\"ListItem\",\"position\":2,\"name\":\"ATELIER D\u2019\u00c9CRITURE \u2013 Climate Fiction\"}]},{\"@type\":\"WebSite\",\"@id\":\"https:\\\/\\\/wamabi.be\\\/site\\\/#website\",\"url\":\"https:\\\/\\\/wamabi.be\\\/site\\\/\",\"name\":\"Wamabi\",\"description\":\"Wamabi - Biblioth\u00e8ques de Waimes et de Malmedy\",\"publisher\":{\"@id\":\"https:\\\/\\\/wamabi.be\\\/site\\\/#organization\"},\"potentialAction\":[{\"@type\":\"SearchAction\",\"target\":{\"@type\":\"EntryPoint\",\"urlTemplate\":\"https:\\\/\\\/wamabi.be\\\/site\\\/?s={search_term_string}\"},\"query-input\":{\"@type\":\"PropertyValueSpecification\",\"valueRequired\":true,\"valueName\":\"search_term_string\"}}],\"inLanguage\":\"fr-FR\"},{\"@type\":\"Organization\",\"@id\":\"https:\\\/\\\/wamabi.be\\\/site\\\/#organization\",\"name\":\"Wamabi\",\"url\":\"https:\\\/\\\/wamabi.be\\\/site\\\/\",\"logo\":{\"@type\":\"ImageObject\",\"inLanguage\":\"fr-FR\",\"@id\":\"https:\\\/\\\/wamabi.be\\\/site\\\/#\\\/schema\\\/logo\\\/image\\\/\",\"url\":\"https:\\\/\\\/wamabi.be\\\/site\\\/wp-content\\\/cropped-cropped-Dragon-noir-et-blanc-transparent-carre-1.png\",\"contentUrl\":\"https:\\\/\\\/wamabi.be\\\/site\\\/wp-content\\\/cropped-cropped-Dragon-noir-et-blanc-transparent-carre-1.png\",\"width\":2321,\"height\":2321,\"caption\":\"Wamabi\"},\"image\":{\"@id\":\"https:\\\/\\\/wamabi.be\\\/site\\\/#\\\/schema\\\/logo\\\/image\\\/\"}},{\"@type\":\"Person\",\"@id\":\"https:\\\/\\\/wamabi.be\\\/site\\\/#\\\/schema\\\/person\\\/d215542c812823ee78920d76e619749c\",\"name\":\"Fred\",\"image\":{\"@type\":\"ImageObject\",\"inLanguage\":\"fr-FR\",\"@id\":\"https:\\\/\\\/secure.gravatar.com\\\/avatar\\\/fc672c5d32dec8b323e48becfe5a966d7d87b500bc73ae1712919ac83cddfea3?s=96&d=mm&r=g\",\"url\":\"https:\\\/\\\/secure.gravatar.com\\\/avatar\\\/fc672c5d32dec8b323e48becfe5a966d7d87b500bc73ae1712919ac83cddfea3?s=96&d=mm&r=g\",\"contentUrl\":\"https:\\\/\\\/secure.gravatar.com\\\/avatar\\\/fc672c5d32dec8b323e48becfe5a966d7d87b500bc73ae1712919ac83cddfea3?s=96&d=mm&r=g\",\"caption\":\"Fred\"},\"sameAs\":[\"http:\\\/\\\/www.wamabi.be\\\/\"],\"url\":\"https:\\\/\\\/wamabi.be\\\/site\\\/author\\\/fred\\\/\"}]}<\/script>\n<!-- \/ Yoast SEO plugin. -->","yoast_head_json":{"title":"ATELIER D\u2019\u00c9CRITURE \u2013 Climate Fiction - Wamabi","robots":{"index":"index","follow":"follow","max-snippet":"max-snippet:-1","max-image-preview":"max-image-preview:large","max-video-preview":"max-video-preview:-1"},"canonical":"https:\/\/wamabi.be\/site\/atelier-decriture-climate-fiction\/","og_locale":"fr_FR","og_type":"article","og_title":"ATELIER D\u2019\u00c9CRITURE \u2013 Climate Fiction - Wamabi","og_description":"La biblioth\u00e8que vous propose un atelier d&rsquo;\u00e9criture \u00ab\u00a0Climate fiction\u00a0\u00bb lors de Changeons demain, le premier forum sur la transition. Anim\u00e9 par Anita Van Belle, il se d\u00e9roulera le dimanche 22 septembre \u00e0 10 et 14h \u00e0 Malmedy Expo. La Climate fiction est bas\u00e9e sur les cons\u00e9quences du r\u00e9chauffement climatique sur la plan\u00e8te. Cet atelier d&rsquo;\u00e9criture [&hellip;]","og_url":"https:\/\/wamabi.be\/site\/atelier-decriture-climate-fiction\/","og_site_name":"Wamabi","article_published_time":"2019-09-03T09:16:37+00:00","article_modified_time":"2019-09-05T12:40:42+00:00","og_image":[{"width":1772,"height":1181,"url":"https:\/\/wamabi.be\/site\/wp-content\/Anita-Van-Belle-copie_0.jpg","type":"image\/jpeg"}],"author":"Fred","twitter_card":"summary_large_image","twitter_misc":{"\u00c9crit par":"Fred","Dur\u00e9e de lecture estim\u00e9e":"1 minute"},"schema":{"@context":"https:\/\/schema.org","@graph":[{"@type":"Article","@id":"https:\/\/wamabi.be\/site\/atelier-decriture-climate-fiction\/#article","isPartOf":{"@id":"https:\/\/wamabi.be\/site\/atelier-decriture-climate-fiction\/"},"author":{"name":"Fred","@id":"https:\/\/wamabi.be\/site\/#\/schema\/person\/d215542c812823ee78920d76e619749c"},"headline":"ATELIER D\u2019\u00c9CRITURE \u2013 Climate Fiction","datePublished":"2019-09-03T09:16:37+00:00","dateModified":"2019-09-05T12:40:42+00:00","mainEntityOfPage":{"@id":"https:\/\/wamabi.be\/site\/atelier-decriture-climate-fiction\/"},"wordCount":166,"commentCount":0,"publisher":{"@id":"https:\/\/wamabi.be\/site\/#organization"},"image":{"@id":"https:\/\/wamabi.be\/site\/atelier-decriture-climate-fiction\/#primaryimage"},"thumbnailUrl":"https:\/\/wamabi.be\/site\/wp-content\/Anita-Van-Belle-copie_0.jpg","keywords":["Animation","Atelier d'\u00e9criture","Transition"],"inLanguage":"fr-FR","potentialAction":[{"@type":"CommentAction","name":"Comment","target":["https:\/\/wamabi.be\/site\/atelier-decriture-climate-fiction\/#respond"]}]},{"@type":"WebPage","@id":"https:\/\/wamabi.be\/site\/atelier-decriture-climate-fiction\/","url":"https:\/\/wamabi.be\/site\/atelier-decriture-climate-fiction\/","name":"ATELIER D\u2019\u00c9CRITURE \u2013 Climate Fiction - Wamabi","isPartOf":{"@id":"https:\/\/wamabi.be\/site\/#website"},"primaryImageOfPage":{"@id":"https:\/\/wamabi.be\/site\/atelier-decriture-climate-fiction\/#primaryimage"},"image":{"@id":"https:\/\/wamabi.be\/site\/atelier-decriture-climate-fiction\/#primaryimage"},"thumbnailUrl":"https:\/\/wamabi.be\/site\/wp-content\/Anita-Van-Belle-copie_0.jpg","datePublished":"2019-09-03T09:16:37+00:00","dateModified":"2019-09-05T12:40:42+00:00","breadcrumb":{"@id":"https:\/\/wamabi.be\/site\/atelier-decriture-climate-fiction\/#breadcrumb"},"inLanguage":"fr-FR","potentialAction":[{"@type":"ReadAction","target":["https:\/\/wamabi.be\/site\/atelier-decriture-climate-fiction\/"]}]},{"@type":"ImageObject","inLanguage":"fr-FR","@id":"https:\/\/wamabi.be\/site\/atelier-decriture-climate-fiction\/#primaryimage","url":"https:\/\/wamabi.be\/site\/wp-content\/Anita-Van-Belle-copie_0.jpg","contentUrl":"https:\/\/wamabi.be\/site\/wp-content\/Anita-Van-Belle-copie_0.jpg","width":1772,"height":1181},{"@type":"BreadcrumbList","@id":"https:\/\/wamabi.be\/site\/atelier-decriture-climate-fiction\/#breadcrumb","itemListElement":[{"@type":"ListItem","position":1,"name":"Accueil","item":"https:\/\/wamabi.be\/site\/"},{"@type":"ListItem","position":2,"name":"ATELIER D\u2019\u00c9CRITURE \u2013 Climate Fiction"}]},{"@type":"WebSite","@id":"https:\/\/wamabi.be\/site\/#website","url":"https:\/\/wamabi.be\/site\/","name":"Wamabi","description":"Wamabi - Biblioth\u00e8ques de Waimes et de Malmedy","publisher":{"@id":"https:\/\/wamabi.be\/site\/#organization"},"potentialAction":[{"@type":"SearchAction","target":{"@type":"EntryPoint","urlTemplate":"https:\/\/wamabi.be\/site\/?s={search_term_string}"},"query-input":{"@type":"PropertyValueSpecification","valueRequired":true,"valueName":"search_term_string"}}],"inLanguage":"fr-FR"},{"@type":"Organization","@id":"https:\/\/wamabi.be\/site\/#organization","name":"Wamabi","url":"https:\/\/wamabi.be\/site\/","logo":{"@type":"ImageObject","inLanguage":"fr-FR","@id":"https:\/\/wamabi.be\/site\/#\/schema\/logo\/image\/","url":"https:\/\/wamabi.be\/site\/wp-content\/cropped-cropped-Dragon-noir-et-blanc-transparent-carre-1.png","contentUrl":"https:\/\/wamabi.be\/site\/wp-content\/cropped-cropped-Dragon-noir-et-blanc-transparent-carre-1.png","width":2321,"height":2321,"caption":"Wamabi"},"image":{"@id":"https:\/\/wamabi.be\/site\/#\/schema\/logo\/image\/"}},{"@type":"Person","@id":"https:\/\/wamabi.be\/site\/#\/schema\/person\/d215542c812823ee78920d76e619749c","name":"Fred","image":{"@type":"ImageObject","inLanguage":"fr-FR","@id":"https:\/\/secure.gravatar.com\/avatar\/fc672c5d32dec8b323e48becfe5a966d7d87b500bc73ae1712919ac83cddfea3?s=96&d=mm&r=g","url":"https:\/\/secure.gravatar.com\/avatar\/fc672c5d32dec8b323e48becfe5a966d7d87b500bc73ae1712919ac83cddfea3?s=96&d=mm&r=g","contentUrl":"https:\/\/secure.gravatar.com\/avatar\/fc672c5d32dec8b323e48becfe5a966d7d87b500bc73ae1712919ac83cddfea3?s=96&d=mm&r=g","caption":"Fred"},"sameAs":["http:\/\/www.wamabi.be\/"],"url":"https:\/\/wamabi.be\/site\/author\/fred\/"}]}},"_links":{"self":[{"href":"https:\/\/wamabi.be\/site\/wp-json\/wp\/v2\/posts\/10929","targetHints":{"allow":["GET"]}}],"collection":[{"href":"https:\/\/wamabi.be\/site\/wp-json\/wp\/v2\/posts"}],"about":[{"href":"https:\/\/wamabi.be\/site\/wp-json\/wp\/v2\/types\/post"}],"author":[{"embeddable":true,"href":"https:\/\/wamabi.be\/site\/wp-json\/wp\/v2\/users\/14"}],"replies":[{"embeddable":true,"href":"https:\/\/wamabi.be\/site\/wp-json\/wp\/v2\/comments?post=10929"}],"version-history":[{"count":9,"href":"https:\/\/wamabi.be\/site\/wp-json\/wp\/v2\/posts\/10929\/revisions"}],"predecessor-version":[{"id":10963,"href":"https:\/\/wamabi.be\/site\/wp-json\/wp\/v2\/posts\/10929\/revisions\/10963"}],"wp:featuredmedia":[{"embeddable":true,"href":"https:\/\/wamabi.be\/site\/wp-json\/wp\/v2\/media\/10938"}],"wp:attachment":[{"href":"https:\/\/wamabi.be\/site\/wp-json\/wp\/v2\/media?parent=10929"}],"wp:term":[{"taxonomy":"category","embeddable":true,"href":"https:\/\/wamabi.be\/site\/wp-json\/wp\/v2\/categories?post=10929"},{"taxonomy":"post_tag","embeddable":true,"href":"https:\/\/wamabi.be\/site\/wp-json\/wp\/v2\/tags?post=10929"}],"curies":[{"name":"wp","href":"https:\/\/api.w.org\/{rel}","templated":true}]}}