{"id":10172,"date":"2018-08-22T10:16:05","date_gmt":"2018-08-22T09:16:05","guid":{"rendered":"http:\/\/wamabi.be\/site\/?p=10172"},"modified":"2018-08-22T12:38:11","modified_gmt":"2018-08-22T11:38:11","slug":"sortie-litteraire-de-lautre-cote-du-pont-de-michel-ninin","status":"publish","type":"post","link":"https:\/\/wamabi.be\/site\/sortie-litteraire-de-lautre-cote-du-pont-de-michel-ninin\/","title":{"rendered":"SORTIE LITT\u00c9RAIRE &#8211; \u00ab De l&rsquo;autre c\u00f4t\u00e9 du pont \u00bb de Michel Ninin"},"content":{"rendered":"<p><strong>Ce mardi 11 septembre 2018, la biblioth\u00e8que de Malmedy accueille Michel Ninin \u00e0 partir de 15h. Victime de deux AVC en 2011, le Malm\u00e9dien se retrouve, malgr\u00e9 lui, en r\u00e9\u00e9ducation pour une tr\u00e8s longue p\u00e9riode. Ses livres racontent son parcours de vie. Bienvenue pour partager avec lui autour de ses livres et de ses exp\u00e9riences.<\/strong><\/p>\n<p><img loading=\"lazy\" decoding=\"async\" class=\"alignnone size-medium wp-image-10175\" src=\"http:\/\/wamabi.be\/site\/wp-content\/photo-1-300x300.jpg\" alt=\"\" width=\"300\" height=\"300\" srcset=\"https:\/\/wamabi.be\/site\/wp-content\/photo-1-300x300.jpg 300w, https:\/\/wamabi.be\/site\/wp-content\/photo-1-150x150.jpg 150w, https:\/\/wamabi.be\/site\/wp-content\/photo-1-250x250.jpg 250w, https:\/\/wamabi.be\/site\/wp-content\/photo-1.jpg 553w\" sizes=\"auto, (max-width: 300px) 100vw, 300px\" \/><\/p>\n<p>Voici sa bibliographie:<\/p>\n<ul>\n<li><a href=\"http:\/\/www.lulu.com\/shop\/ninin-michel\/avc-la-vie-continue\/paperback\/product-22360298.html\" target=\"_blank\" rel=\"noopener\"><em>AVC La vie continue<\/em><\/a>, 2015.<\/li>\n<\/ul>\n<p><img loading=\"lazy\" decoding=\"async\" class=\"alignnone wp-image-10173 size-thumbnail\" src=\"http:\/\/wamabi.be\/site\/wp-content\/400x400-ct-150x150.jpg\" alt=\"\" width=\"150\" height=\"150\" srcset=\"https:\/\/wamabi.be\/site\/wp-content\/400x400-ct-150x150.jpg 150w, https:\/\/wamabi.be\/site\/wp-content\/400x400-ct-300x300.jpg 300w, https:\/\/wamabi.be\/site\/wp-content\/400x400-ct-250x250.jpg 250w, https:\/\/wamabi.be\/site\/wp-content\/400x400-ct.jpg 400w\" sizes=\"auto, (max-width: 150px) 100vw, 150px\" \/><\/p>\n<p><span class=\"ILfuVd yZ8quc\">\u00ab <\/span>Victime de deux AVC en 2011, clou\u00e9 au lit et dans une chaise roulante, condamn\u00e9 par la plupart des m\u00e9decins et une partie de mon entourage.<br \/>\nLe plus grand combat de ma vie va commencer, avec une devise qui colle bien \u00e0 celle-ci : \u00ab\u00a0L\u00e0 o\u00f9 il y a trop de prudence, il n&rsquo;y plus de place pour le courage.\u00a0\u00bb<br \/>\nEt du courage, il va m&rsquo;en falloir&#8230; <span class=\"ILfuVd yZ8quc\">\u00bb<\/span><\/p>\n<ul>\n<li><a href=\"http:\/\/www.lulu.com\/fr\/fr\/shop\/ninin-michel\/lamour-est-sur-la-toile-ne-pas-en-abuser\/paperback\/product-22912698.html\" target=\"_blank\" rel=\"noopener\"><em>L&rsquo;amour est sur la toile (ne pas en abuser)<\/em><\/a>, 2016.<\/li>\n<\/ul>\n<p><img loading=\"lazy\" decoding=\"async\" class=\"alignnone wp-image-10176 size-thumbnail\" src=\"http:\/\/wamabi.be\/site\/wp-content\/product_thumbnail.php_-150x150.jpg\" alt=\"\" width=\"150\" height=\"150\" \/><\/p>\n<p><span class=\"ILfuVd yZ8quc\">\u00ab <\/span>Ce livre raconte l&rsquo;histoire d&rsquo;une rencontre sur le net, entre Tommy et Chlo\u00e9. Tout \u00e9tait parfait, jusqu&rsquo;\u00e0 ce que la maladie s&rsquo;en m\u00eale&#8230; <span class=\"ILfuVd yZ8quc\">\u00bb<\/span><\/p>\n<ul>\n<li><a href=\"http:\/\/www.lulu.com\/ch\/fr\/shop\/ninin-michel\/de-lautre-c%C3%B4t%C3%A9-du-pont\/paperback\/product-23403396.html\" target=\"_blank\" rel=\"noopener\"><em>De l&rsquo;autre c\u00f4t\u00e9 du pont<\/em><\/a>, 2017.<\/li>\n<\/ul>\n<p><img loading=\"lazy\" decoding=\"async\" class=\"alignnone wp-image-10174 size-thumbnail\" src=\"http:\/\/wamabi.be\/site\/wp-content\/bonne-photo-de-lautre-cot\u00e9-du-pont-150x150.jpg\" alt=\"\" width=\"150\" height=\"150\" srcset=\"https:\/\/wamabi.be\/site\/wp-content\/bonne-photo-de-lautre-cot\u00e9-du-pont-150x150.jpg 150w, https:\/\/wamabi.be\/site\/wp-content\/bonne-photo-de-lautre-cot\u00e9-du-pont-250x250.jpg 250w\" sizes=\"auto, (max-width: 150px) 100vw, 150px\" \/><\/p>\n<p><span class=\"ILfuVd yZ8quc\">\u00ab <\/span>Certaines personnes placeront toujours des pierres sur ton chemin, c&rsquo;est \u00e0 toi de d\u00e9cider ce que tu en feras, construire un pont ou un mur. Rappelez-vous que vous \u00eates l&rsquo;architecte de votre vie. <span class=\"ILfuVd yZ8quc\">\u00bb<\/span><\/p>\n<p>&nbsp;<\/p>\n","protected":false},"excerpt":{"rendered":"<p>Ce mardi 11 septembre 2018, la biblioth\u00e8que de Malmedy accueille Michel Ninin \u00e0 partir de 15h. Victime de deux AVC en 2011, le Malm\u00e9dien se retrouve, malgr\u00e9 lui, en r\u00e9\u00e9ducation pour une tr\u00e8s longue p\u00e9riode. Ses livres racontent son parcours de vie. Bienvenue pour partager avec lui autour de ses livres et de ses exp\u00e9riences. [&hellip;]<\/p>\n","protected":false},"author":14,"featured_media":10174,"comment_status":"open","ping_status":"open","sticky":false,"template":"","format":"standard","meta":{"_seopress_robots_primary_cat":"","_seopress_titles_title":"","_seopress_titles_desc":"","_seopress_robots_index":"","footnotes":""},"categories":[1],"tags":[178,166],"class_list":{"0":"post-10172","1":"post","2":"type-post","3":"status-publish","4":"format-standard","5":"has-post-thumbnail","7":"category-non-classe","8":"tag-malmedy","9":"tag-rencontre","10":"czr-hentry"},"yoast_head":"<!-- This site is optimized with the Yoast SEO plugin v27.4 - https:\/\/yoast.com\/product\/yoast-seo-wordpress\/ -->\n<title>SORTIE LITT\u00c9RAIRE - \u00ab De l&#039;autre c\u00f4t\u00e9 du pont \u00bb de Michel Ninin - Wamabi<\/title>\n<meta name=\"robots\" content=\"index, follow, max-snippet:-1, max-image-preview:large, max-video-preview:-1\" \/>\n<link rel=\"canonical\" href=\"https:\/\/wamabi.be\/site\/sortie-litteraire-de-lautre-cote-du-pont-de-michel-ninin\/\" \/>\n<meta property=\"og:locale\" content=\"fr_FR\" \/>\n<meta property=\"og:type\" content=\"article\" \/>\n<meta property=\"og:title\" content=\"SORTIE LITT\u00c9RAIRE - \u00ab De l&#039;autre c\u00f4t\u00e9 du pont \u00bb de Michel Ninin - Wamabi\" \/>\n<meta property=\"og:description\" content=\"Ce mardi 11 septembre 2018, la biblioth\u00e8que de Malmedy accueille Michel Ninin \u00e0 partir de 15h. Victime de deux AVC en 2011, le Malm\u00e9dien se retrouve, malgr\u00e9 lui, en r\u00e9\u00e9ducation pour une tr\u00e8s longue p\u00e9riode. Ses livres racontent son parcours de vie. Bienvenue pour partager avec lui autour de ses livres et de ses exp\u00e9riences. [&hellip;]\" \/>\n<meta property=\"og:url\" content=\"https:\/\/wamabi.be\/site\/sortie-litteraire-de-lautre-cote-du-pont-de-michel-ninin\/\" \/>\n<meta property=\"og:site_name\" content=\"Wamabi\" \/>\n<meta property=\"article:published_time\" content=\"2018-08-22T09:16:05+00:00\" \/>\n<meta property=\"article:modified_time\" content=\"2018-08-22T11:38:11+00:00\" \/>\n<meta property=\"og:image\" content=\"https:\/\/wamabi.be\/site\/wp-content\/bonne-photo-de-lautre-cot\u00e9-du-pont.jpg\" \/>\n\t<meta property=\"og:image:width\" content=\"530\" \/>\n\t<meta property=\"og:image:height\" content=\"757\" \/>\n\t<meta property=\"og:image:type\" content=\"image\/jpeg\" \/>\n<meta name=\"author\" content=\"Fred\" \/>\n<meta name=\"twitter:card\" content=\"summary_large_image\" \/>\n<meta name=\"twitter:label1\" content=\"\u00c9crit par\" \/>\n\t<meta name=\"twitter:data1\" content=\"Fred\" \/>\n\t<meta name=\"twitter:label2\" content=\"Dur\u00e9e de lecture estim\u00e9e\" \/>\n\t<meta name=\"twitter:data2\" content=\"1 minute\" \/>\n<script type=\"application\/ld+json\" class=\"yoast-schema-graph\">{\"@context\":\"https:\\\/\\\/schema.org\",\"@graph\":[{\"@type\":\"Article\",\"@id\":\"https:\\\/\\\/wamabi.be\\\/site\\\/sortie-litteraire-de-lautre-cote-du-pont-de-michel-ninin\\\/#article\",\"isPartOf\":{\"@id\":\"https:\\\/\\\/wamabi.be\\\/site\\\/sortie-litteraire-de-lautre-cote-du-pont-de-michel-ninin\\\/\"},\"author\":{\"name\":\"Fred\",\"@id\":\"https:\\\/\\\/wamabi.be\\\/site\\\/#\\\/schema\\\/person\\\/d215542c812823ee78920d76e619749c\"},\"headline\":\"SORTIE LITT\u00c9RAIRE &#8211; \u00ab De l&rsquo;autre c\u00f4t\u00e9 du pont \u00bb de Michel Ninin\",\"datePublished\":\"2018-08-22T09:16:05+00:00\",\"dateModified\":\"2018-08-22T11:38:11+00:00\",\"mainEntityOfPage\":{\"@id\":\"https:\\\/\\\/wamabi.be\\\/site\\\/sortie-litteraire-de-lautre-cote-du-pont-de-michel-ninin\\\/\"},\"wordCount\":225,\"commentCount\":0,\"publisher\":{\"@id\":\"https:\\\/\\\/wamabi.be\\\/site\\\/#organization\"},\"image\":{\"@id\":\"https:\\\/\\\/wamabi.be\\\/site\\\/sortie-litteraire-de-lautre-cote-du-pont-de-michel-ninin\\\/#primaryimage\"},\"thumbnailUrl\":\"https:\\\/\\\/wamabi.be\\\/site\\\/wp-content\\\/bonne-photo-de-lautre-cot\u00e9-du-pont.jpg\",\"keywords\":[\"Malmedy\",\"Rencontre\"],\"inLanguage\":\"fr-FR\",\"potentialAction\":[{\"@type\":\"CommentAction\",\"name\":\"Comment\",\"target\":[\"https:\\\/\\\/wamabi.be\\\/site\\\/sortie-litteraire-de-lautre-cote-du-pont-de-michel-ninin\\\/#respond\"]}]},{\"@type\":\"WebPage\",\"@id\":\"https:\\\/\\\/wamabi.be\\\/site\\\/sortie-litteraire-de-lautre-cote-du-pont-de-michel-ninin\\\/\",\"url\":\"https:\\\/\\\/wamabi.be\\\/site\\\/sortie-litteraire-de-lautre-cote-du-pont-de-michel-ninin\\\/\",\"name\":\"SORTIE LITT\u00c9RAIRE - \u00ab De l'autre c\u00f4t\u00e9 du pont \u00bb de Michel Ninin - Wamabi\",\"isPartOf\":{\"@id\":\"https:\\\/\\\/wamabi.be\\\/site\\\/#website\"},\"primaryImageOfPage\":{\"@id\":\"https:\\\/\\\/wamabi.be\\\/site\\\/sortie-litteraire-de-lautre-cote-du-pont-de-michel-ninin\\\/#primaryimage\"},\"image\":{\"@id\":\"https:\\\/\\\/wamabi.be\\\/site\\\/sortie-litteraire-de-lautre-cote-du-pont-de-michel-ninin\\\/#primaryimage\"},\"thumbnailUrl\":\"https:\\\/\\\/wamabi.be\\\/site\\\/wp-content\\\/bonne-photo-de-lautre-cot\u00e9-du-pont.jpg\",\"datePublished\":\"2018-08-22T09:16:05+00:00\",\"dateModified\":\"2018-08-22T11:38:11+00:00\",\"breadcrumb\":{\"@id\":\"https:\\\/\\\/wamabi.be\\\/site\\\/sortie-litteraire-de-lautre-cote-du-pont-de-michel-ninin\\\/#breadcrumb\"},\"inLanguage\":\"fr-FR\",\"potentialAction\":[{\"@type\":\"ReadAction\",\"target\":[\"https:\\\/\\\/wamabi.be\\\/site\\\/sortie-litteraire-de-lautre-cote-du-pont-de-michel-ninin\\\/\"]}]},{\"@type\":\"ImageObject\",\"inLanguage\":\"fr-FR\",\"@id\":\"https:\\\/\\\/wamabi.be\\\/site\\\/sortie-litteraire-de-lautre-cote-du-pont-de-michel-ninin\\\/#primaryimage\",\"url\":\"https:\\\/\\\/wamabi.be\\\/site\\\/wp-content\\\/bonne-photo-de-lautre-cot\u00e9-du-pont.jpg\",\"contentUrl\":\"https:\\\/\\\/wamabi.be\\\/site\\\/wp-content\\\/bonne-photo-de-lautre-cot\u00e9-du-pont.jpg\",\"width\":530,\"height\":757},{\"@type\":\"BreadcrumbList\",\"@id\":\"https:\\\/\\\/wamabi.be\\\/site\\\/sortie-litteraire-de-lautre-cote-du-pont-de-michel-ninin\\\/#breadcrumb\",\"itemListElement\":[{\"@type\":\"ListItem\",\"position\":1,\"name\":\"Accueil\",\"item\":\"https:\\\/\\\/wamabi.be\\\/site\\\/\"},{\"@type\":\"ListItem\",\"position\":2,\"name\":\"SORTIE LITT\u00c9RAIRE &#8211; \u00ab De l&rsquo;autre c\u00f4t\u00e9 du pont \u00bb de Michel Ninin\"}]},{\"@type\":\"WebSite\",\"@id\":\"https:\\\/\\\/wamabi.be\\\/site\\\/#website\",\"url\":\"https:\\\/\\\/wamabi.be\\\/site\\\/\",\"name\":\"Wamabi\",\"description\":\"Wamabi - Biblioth\u00e8ques de Waimes et de Malmedy\",\"publisher\":{\"@id\":\"https:\\\/\\\/wamabi.be\\\/site\\\/#organization\"},\"potentialAction\":[{\"@type\":\"SearchAction\",\"target\":{\"@type\":\"EntryPoint\",\"urlTemplate\":\"https:\\\/\\\/wamabi.be\\\/site\\\/?s={search_term_string}\"},\"query-input\":{\"@type\":\"PropertyValueSpecification\",\"valueRequired\":true,\"valueName\":\"search_term_string\"}}],\"inLanguage\":\"fr-FR\"},{\"@type\":\"Organization\",\"@id\":\"https:\\\/\\\/wamabi.be\\\/site\\\/#organization\",\"name\":\"Wamabi\",\"url\":\"https:\\\/\\\/wamabi.be\\\/site\\\/\",\"logo\":{\"@type\":\"ImageObject\",\"inLanguage\":\"fr-FR\",\"@id\":\"https:\\\/\\\/wamabi.be\\\/site\\\/#\\\/schema\\\/logo\\\/image\\\/\",\"url\":\"https:\\\/\\\/wamabi.be\\\/site\\\/wp-content\\\/cropped-cropped-Dragon-noir-et-blanc-transparent-carre-1.png\",\"contentUrl\":\"https:\\\/\\\/wamabi.be\\\/site\\\/wp-content\\\/cropped-cropped-Dragon-noir-et-blanc-transparent-carre-1.png\",\"width\":2321,\"height\":2321,\"caption\":\"Wamabi\"},\"image\":{\"@id\":\"https:\\\/\\\/wamabi.be\\\/site\\\/#\\\/schema\\\/logo\\\/image\\\/\"}},{\"@type\":\"Person\",\"@id\":\"https:\\\/\\\/wamabi.be\\\/site\\\/#\\\/schema\\\/person\\\/d215542c812823ee78920d76e619749c\",\"name\":\"Fred\",\"image\":{\"@type\":\"ImageObject\",\"inLanguage\":\"fr-FR\",\"@id\":\"https:\\\/\\\/secure.gravatar.com\\\/avatar\\\/fc672c5d32dec8b323e48becfe5a966d7d87b500bc73ae1712919ac83cddfea3?s=96&d=mm&r=g\",\"url\":\"https:\\\/\\\/secure.gravatar.com\\\/avatar\\\/fc672c5d32dec8b323e48becfe5a966d7d87b500bc73ae1712919ac83cddfea3?s=96&d=mm&r=g\",\"contentUrl\":\"https:\\\/\\\/secure.gravatar.com\\\/avatar\\\/fc672c5d32dec8b323e48becfe5a966d7d87b500bc73ae1712919ac83cddfea3?s=96&d=mm&r=g\",\"caption\":\"Fred\"},\"sameAs\":[\"http:\\\/\\\/www.wamabi.be\\\/\"],\"url\":\"https:\\\/\\\/wamabi.be\\\/site\\\/author\\\/fred\\\/\"}]}<\/script>\n<!-- \/ Yoast SEO plugin. -->","yoast_head_json":{"title":"SORTIE LITT\u00c9RAIRE - \u00ab De l'autre c\u00f4t\u00e9 du pont \u00bb de Michel Ninin - Wamabi","robots":{"index":"index","follow":"follow","max-snippet":"max-snippet:-1","max-image-preview":"max-image-preview:large","max-video-preview":"max-video-preview:-1"},"canonical":"https:\/\/wamabi.be\/site\/sortie-litteraire-de-lautre-cote-du-pont-de-michel-ninin\/","og_locale":"fr_FR","og_type":"article","og_title":"SORTIE LITT\u00c9RAIRE - \u00ab De l'autre c\u00f4t\u00e9 du pont \u00bb de Michel Ninin - Wamabi","og_description":"Ce mardi 11 septembre 2018, la biblioth\u00e8que de Malmedy accueille Michel Ninin \u00e0 partir de 15h. Victime de deux AVC en 2011, le Malm\u00e9dien se retrouve, malgr\u00e9 lui, en r\u00e9\u00e9ducation pour une tr\u00e8s longue p\u00e9riode. Ses livres racontent son parcours de vie. Bienvenue pour partager avec lui autour de ses livres et de ses exp\u00e9riences. [&hellip;]","og_url":"https:\/\/wamabi.be\/site\/sortie-litteraire-de-lautre-cote-du-pont-de-michel-ninin\/","og_site_name":"Wamabi","article_published_time":"2018-08-22T09:16:05+00:00","article_modified_time":"2018-08-22T11:38:11+00:00","og_image":[{"width":530,"height":757,"url":"https:\/\/wamabi.be\/site\/wp-content\/bonne-photo-de-lautre-cot\u00e9-du-pont.jpg","type":"image\/jpeg"}],"author":"Fred","twitter_card":"summary_large_image","twitter_misc":{"\u00c9crit par":"Fred","Dur\u00e9e de lecture estim\u00e9e":"1 minute"},"schema":{"@context":"https:\/\/schema.org","@graph":[{"@type":"Article","@id":"https:\/\/wamabi.be\/site\/sortie-litteraire-de-lautre-cote-du-pont-de-michel-ninin\/#article","isPartOf":{"@id":"https:\/\/wamabi.be\/site\/sortie-litteraire-de-lautre-cote-du-pont-de-michel-ninin\/"},"author":{"name":"Fred","@id":"https:\/\/wamabi.be\/site\/#\/schema\/person\/d215542c812823ee78920d76e619749c"},"headline":"SORTIE LITT\u00c9RAIRE &#8211; \u00ab De l&rsquo;autre c\u00f4t\u00e9 du pont \u00bb de Michel Ninin","datePublished":"2018-08-22T09:16:05+00:00","dateModified":"2018-08-22T11:38:11+00:00","mainEntityOfPage":{"@id":"https:\/\/wamabi.be\/site\/sortie-litteraire-de-lautre-cote-du-pont-de-michel-ninin\/"},"wordCount":225,"commentCount":0,"publisher":{"@id":"https:\/\/wamabi.be\/site\/#organization"},"image":{"@id":"https:\/\/wamabi.be\/site\/sortie-litteraire-de-lautre-cote-du-pont-de-michel-ninin\/#primaryimage"},"thumbnailUrl":"https:\/\/wamabi.be\/site\/wp-content\/bonne-photo-de-lautre-cot\u00e9-du-pont.jpg","keywords":["Malmedy","Rencontre"],"inLanguage":"fr-FR","potentialAction":[{"@type":"CommentAction","name":"Comment","target":["https:\/\/wamabi.be\/site\/sortie-litteraire-de-lautre-cote-du-pont-de-michel-ninin\/#respond"]}]},{"@type":"WebPage","@id":"https:\/\/wamabi.be\/site\/sortie-litteraire-de-lautre-cote-du-pont-de-michel-ninin\/","url":"https:\/\/wamabi.be\/site\/sortie-litteraire-de-lautre-cote-du-pont-de-michel-ninin\/","name":"SORTIE LITT\u00c9RAIRE - \u00ab De l'autre c\u00f4t\u00e9 du pont \u00bb de Michel Ninin - Wamabi","isPartOf":{"@id":"https:\/\/wamabi.be\/site\/#website"},"primaryImageOfPage":{"@id":"https:\/\/wamabi.be\/site\/sortie-litteraire-de-lautre-cote-du-pont-de-michel-ninin\/#primaryimage"},"image":{"@id":"https:\/\/wamabi.be\/site\/sortie-litteraire-de-lautre-cote-du-pont-de-michel-ninin\/#primaryimage"},"thumbnailUrl":"https:\/\/wamabi.be\/site\/wp-content\/bonne-photo-de-lautre-cot\u00e9-du-pont.jpg","datePublished":"2018-08-22T09:16:05+00:00","dateModified":"2018-08-22T11:38:11+00:00","breadcrumb":{"@id":"https:\/\/wamabi.be\/site\/sortie-litteraire-de-lautre-cote-du-pont-de-michel-ninin\/#breadcrumb"},"inLanguage":"fr-FR","potentialAction":[{"@type":"ReadAction","target":["https:\/\/wamabi.be\/site\/sortie-litteraire-de-lautre-cote-du-pont-de-michel-ninin\/"]}]},{"@type":"ImageObject","inLanguage":"fr-FR","@id":"https:\/\/wamabi.be\/site\/sortie-litteraire-de-lautre-cote-du-pont-de-michel-ninin\/#primaryimage","url":"https:\/\/wamabi.be\/site\/wp-content\/bonne-photo-de-lautre-cot\u00e9-du-pont.jpg","contentUrl":"https:\/\/wamabi.be\/site\/wp-content\/bonne-photo-de-lautre-cot\u00e9-du-pont.jpg","width":530,"height":757},{"@type":"BreadcrumbList","@id":"https:\/\/wamabi.be\/site\/sortie-litteraire-de-lautre-cote-du-pont-de-michel-ninin\/#breadcrumb","itemListElement":[{"@type":"ListItem","position":1,"name":"Accueil","item":"https:\/\/wamabi.be\/site\/"},{"@type":"ListItem","position":2,"name":"SORTIE LITT\u00c9RAIRE &#8211; \u00ab De l&rsquo;autre c\u00f4t\u00e9 du pont \u00bb de Michel Ninin"}]},{"@type":"WebSite","@id":"https:\/\/wamabi.be\/site\/#website","url":"https:\/\/wamabi.be\/site\/","name":"Wamabi","description":"Wamabi - Biblioth\u00e8ques de Waimes et de Malmedy","publisher":{"@id":"https:\/\/wamabi.be\/site\/#organization"},"potentialAction":[{"@type":"SearchAction","target":{"@type":"EntryPoint","urlTemplate":"https:\/\/wamabi.be\/site\/?s={search_term_string}"},"query-input":{"@type":"PropertyValueSpecification","valueRequired":true,"valueName":"search_term_string"}}],"inLanguage":"fr-FR"},{"@type":"Organization","@id":"https:\/\/wamabi.be\/site\/#organization","name":"Wamabi","url":"https:\/\/wamabi.be\/site\/","logo":{"@type":"ImageObject","inLanguage":"fr-FR","@id":"https:\/\/wamabi.be\/site\/#\/schema\/logo\/image\/","url":"https:\/\/wamabi.be\/site\/wp-content\/cropped-cropped-Dragon-noir-et-blanc-transparent-carre-1.png","contentUrl":"https:\/\/wamabi.be\/site\/wp-content\/cropped-cropped-Dragon-noir-et-blanc-transparent-carre-1.png","width":2321,"height":2321,"caption":"Wamabi"},"image":{"@id":"https:\/\/wamabi.be\/site\/#\/schema\/logo\/image\/"}},{"@type":"Person","@id":"https:\/\/wamabi.be\/site\/#\/schema\/person\/d215542c812823ee78920d76e619749c","name":"Fred","image":{"@type":"ImageObject","inLanguage":"fr-FR","@id":"https:\/\/secure.gravatar.com\/avatar\/fc672c5d32dec8b323e48becfe5a966d7d87b500bc73ae1712919ac83cddfea3?s=96&d=mm&r=g","url":"https:\/\/secure.gravatar.com\/avatar\/fc672c5d32dec8b323e48becfe5a966d7d87b500bc73ae1712919ac83cddfea3?s=96&d=mm&r=g","contentUrl":"https:\/\/secure.gravatar.com\/avatar\/fc672c5d32dec8b323e48becfe5a966d7d87b500bc73ae1712919ac83cddfea3?s=96&d=mm&r=g","caption":"Fred"},"sameAs":["http:\/\/www.wamabi.be\/"],"url":"https:\/\/wamabi.be\/site\/author\/fred\/"}]}},"_links":{"self":[{"href":"https:\/\/wamabi.be\/site\/wp-json\/wp\/v2\/posts\/10172","targetHints":{"allow":["GET"]}}],"collection":[{"href":"https:\/\/wamabi.be\/site\/wp-json\/wp\/v2\/posts"}],"about":[{"href":"https:\/\/wamabi.be\/site\/wp-json\/wp\/v2\/types\/post"}],"author":[{"embeddable":true,"href":"https:\/\/wamabi.be\/site\/wp-json\/wp\/v2\/users\/14"}],"replies":[{"embeddable":true,"href":"https:\/\/wamabi.be\/site\/wp-json\/wp\/v2\/comments?post=10172"}],"version-history":[{"count":3,"href":"https:\/\/wamabi.be\/site\/wp-json\/wp\/v2\/posts\/10172\/revisions"}],"predecessor-version":[{"id":10179,"href":"https:\/\/wamabi.be\/site\/wp-json\/wp\/v2\/posts\/10172\/revisions\/10179"}],"wp:featuredmedia":[{"embeddable":true,"href":"https:\/\/wamabi.be\/site\/wp-json\/wp\/v2\/media\/10174"}],"wp:attachment":[{"href":"https:\/\/wamabi.be\/site\/wp-json\/wp\/v2\/media?parent=10172"}],"wp:term":[{"taxonomy":"category","embeddable":true,"href":"https:\/\/wamabi.be\/site\/wp-json\/wp\/v2\/categories?post=10172"},{"taxonomy":"post_tag","embeddable":true,"href":"https:\/\/wamabi.be\/site\/wp-json\/wp\/v2\/tags?post=10172"}],"curies":[{"name":"wp","href":"https:\/\/api.w.org\/{rel}","templated":true}]}}