{"id":727,"date":"2011-06-24T15:14:02","date_gmt":"2011-06-24T13:14:02","guid":{"rendered":"http:\/\/www.horschamp.be\/?p=626"},"modified":"2015-03-17T13:54:02","modified_gmt":"2015-03-17T12:54:02","slug":"un-stage-pendant-lete-a-vielsalm-ou-malmedy","status":"publish","type":"post","link":"https:\/\/wamabi.be\/horschamp\/?p=727","title":{"rendered":"Un stage pendant l&rsquo;\u00e9t\u00e9 \u00e0 Vielsalm ou Malmedy?"},"content":{"rendered":"<p>Bon nombre de stages s&rsquo;organisent durant l&rsquo;\u00e9t\u00e9 dans les communes de <a href=\"http:\/\/www.vielsalm.be\" target=\"_blank\">Vielsalm<\/a> et <a href=\"http:\/\/www.malmedy.be\" target=\"_blank\">Malmedy<\/a>. Ci-dessous, d\u00e9couvrez les offres compil\u00e9es par l&rsquo;<a href=\"http:\/\/157.164.136.233\/jahia\/Jahia\/site\/vielsalm\/cache\/offonce\/pid\/18454;jsessionid=99149BD3672222F43A8880017222822E.jahiaServer1\" target=\"_blank\">Accueil extrascolaire de l&rsquo;Administration communale de Vielsalm<\/a> et et le <a href=\"http:\/\/www.malmedy.be\/fr\/Citoyens\/Enfance-Jeunesse\/Accueillir-les-enfants\/accueil-extra-scolaire.html\" target=\"_blank\">Service extrascolaire de la Ville de Malmedy<\/a>. Cliquez sur l&rsquo;image pour consulter les brochures sous format pdf.<\/p>\n<p><a href=\"http:\/\/wamabi.be\/horschamp\/stages-ete-2011Vielsalm\"><img loading=\"lazy\" decoding=\"async\" class=\"size-medium wp-image-637 alignleft\" title=\"Vielsalm\" src=\"http:\/\/wamabi.be\/horschamp\/wp-content\/uploads\/2011\/06\/Vielsalm1-203x300.png\" alt=\"\" width=\"203\" height=\"300\" \/><\/a><a href=\"http:\/\/wamabi.be\/horschamp\/stages-ete-2011Malmedy\"><img loading=\"lazy\" decoding=\"async\" class=\"size-medium wp-image-631 alignright\" title=\"Malmedy\" src=\"http:\/\/wamabi.be\/horschamp\/wp-content\/uploads\/2011\/06\/Malmedy11-193x300.png\" alt=\"\" width=\"209\" height=\"300\" \/><\/a><\/p>\n<p>&nbsp;<\/p>\n<p>&nbsp;<\/p>\n<p>&nbsp;<\/p>\n<p>&nbsp;<\/p>\n<p>&nbsp;<\/p>\n<p>&nbsp;<\/p>\n<p>&nbsp;<\/p>\n<p>&nbsp;<\/p>\n<p>&nbsp;<\/p>\n<p>&nbsp;<\/p>\n<p>&nbsp;<\/p>\n<p><a href=\"http:\/\/www.wamabi.be\" target=\"_blank\">La biblioth\u00e8que de Malmedy<\/a> et l&rsquo;<a href=\"http:\/\/malmedia-epn.be\/info\/\" target=\"_blank\">Espace Public Num\u00e9rique M@lmedia<\/a> proposent <a href=\"http:\/\/malmedia-epn.be\/info\/2011\/05\/30\/sinitier-a-la-bande-dessinee-stage\/\" target=\"_blank\">un stage d\u2019initiation \u00e0 la bande dessin\u00e9e<\/a>, anim\u00e9 par l&rsquo;auteur-illustrateur Robert Paquet.<\/p>\n<p>En 5 jours, les jeunes apprendront les bases de la r\u00e9alisation d\u2019une planche  de BD. (sc\u00e9nario, d\u00e9coupage de l\u2019histoire, dessin, encrage puis  coloriage sur ordinateur).<\/p>\n<p>Public : \u00e0 partir de 12 ans<br \/>\nLieu: <a href=\"http:\/\/malmedia-epn.be\/info\/\" target=\"_blank\">Espace Public Num\u00e9rique M@lmedia<\/a>, Place du Ch\u00e2telet 7a \u00e0 4960 Malmedy<br \/>\nHoraire : du lundi 22\/08 au vendredi 26\/08, entre 9h et 12h<br \/>\nCo\u00fbt : 30 \u20ac<br \/>\nNombre de places disponibles : 10<\/p>\n<p><a href=\"http:\/\/wamabi.be\/horschamp\/wp-content\/uploads\/2011\/06\/bd.jpg\"><img loading=\"lazy\" decoding=\"async\" class=\"aligncenter size-medium wp-image-632\" title=\"bd\" src=\"http:\/\/wamabi.be\/horschamp\/wp-content\/uploads\/2011\/06\/bd-300x202.jpg\" alt=\"\" width=\"300\" height=\"202\" \/><\/a><\/p>\n<p>Plus de renseignements: Vielsalm: 080\/29.28.09 &#8211; Malmedy: 080 \/ 799.633<\/p>\n","protected":false},"excerpt":{"rendered":"<p>Bon nombre de stages s&rsquo;organisent durant l&rsquo;\u00e9t\u00e9 dans les communes de Vielsalm et Malmedy. Ci-dessous, d\u00e9couvrez les offres compil\u00e9es par l&rsquo;Accueil extrascolaire de l&rsquo;Administration communale de Vielsalm et et le Service extrascolaire de la Ville de Malmedy. Cliquez sur l&rsquo;image pour consulter les brochures sous format pdf. &nbsp; &nbsp; &nbsp; &nbsp; &nbsp; &nbsp; &nbsp; &nbsp; &hellip; <a href=\"https:\/\/wamabi.be\/horschamp\/?p=727\" class=\"more-link\">Continuer la lecture de <span class=\"screen-reader-text\">Un stage pendant l&rsquo;\u00e9t\u00e9 \u00e0 Vielsalm ou Malmedy?<\/span><\/a><\/p>\n","protected":false},"author":2,"featured_media":0,"comment_status":"open","ping_status":"open","sticky":false,"template":"","format":"standard","meta":{"_seopress_robots_primary_cat":"","_seopress_titles_title":"","_seopress_titles_desc":"","_seopress_robots_index":"","_monsterinsights_skip_tracking":false,"_monsterinsights_sitenote_active":false,"_monsterinsights_sitenote_note":"","_monsterinsights_sitenote_category":0,"footnotes":""},"categories":[3],"tags":[],"class_list":["post-727","post","type-post","status-publish","format-standard","hentry","category-divers"],"_links":{"self":[{"href":"https:\/\/wamabi.be\/horschamp\/index.php?rest_route=\/wp\/v2\/posts\/727","targetHints":{"allow":["GET"]}}],"collection":[{"href":"https:\/\/wamabi.be\/horschamp\/index.php?rest_route=\/wp\/v2\/posts"}],"about":[{"href":"https:\/\/wamabi.be\/horschamp\/index.php?rest_route=\/wp\/v2\/types\/post"}],"author":[{"embeddable":true,"href":"https:\/\/wamabi.be\/horschamp\/index.php?rest_route=\/wp\/v2\/users\/2"}],"replies":[{"embeddable":true,"href":"https:\/\/wamabi.be\/horschamp\/index.php?rest_route=%2Fwp%2Fv2%2Fcomments&post=727"}],"version-history":[{"count":2,"href":"https:\/\/wamabi.be\/horschamp\/index.php?rest_route=\/wp\/v2\/posts\/727\/revisions"}],"predecessor-version":[{"id":827,"href":"https:\/\/wamabi.be\/horschamp\/index.php?rest_route=\/wp\/v2\/posts\/727\/revisions\/827"}],"wp:attachment":[{"href":"https:\/\/wamabi.be\/horschamp\/index.php?rest_route=%2Fwp%2Fv2%2Fmedia&parent=727"}],"wp:term":[{"taxonomy":"category","embeddable":true,"href":"https:\/\/wamabi.be\/horschamp\/index.php?rest_route=%2Fwp%2Fv2%2Fcategories&post=727"},{"taxonomy":"post_tag","embeddable":true,"href":"https:\/\/wamabi.be\/horschamp\/index.php?rest_route=%2Fwp%2Fv2%2Ftags&post=727"}],"curies":[{"name":"wp","href":"https:\/\/api.w.org\/{rel}","templated":true}]}}