{"id":497,"date":"2010-11-19T16:55:18","date_gmt":"2010-11-19T15:55:18","guid":{"rendered":"http:\/\/www.horschamp.be\/?p=497"},"modified":"2010-11-19T16:55:18","modified_gmt":"2010-11-19T15:55:18","slug":"hors-champ-et-le-prix-andre-canonne","status":"publish","type":"post","link":"https:\/\/wamabi.be\/horschamp\/?p=497","title":{"rendered":"Hors Champ et le prix Andr\u00e9 Canonne"},"content":{"rendered":"<p style=\"text-align: center;\"><em><\/em><a href=\"http:\/\/wamabi.be\/horschamp\/wp-content\/uploads\/2010\/11\/andre_canonne.jpg\"><img loading=\"lazy\" decoding=\"async\" class=\"size-full wp-image-498  aligncenter\" title=\"andre_canonne\" src=\"http:\/\/wamabi.be\/horschamp\/wp-content\/uploads\/2010\/11\/andre_canonne.jpg\" alt=\"\" width=\"203\" height=\"296\" \/><\/a><\/p>\n<p>Le jeudi 18 novembre \u00e0 Manage avait lieu la remise du Prix Canonne.<br \/>\nAndr\u00e9 Canonne \u00e9tait un biblioth\u00e9caire de terrain qui s&rsquo;est battu le long de sa vie pour un meilleur acc\u00e8s \u00e0 la lecture et aux livres.<\/p>\n<p>Plus qu&rsquo;un hommage au biblioth\u00e9caire hennuyer, la journ\u00e9e visait aussi \u00e0 \u00e9clairer les professionnels du secteur \u00e0 r\u00e9fl\u00e9chir aux \u00e9volutions de la biblioth\u00e8que dans la soci\u00e9t\u00e9 actuelle.<\/p>\n<p>Apr\u00e8s le discours d&rsquo;introduction d&rsquo;Yvette Lecomte, on a pu entendre Marie-Blanche Delattre, Jacques Lanotte, Guy Biart, Raoul Dutry et Marie-France Blanquet qui ont ax\u00e9 leurs propos sur Andr\u00e9 Canonne et son parcours de vie.<br \/>\nApr\u00e8s, Barbara Lison, directrice de la Biblioth\u00e8que de la ville de Br\u00eame a fait un expos\u00e9 sur <a href=\"http:\/\/www.stadtbibliothek-bremen.de\/\">les biblioth\u00e8ques de Br\u00eame<\/a> qui proposent diverses innovations en mati\u00e8re de communication, d&rsquo;am\u00e9nagement des espaces et possibilit\u00e9s propos\u00e9es au(x) public(s).<\/p>\n<p>Ensuite, Claude Poissenot, sociologue des biblioth\u00e8ques, s&rsquo;est pench\u00e9 sur le th\u00e8me des biblioth\u00e8que comme projet de soci\u00e9t\u00e9. Apr\u00e8s avoir expliqu\u00e9 ses accords et d\u00e9saccords avec Andr\u00e9 Canonne, il a propos\u00e9 plusieurs pistes int\u00e9ressantes afin que la biblioth\u00e8que soit plus en phase avec la population dans sa diversit\u00e9.<br \/>\nPour en savoir plus, n&rsquo;h\u00e9sitez pas \u00e0 visiter <a href=\"http:\/\/penserlanouvellebib.free.fr\/\">son site internet<\/a>.<\/p>\n<p>Le colloque s&rsquo;est clotur\u00e9 par les conclusions de Jean-Fran\u00e7ois Fueg et la remise du Prix Canonne qui r\u00e9compensait un projet original\u00a0encourageant la lecture chez les jeunes de moins de 18 ans. A cette occasion, Hors champ proposait un dispositif d&rsquo;animation dont les objectifs r\u00e9joignent le combat de Canonne.<\/p>\n<p>Voici en quelques lignes la pr\u00e9sentation du projet, qui bien que non prim\u00e9, prendra prochainement place \u00e0 Vielsalm, Waimes et\/ou Malmedy : <em>\u00ab Lectures singuli\u00e8res dans l\u2019histoire des \u00ablire \u00bb est un projet de r\u00e9colte sonore aupr\u00e8s des jeunes \u00e2g\u00e9s de 11 \u00e0 15 ans sur le th\u00e8me de la lecture. Equip\u00e9 d\u2019un enregistreur et d\u2019un micro, les coop\u00e9rateurs de l\u2019animation (un animateur professionnel accompagn\u00e9 de biblioth\u00e9caires), ira \u00e0 la rencontre des jeunes pour les entendre sur la lecture prise au sens large du terme. Il sera notamment demand\u00e9 \u00e0 chaque jeune de faire part d\u2019une histoire personnelle li\u00e9e \u00e0 la lecture.<\/em><\/p>\n","protected":false},"excerpt":{"rendered":"<p>Le jeudi 18 novembre \u00e0 Manage avait lieu la remise du Prix Canonne. Andr\u00e9 Canonne \u00e9tait un biblioth\u00e9caire de terrain qui s&rsquo;est battu le long de sa vie pour un meilleur acc\u00e8s \u00e0 la lecture et aux livres. Plus qu&rsquo;un hommage au biblioth\u00e9caire hennuyer, la journ\u00e9e visait aussi \u00e0 \u00e9clairer les professionnels du secteur \u00e0 &hellip; <a href=\"https:\/\/wamabi.be\/horschamp\/?p=497\" class=\"more-link\">Continuer la lecture de <span class=\"screen-reader-text\">Hors Champ et le prix Andr\u00e9 Canonne<\/span><\/a><\/p>\n","protected":false},"author":1,"featured_media":0,"comment_status":"open","ping_status":"open","sticky":false,"template":"","format":"standard","meta":{"_seopress_robots_primary_cat":"","_seopress_titles_title":"","_seopress_titles_desc":"","_seopress_robots_index":"","_monsterinsights_skip_tracking":false,"_monsterinsights_sitenote_active":false,"_monsterinsights_sitenote_note":"","_monsterinsights_sitenote_category":0,"footnotes":""},"categories":[3],"tags":[],"class_list":["post-497","post","type-post","status-publish","format-standard","hentry","category-divers"],"_links":{"self":[{"href":"https:\/\/wamabi.be\/horschamp\/index.php?rest_route=\/wp\/v2\/posts\/497","targetHints":{"allow":["GET"]}}],"collection":[{"href":"https:\/\/wamabi.be\/horschamp\/index.php?rest_route=\/wp\/v2\/posts"}],"about":[{"href":"https:\/\/wamabi.be\/horschamp\/index.php?rest_route=\/wp\/v2\/types\/post"}],"author":[{"embeddable":true,"href":"https:\/\/wamabi.be\/horschamp\/index.php?rest_route=\/wp\/v2\/users\/1"}],"replies":[{"embeddable":true,"href":"https:\/\/wamabi.be\/horschamp\/index.php?rest_route=%2Fwp%2Fv2%2Fcomments&post=497"}],"version-history":[{"count":0,"href":"https:\/\/wamabi.be\/horschamp\/index.php?rest_route=\/wp\/v2\/posts\/497\/revisions"}],"wp:attachment":[{"href":"https:\/\/wamabi.be\/horschamp\/index.php?rest_route=%2Fwp%2Fv2%2Fmedia&parent=497"}],"wp:term":[{"taxonomy":"category","embeddable":true,"href":"https:\/\/wamabi.be\/horschamp\/index.php?rest_route=%2Fwp%2Fv2%2Fcategories&post=497"},{"taxonomy":"post_tag","embeddable":true,"href":"https:\/\/wamabi.be\/horschamp\/index.php?rest_route=%2Fwp%2Fv2%2Ftags&post=497"}],"curies":[{"name":"wp","href":"https:\/\/api.w.org\/{rel}","templated":true}]}}