{"id":437,"date":"2010-09-22T16:08:09","date_gmt":"2010-09-22T15:08:09","guid":{"rendered":"http:\/\/www.horschamp.be\/?p=437"},"modified":"2015-03-17T13:53:36","modified_gmt":"2015-03-17T12:53:36","slug":"passages-de-memoires-pour-un-avenir-meilleur","status":"publish","type":"post","link":"https:\/\/wamabi.be\/horschamp\/?p=437","title":{"rendered":"Passages de m\u00e9moires pour un avenir meilleur&#8230;"},"content":{"rendered":"<p><a href=\"http:\/\/wamabi.be\/horschamp\/wp-content\/uploads\/2010\/09\/212.jpg\"><img loading=\"lazy\" decoding=\"async\" class=\"aligncenter size-full wp-image-443\" title=\"21\" src=\"http:\/\/wamabi.be\/horschamp\/wp-content\/uploads\/2010\/09\/212.jpg\" alt=\"\" width=\"312\" height=\"444\" srcset=\"https:\/\/wamabi.be\/horschamp\/wp-content\/uploads\/2010\/09\/212.jpg 312w, https:\/\/wamabi.be\/horschamp\/wp-content\/uploads\/2010\/09\/212-211x300.jpg 211w\" sizes=\"auto, (max-width: 312px) 100vw, 312px\" \/><\/a><\/p>\n<p><a href=\"http:\/\/www.provincedeliege.be\/portail\/\">La Province de Li\u00e8ge<\/a>, <a href=\"http:\/\/www.lamediatheque.be\/\">La M\u00e9diat\u00e8que de la Communaut\u00e9 fran\u00e7aise<\/a>, <a href=\"http:\/\/www.territoires-memoire.be\/\">les Territoires de la M\u00e9moire<\/a>, <a href=\"http:\/\/www.calliege.be\/\">le Centre d\u2019Action La\u00efque de la Province de Li\u00e8ge<\/a>, <a href=\"http:\/\/www.malmedy.be\/\">la Ville de Malmedy<\/a>, les communes de <a href=\"http:\/\/www.waimes.be\/\">Waimes<\/a> et <a href=\"http:\/\/www.vielsalm.be\/\">Vielsalm<\/a>, les biblioth\u00e8ques <a href=\"http:\/\/wamabi.be\/horschamp\/\">Hors Champ<\/a> de <a href=\"http:\/\/wamabi.be\/site\/\">Waimes<\/a>, <a href=\"http:\/\/www.vielsalm.be\/article.php?id_article=370\">Vielsalm<\/a> et <a href=\"http:\/\/wamabi.be\/site\/\">Malmedy<\/a>, l\u2019<a href=\"http:\/\/www.malmedy.be\/fr\/Citoyens\/Apprendre\/academie-de-musique.html\">Acad\u00e9mie de Musique de Malmedy<\/a>, Vie Action La\u00efque, l\u2019AMO <a href=\"http:\/\/www.aidealajeunesse.cfwb.be\/\">Etincelle<\/a>, l\u2019AMO <a href=\"http:\/\/www.malmedy.be\/fr\/Citoyens\/Enfance-Jeunesse\/Aides-aux-familles\/amo----cap-sud.html\">Cap Sud<\/a>, <a href=\"http:\/\/www.malmedy.be\/fr\/Citoyens\/Enfance-Jeunesse\/Activites-jeunes\/\">la Maison de Jeunes de Malmedy<\/a>, <a href=\"http:\/\/www.waimes.be\/navigation\/default.cfm?nav=10&amp;cat=7\">le Centre culturel 4950<\/a>, l\u2019asbl CRHEHA, l\u2019asbl <a href=\"http:\/\/www.besace.org\/\">La Besace<\/a>,  l\u2019asbl <a href=\"http:\/\/imaginaction.ouvaton.org\/index.html\">Imagin\u2019 action<\/a>, <a href=\"http:\/\/malmedia-epn.be\/info\/\">l\u2019Espace public num\u00e9rique M@lmedia <\/a> vous invitent \u00e0 d\u00e9couvrir&#8230;<\/p>\n<p><strong>Aux livres citoyens ! Passages de m\u00e9moires pour un avenir meilleur&#8230; : Waimes, Vielsalm et malmedy : Expositions, ateliers, th\u00e9\u00e2tre, cin\u00e9ma, rencontres d&rsquo;auteurs, voyage, musique..<\/strong>..<\/p>\n<p>Trois expositions auront lieu dans les trois communes \u00e0 partir du 1er octobre (ouverture le 1er \u00e0 18h30 \u00e0 la biblioth\u00e8que de Malmedy)  :<\/p>\n<p>* \u00a0\u00bb Triangle rouge \u00a0\u00bb : quatre espaces th\u00e9matiques qui soulignent l&rsquo;action de tous les r\u00e9sistants \u00e0 toutes les formes de tentatives liberticides ;<br \/>\n* \u00a0\u00bb Traces \u00a0\u00bb : panorama de l&rsquo;\u00e9tat des lieux de m\u00e9moire de la barbarie nazie ;<br \/>\n* \u00a0\u00bb Quand les jeunes fixent leurs regards, arr\u00eats sur images entre traces et \u00e9motions \u00a0\u00bb de l&rsquo;AMO Cap Sud. : t\u00e9moignage photographique r\u00e9alis\u00e9 par des adolescents suite \u00e0 un voyage dans les camps.<\/p>\n<p>Des visites guid\u00e9es et animations pour les classes sont organis\u00e9es gratuitement sur rendez-vous et permettront \u00e0 chacun de prendre part au d\u00e9bat, \u00e0 la r\u00e9flexion, \u00e0 l&rsquo;\u00e9change.<\/p>\n<p>D&rsquo;autres temps forts et actions marqueront ce projet tout au long de l&rsquo;ann\u00e9e scolaire jusqu&rsquo;\u00e0 la f\u00eate de cl\u00f4ture en avril 2011 qui valorisera la production de l&rsquo;ensemble des participants et partenaires.<\/p>\n<p>Le <a href=\"http:\/\/wamabi.be\/horschamp\/?page_id=427\">calendrier<\/a> et <a href=\"http:\/\/picasaweb.google.com\/home\">les galeries photos <\/a>des expositions, des ateliers et animations sur les territoires de Waimes, Vielsalm et Malmedy est disponible <a href=\"http:\/\/wamabi.be\/horschamp\/?page_id=427\">ici<\/a>.<\/p>\n<p>A noter: la M\u00e9diath\u00e8que de la Communaut\u00e9 fran\u00e7aise (Discobus) s&rsquo;associe au projet en mettant en disposition une s\u00e9rie de documents,  dont une <a href=\"http:\/\/www.lamediatheque.be\/loc\/p44\/sel\/Si_cest_un_homme_mediagraphie.php.\">m\u00e9diagraphie r\u00e9alis\u00e9e autour de Primo Levi<\/a>.<\/p>\n","protected":false},"excerpt":{"rendered":"<p>La Province de Li\u00e8ge, La M\u00e9diat\u00e8que de la Communaut\u00e9 fran\u00e7aise, les Territoires de la M\u00e9moire, le Centre d\u2019Action La\u00efque de la Province de Li\u00e8ge, la Ville de Malmedy, les communes de Waimes et Vielsalm, les biblioth\u00e8ques Hors Champ de Waimes, Vielsalm et Malmedy, l\u2019Acad\u00e9mie de Musique de Malmedy, Vie Action La\u00efque, l\u2019AMO Etincelle, l\u2019AMO Cap &hellip; <a href=\"https:\/\/wamabi.be\/horschamp\/?p=437\" class=\"more-link\">Continuer la lecture de <span class=\"screen-reader-text\">Passages de m\u00e9moires pour un avenir meilleur&#8230;<\/span><\/a><\/p>\n","protected":false},"author":2,"featured_media":0,"comment_status":"open","ping_status":"open","sticky":false,"template":"","format":"standard","meta":{"_seopress_robots_primary_cat":"","_seopress_titles_title":"","_seopress_titles_desc":"","_seopress_robots_index":"","_monsterinsights_skip_tracking":false,"_monsterinsights_sitenote_active":false,"_monsterinsights_sitenote_note":"","_monsterinsights_sitenote_category":0,"footnotes":""},"categories":[3],"tags":[],"class_list":["post-437","post","type-post","status-publish","format-standard","hentry","category-divers"],"_links":{"self":[{"href":"https:\/\/wamabi.be\/horschamp\/index.php?rest_route=\/wp\/v2\/posts\/437","targetHints":{"allow":["GET"]}}],"collection":[{"href":"https:\/\/wamabi.be\/horschamp\/index.php?rest_route=\/wp\/v2\/posts"}],"about":[{"href":"https:\/\/wamabi.be\/horschamp\/index.php?rest_route=\/wp\/v2\/types\/post"}],"author":[{"embeddable":true,"href":"https:\/\/wamabi.be\/horschamp\/index.php?rest_route=\/wp\/v2\/users\/2"}],"replies":[{"embeddable":true,"href":"https:\/\/wamabi.be\/horschamp\/index.php?rest_route=%2Fwp%2Fv2%2Fcomments&post=437"}],"version-history":[{"count":3,"href":"https:\/\/wamabi.be\/horschamp\/index.php?rest_route=\/wp\/v2\/posts\/437\/revisions"}],"predecessor-version":[{"id":823,"href":"https:\/\/wamabi.be\/horschamp\/index.php?rest_route=\/wp\/v2\/posts\/437\/revisions\/823"}],"wp:attachment":[{"href":"https:\/\/wamabi.be\/horschamp\/index.php?rest_route=%2Fwp%2Fv2%2Fmedia&parent=437"}],"wp:term":[{"taxonomy":"category","embeddable":true,"href":"https:\/\/wamabi.be\/horschamp\/index.php?rest_route=%2Fwp%2Fv2%2Fcategories&post=437"},{"taxonomy":"post_tag","embeddable":true,"href":"https:\/\/wamabi.be\/horschamp\/index.php?rest_route=%2Fwp%2Fv2%2Ftags&post=437"}],"curies":[{"name":"wp","href":"https:\/\/api.w.org\/{rel}","templated":true}]}}